{"id":853,"date":"2020-11-10T12:17:54","date_gmt":"2020-11-10T14:17:54","guid":{"rendered":"https:\/\/altipisos.com.br\/?p=853"},"modified":"2020-11-10T12:17:54","modified_gmt":"2020-11-10T14:17:54","slug":"quadra-na-praca-o-que-nao-pode-faltar","status":"publish","type":"post","link":"https:\/\/canequin.com.br\/sites\/altipisos\/quadra-na-praca-o-que-nao-pode-faltar\/","title":{"rendered":"Quadra na pra\u00e7a: o que n\u00e3o pode faltar em uma?"},"content":{"rendered":"<p><span style=\"font-weight: 400;\">Quadras s\u00e3o espa\u00e7os que podem estar presentes em locais muito diversos. Entre clubes e <\/span><a href=\"https:\/\/canequin.com.br\/sites\/altipisos\/4-vantagens-de-ter-uma-quadra-na-escola\/\" target=\"_blank\" rel=\"noopener noreferrer\"><span style=\"font-weight: 400;\">escolas<\/span><\/a><span style=\"font-weight: 400;\">, um outro tipo de ambiente que costuma receber as quadras s\u00e3o as pra\u00e7as p\u00fablicas de cidades. Considerando que pra\u00e7as s\u00e3o lugares criados para reunir a popula\u00e7\u00e3o e trazer entretenimento, ter uma quadra na pra\u00e7a \u00e9 algo que faz completo sentido.<\/span><\/p>\n<p><span style=\"font-weight: 400;\">Mas, al\u00e9m dos equipamentos b\u00e1sicos que devem estar presentes em qualquer quadra, voc\u00ea sabe o que n\u00e3o pode faltar em uma quadra na pra\u00e7a? Neste texto, a Altipisos fala a respeito deste assunto. Al\u00e9m de refor\u00e7armos por que \u00e9 importante ter uma quadra na pra\u00e7a, iremos tamb\u00e9m mostrar itens adicionais que precisam estar nesses espa\u00e7os.<\/span><\/p>\n<p><span style=\"font-weight: 400;\">Continue a leitura e confira!<\/span><\/p>\n<h2><b>Por que \u00e9 t\u00e3o importante ter uma quadra na pra\u00e7a?<\/b><\/h2>\n<p><span style=\"font-weight: 400;\">Como citamos na introdu\u00e7\u00e3o, pra\u00e7as s\u00e3o um peda\u00e7o da cidade que tem o objetivo de reunir pessoas, promovendo a integra\u00e7\u00e3o e incentivando a popula\u00e7\u00e3o a aproveitar o que \u00e9 dela. A cultura de se reunir na pra\u00e7a da cidade, mesmo que tenha perdido certo espa\u00e7o nos \u00faltimos anos, ainda \u00e9 muito presente em alguns munic\u00edpios.<\/span><\/p>\n<p><span style=\"font-weight: 400;\">Levando essa cultura em considera\u00e7\u00e3o, a quadra na pra\u00e7a \u00e9 algo que contribui muito. Para as crian\u00e7as, \u00e9 a oportunidade de aprender brincando, ao mesmo tempo em que se exercita o corpo. Para os jovens, \u00e9 o incentivo ao esporte, somado \u00e0 oportunidade de praticar uma <\/span><a href=\"https:\/\/canequin.com.br\/sites\/altipisos\/4-atividades-diferentes-para-quadras\/\" target=\"_blank\" rel=\"noopener noreferrer\"><span style=\"font-weight: 400;\">atividade diferente<\/span><\/a><span style=\"font-weight: 400;\"> com os amigos.<\/span><\/p>\n<h2><b>O que n\u00e3o pode faltar em uma quadra na pra\u00e7a?<\/b><\/h2>\n<p><span style=\"font-weight: 400;\">Tendo conhecimento da import\u00e2ncia de uma quadra na pra\u00e7a, seguimos para os atributos que n\u00e3o podem faltar em uma. Acompanhe:<\/span><\/p>\n<h3><b>Todos os tipos de seguran\u00e7a<\/b><\/h3>\n<p><span style=\"font-weight: 400;\">Por estarmos tratando de um espa\u00e7o p\u00fablico, a seguran\u00e7a da popula\u00e7\u00e3o deve ser uma das prioridades dos respons\u00e1veis. Portanto, tudo que envolva a prote\u00e7\u00e3o de quem for utilizar a quadra \u00e9 algo que n\u00e3o pode faltar em uma quadra na pra\u00e7a.<\/span><\/p>\n<p><span style=\"font-weight: 400;\">Exemplos que podemos citar aqui s\u00e3o o uso de materiais de qualidade para a constru\u00e7\u00e3o \u2014 incluindo um piso modular como revestimento \u2014 e uma rotina de manuten\u00e7\u00f5es que impe\u00e7a o aparecimento de problemas nos equipamentos.<\/span><\/p>\n<h3><b>Acessibilidade<\/b><\/h3>\n<p><span style=\"font-weight: 400;\">A <\/span><a href=\"https:\/\/canequin.com.br\/sites\/altipisos\/como-tornar-os-parquinhos-acessiveis\/\" target=\"_blank\" rel=\"noopener noreferrer\"><span style=\"font-weight: 400;\">inclus\u00e3o<\/span><\/a><span style=\"font-weight: 400;\"> \u00e9 um aspecto important\u00edssimo de espa\u00e7os p\u00fablicos. Com a quadra na pra\u00e7a, isso deve continuar sendo uma diretriz importante. Afinal, com poucas adapta\u00e7\u00f5es, pessoas com defici\u00eancia tamb\u00e9m podem praticar diversos esportes.<\/span><\/p>\n<p><span style=\"font-weight: 400;\">Portanto, essas quadras devem ser o mais acess\u00edveis poss\u00edvel. Recomenda-se a instala\u00e7\u00e3o de rampas, barras e quaisquer outros componentes que facilitem o acesso de todos. Tendo essa solu\u00e7\u00e3o simples, todos podem aproveitar um espa\u00e7o que naturalmente j\u00e1 deveria ser de todos.<\/span><\/p>\n<h3><b>Placas de sinaliza\u00e7\u00e3o<\/b><\/h3>\n<p><span style=\"font-weight: 400;\">Dependendo da espa\u00e7o e do munic\u00edpio, \u00e9 poss\u00edvel que a quadra na pra\u00e7a tenha restri\u00e7\u00f5es espec\u00edficas. Crian\u00e7as com menos de 6 anos s\u00f3 podem entrar se estiverem acompanhadas por um adulto? O local s\u00f3 pode ser utilizado at\u00e9 as 22h?<\/span><\/p>\n<p><span style=\"font-weight: 400;\">Se as situa\u00e7\u00f5es descritas, ou outras, forem o caso, as pessoas devem saber disso. Ou seja, \u00e9 fundamental que a quadra na pra\u00e7a tenha suas placas de sinaliza\u00e7\u00e3o. Assim, \u201cregras\u201d e outros detalhes importantes ser\u00e3o de conhecimento geral.<\/span><\/p>\n<p><span style=\"font-weight: 400;\">E voc\u00ea, gostou de saber mais informa\u00e7\u00f5es sobre quadras em pra\u00e7as? A Altipisos est\u00e1 neste mercado h\u00e1 mais de 20 anos, entregando solu\u00e7\u00f5es completas em engenharia esportiva com foco em resultados. Entre em <\/span><a href=\"https:\/\/canequin.com.br\/sites\/altipisos\/contato\/\" target=\"_blank\" rel=\"noopener noreferrer\"><span style=\"font-weight: 400;\">contato<\/span><\/a><span style=\"font-weight: 400;\"> conosco e avalie os projetos que podemos fazer para voc\u00ea!<\/span><\/p>\n<p><span style=\"font-weight: 400;\">Caso tenha gostado do texto, n\u00e3o deixe de nos acompanhar no <\/span><a href=\"https:\/\/www.facebook.com\/altipisos\" target=\"_blank\" rel=\"noopener noreferrer\"><span style=\"font-weight: 400;\">Facebook<\/span><\/a><span style=\"font-weight: 400;\"> e no <\/span><a href=\"https:\/\/www.instagram.com\/altipisos\/\" target=\"_blank\" rel=\"noopener noreferrer\"><span style=\"font-weight: 400;\">Instagram<\/span><\/a><span style=\"font-weight: 400;\">!<\/span><\/p>\n","protected":false},"excerpt":{"rendered":"<p>Quadras s\u00e3o espa\u00e7os que podem estar presentes em locais muito diversos. Entre clubes e escolas, um outro tipo de ambiente que costuma receber as quadras s\u00e3o as pra\u00e7as p\u00fablicas de cidades. Considerando que pra\u00e7as s\u00e3o lugares criados para reunir a popula\u00e7\u00e3o e trazer entretenimento, ter uma quadra na pra\u00e7a \u00e9 algo que faz completo sentido. [&hellip;]<\/p>\n","protected":false},"author":3,"featured_media":856,"comment_status":"open","ping_status":"open","sticky":false,"template":"","format":"standard","meta":{"footnotes":""},"categories":[7,11],"tags":[92,93,94,95],"class_list":["post-853","post","type-post","status-publish","format-standard","has-post-thumbnail","hentry","category-todos","category-quadras-esportivas","tag-praca-publica","tag-quadra-com-acessibilidade","tag-quadra-na-praca","tag-quadra-publica"],"yoast_head":"<!-- This site is optimized with the Yoast SEO plugin v27.5 - https:\/\/yoast.com\/product\/yoast-seo-wordpress\/ -->\n<title>Quadra na pra\u00e7a: o que n\u00e3o pode faltar em uma? - Altipisos<\/title>\n<meta name=\"robots\" content=\"index, follow, max-snippet:-1, max-image-preview:large, max-video-preview:-1\" \/>\n<link rel=\"canonical\" href=\"https:\/\/canequin.com.br\/sites\/altipisos\/quadra-na-praca-o-que-nao-pode-faltar\/\" \/>\n<meta property=\"og:locale\" content=\"pt_BR\" \/>\n<meta property=\"og:type\" content=\"article\" \/>\n<meta property=\"og:title\" content=\"Quadra na pra\u00e7a: o que n\u00e3o pode faltar em uma? - Altipisos\" \/>\n<meta property=\"og:description\" content=\"Quadras s\u00e3o espa\u00e7os que podem estar presentes em locais muito diversos. Entre clubes e escolas, um outro tipo de ambiente que costuma receber as quadras s\u00e3o as pra\u00e7as p\u00fablicas de cidades. Considerando que pra\u00e7as s\u00e3o lugares criados para reunir a popula\u00e7\u00e3o e trazer entretenimento, ter uma quadra na pra\u00e7a \u00e9 algo que faz completo sentido. [&hellip;]\" \/>\n<meta property=\"og:url\" content=\"https:\/\/canequin.com.br\/sites\/altipisos\/quadra-na-praca-o-que-nao-pode-faltar\/\" \/>\n<meta property=\"og:site_name\" content=\"Altipisos\" \/>\n<meta property=\"article:published_time\" content=\"2020-11-10T14:17:54+00:00\" \/>\n<meta property=\"og:image\" content=\"https:\/\/canequin.com.br\/sites\/altipisos\/wp-content\/uploads\/2020\/11\/quadra-na-praca-1.jpg\" \/>\n\t<meta property=\"og:image:width\" content=\"2400\" \/>\n\t<meta property=\"og:image:height\" content=\"1600\" \/>\n\t<meta property=\"og:image:type\" content=\"image\/jpeg\" \/>\n<meta name=\"author\" content=\"Altipisos\" \/>\n<meta name=\"twitter:card\" content=\"summary_large_image\" \/>\n<meta name=\"twitter:label1\" content=\"Escrito por\" \/>\n\t<meta name=\"twitter:data1\" content=\"Altipisos\" \/>\n\t<meta name=\"twitter:label2\" content=\"Est. tempo de leitura\" \/>\n\t<meta name=\"twitter:data2\" content=\"3 minutos\" \/>\n<script type=\"application\/ld+json\" class=\"yoast-schema-graph\">{\"@context\":\"https:\\\/\\\/schema.org\",\"@graph\":[{\"@type\":\"Article\",\"@id\":\"https:\\\/\\\/canequin.com.br\\\/sites\\\/altipisos\\\/quadra-na-praca-o-que-nao-pode-faltar\\\/#article\",\"isPartOf\":{\"@id\":\"https:\\\/\\\/canequin.com.br\\\/sites\\\/altipisos\\\/quadra-na-praca-o-que-nao-pode-faltar\\\/\"},\"author\":{\"name\":\"Altipisos\",\"@id\":\"https:\\\/\\\/canequin.com.br\\\/sites\\\/altipisos\\\/#\\\/schema\\\/person\\\/53e4967078c19153e5c78f0833af3d11\"},\"headline\":\"Quadra na pra\u00e7a: o que n\u00e3o pode faltar em uma?\",\"datePublished\":\"2020-11-10T14:17:54+00:00\",\"mainEntityOfPage\":{\"@id\":\"https:\\\/\\\/canequin.com.br\\\/sites\\\/altipisos\\\/quadra-na-praca-o-que-nao-pode-faltar\\\/\"},\"wordCount\":632,\"commentCount\":0,\"image\":{\"@id\":\"https:\\\/\\\/canequin.com.br\\\/sites\\\/altipisos\\\/quadra-na-praca-o-que-nao-pode-faltar\\\/#primaryimage\"},\"thumbnailUrl\":\"https:\\\/\\\/canequin.com.br\\\/sites\\\/altipisos\\\/wp-content\\\/uploads\\\/2020\\\/11\\\/quadra-na-praca-1.jpg\",\"keywords\":[\"pra\u00e7a p\u00fablica\",\"quadra com acessibilidade\",\"quadra na pra\u00e7a\",\"quadra p\u00fablica\"],\"articleSection\":[\"Blog\",\"Quadras Esportivas\"],\"inLanguage\":\"pt-BR\",\"potentialAction\":[{\"@type\":\"CommentAction\",\"name\":\"Comment\",\"target\":[\"https:\\\/\\\/canequin.com.br\\\/sites\\\/altipisos\\\/quadra-na-praca-o-que-nao-pode-faltar\\\/#respond\"]}]},{\"@type\":\"WebPage\",\"@id\":\"https:\\\/\\\/canequin.com.br\\\/sites\\\/altipisos\\\/quadra-na-praca-o-que-nao-pode-faltar\\\/\",\"url\":\"https:\\\/\\\/canequin.com.br\\\/sites\\\/altipisos\\\/quadra-na-praca-o-que-nao-pode-faltar\\\/\",\"name\":\"Quadra na pra\u00e7a: o que n\u00e3o pode faltar em uma? - Altipisos\",\"isPartOf\":{\"@id\":\"https:\\\/\\\/canequin.com.br\\\/sites\\\/altipisos\\\/#website\"},\"primaryImageOfPage\":{\"@id\":\"https:\\\/\\\/canequin.com.br\\\/sites\\\/altipisos\\\/quadra-na-praca-o-que-nao-pode-faltar\\\/#primaryimage\"},\"image\":{\"@id\":\"https:\\\/\\\/canequin.com.br\\\/sites\\\/altipisos\\\/quadra-na-praca-o-que-nao-pode-faltar\\\/#primaryimage\"},\"thumbnailUrl\":\"https:\\\/\\\/canequin.com.br\\\/sites\\\/altipisos\\\/wp-content\\\/uploads\\\/2020\\\/11\\\/quadra-na-praca-1.jpg\",\"datePublished\":\"2020-11-10T14:17:54+00:00\",\"author\":{\"@id\":\"https:\\\/\\\/canequin.com.br\\\/sites\\\/altipisos\\\/#\\\/schema\\\/person\\\/53e4967078c19153e5c78f0833af3d11\"},\"breadcrumb\":{\"@id\":\"https:\\\/\\\/canequin.com.br\\\/sites\\\/altipisos\\\/quadra-na-praca-o-que-nao-pode-faltar\\\/#breadcrumb\"},\"inLanguage\":\"pt-BR\",\"potentialAction\":[{\"@type\":\"ReadAction\",\"target\":[\"https:\\\/\\\/canequin.com.br\\\/sites\\\/altipisos\\\/quadra-na-praca-o-que-nao-pode-faltar\\\/\"]}]},{\"@type\":\"ImageObject\",\"inLanguage\":\"pt-BR\",\"@id\":\"https:\\\/\\\/canequin.com.br\\\/sites\\\/altipisos\\\/quadra-na-praca-o-que-nao-pode-faltar\\\/#primaryimage\",\"url\":\"https:\\\/\\\/canequin.com.br\\\/sites\\\/altipisos\\\/wp-content\\\/uploads\\\/2020\\\/11\\\/quadra-na-praca-1.jpg\",\"contentUrl\":\"https:\\\/\\\/canequin.com.br\\\/sites\\\/altipisos\\\/wp-content\\\/uploads\\\/2020\\\/11\\\/quadra-na-praca-1.jpg\",\"width\":2400,\"height\":1600,\"caption\":\"quadra na pra\u00e7a\"},{\"@type\":\"BreadcrumbList\",\"@id\":\"https:\\\/\\\/canequin.com.br\\\/sites\\\/altipisos\\\/quadra-na-praca-o-que-nao-pode-faltar\\\/#breadcrumb\",\"itemListElement\":[{\"@type\":\"ListItem\",\"position\":1,\"name\":\"In\u00edcio\",\"item\":\"https:\\\/\\\/canequin.com.br\\\/sites\\\/altipisos\\\/\"},{\"@type\":\"ListItem\",\"position\":2,\"name\":\"Quadra na pra\u00e7a: o que n\u00e3o pode faltar em uma?\"}]},{\"@type\":\"WebSite\",\"@id\":\"https:\\\/\\\/canequin.com.br\\\/sites\\\/altipisos\\\/#website\",\"url\":\"https:\\\/\\\/canequin.com.br\\\/sites\\\/altipisos\\\/\",\"name\":\"Altipisos\",\"description\":\"\",\"potentialAction\":[{\"@type\":\"SearchAction\",\"target\":{\"@type\":\"EntryPoint\",\"urlTemplate\":\"https:\\\/\\\/canequin.com.br\\\/sites\\\/altipisos\\\/?s={search_term_string}\"},\"query-input\":{\"@type\":\"PropertyValueSpecification\",\"valueRequired\":true,\"valueName\":\"search_term_string\"}}],\"inLanguage\":\"pt-BR\"},{\"@type\":\"Person\",\"@id\":\"https:\\\/\\\/canequin.com.br\\\/sites\\\/altipisos\\\/#\\\/schema\\\/person\\\/53e4967078c19153e5c78f0833af3d11\",\"name\":\"Altipisos\",\"url\":\"https:\\\/\\\/canequin.com.br\\\/sites\\\/altipisos\\\/author\\\/altipisos\\\/\"}]}<\/script>\n<!-- \/ Yoast SEO plugin. -->","yoast_head_json":{"title":"Quadra na pra\u00e7a: o que n\u00e3o pode faltar em uma? - Altipisos","robots":{"index":"index","follow":"follow","max-snippet":"max-snippet:-1","max-image-preview":"max-image-preview:large","max-video-preview":"max-video-preview:-1"},"canonical":"https:\/\/canequin.com.br\/sites\/altipisos\/quadra-na-praca-o-que-nao-pode-faltar\/","og_locale":"pt_BR","og_type":"article","og_title":"Quadra na pra\u00e7a: o que n\u00e3o pode faltar em uma? - Altipisos","og_description":"Quadras s\u00e3o espa\u00e7os que podem estar presentes em locais muito diversos. Entre clubes e escolas, um outro tipo de ambiente que costuma receber as quadras s\u00e3o as pra\u00e7as p\u00fablicas de cidades. Considerando que pra\u00e7as s\u00e3o lugares criados para reunir a popula\u00e7\u00e3o e trazer entretenimento, ter uma quadra na pra\u00e7a \u00e9 algo que faz completo sentido. [&hellip;]","og_url":"https:\/\/canequin.com.br\/sites\/altipisos\/quadra-na-praca-o-que-nao-pode-faltar\/","og_site_name":"Altipisos","article_published_time":"2020-11-10T14:17:54+00:00","og_image":[{"width":2400,"height":1600,"url":"https:\/\/canequin.com.br\/sites\/altipisos\/wp-content\/uploads\/2020\/11\/quadra-na-praca-1.jpg","type":"image\/jpeg"}],"author":"Altipisos","twitter_card":"summary_large_image","twitter_misc":{"Escrito por":"Altipisos","Est. tempo de leitura":"3 minutos"},"schema":{"@context":"https:\/\/schema.org","@graph":[{"@type":"Article","@id":"https:\/\/canequin.com.br\/sites\/altipisos\/quadra-na-praca-o-que-nao-pode-faltar\/#article","isPartOf":{"@id":"https:\/\/canequin.com.br\/sites\/altipisos\/quadra-na-praca-o-que-nao-pode-faltar\/"},"author":{"name":"Altipisos","@id":"https:\/\/canequin.com.br\/sites\/altipisos\/#\/schema\/person\/53e4967078c19153e5c78f0833af3d11"},"headline":"Quadra na pra\u00e7a: o que n\u00e3o pode faltar em uma?","datePublished":"2020-11-10T14:17:54+00:00","mainEntityOfPage":{"@id":"https:\/\/canequin.com.br\/sites\/altipisos\/quadra-na-praca-o-que-nao-pode-faltar\/"},"wordCount":632,"commentCount":0,"image":{"@id":"https:\/\/canequin.com.br\/sites\/altipisos\/quadra-na-praca-o-que-nao-pode-faltar\/#primaryimage"},"thumbnailUrl":"https:\/\/canequin.com.br\/sites\/altipisos\/wp-content\/uploads\/2020\/11\/quadra-na-praca-1.jpg","keywords":["pra\u00e7a p\u00fablica","quadra com acessibilidade","quadra na pra\u00e7a","quadra p\u00fablica"],"articleSection":["Blog","Quadras Esportivas"],"inLanguage":"pt-BR","potentialAction":[{"@type":"CommentAction","name":"Comment","target":["https:\/\/canequin.com.br\/sites\/altipisos\/quadra-na-praca-o-que-nao-pode-faltar\/#respond"]}]},{"@type":"WebPage","@id":"https:\/\/canequin.com.br\/sites\/altipisos\/quadra-na-praca-o-que-nao-pode-faltar\/","url":"https:\/\/canequin.com.br\/sites\/altipisos\/quadra-na-praca-o-que-nao-pode-faltar\/","name":"Quadra na pra\u00e7a: o que n\u00e3o pode faltar em uma? - Altipisos","isPartOf":{"@id":"https:\/\/canequin.com.br\/sites\/altipisos\/#website"},"primaryImageOfPage":{"@id":"https:\/\/canequin.com.br\/sites\/altipisos\/quadra-na-praca-o-que-nao-pode-faltar\/#primaryimage"},"image":{"@id":"https:\/\/canequin.com.br\/sites\/altipisos\/quadra-na-praca-o-que-nao-pode-faltar\/#primaryimage"},"thumbnailUrl":"https:\/\/canequin.com.br\/sites\/altipisos\/wp-content\/uploads\/2020\/11\/quadra-na-praca-1.jpg","datePublished":"2020-11-10T14:17:54+00:00","author":{"@id":"https:\/\/canequin.com.br\/sites\/altipisos\/#\/schema\/person\/53e4967078c19153e5c78f0833af3d11"},"breadcrumb":{"@id":"https:\/\/canequin.com.br\/sites\/altipisos\/quadra-na-praca-o-que-nao-pode-faltar\/#breadcrumb"},"inLanguage":"pt-BR","potentialAction":[{"@type":"ReadAction","target":["https:\/\/canequin.com.br\/sites\/altipisos\/quadra-na-praca-o-que-nao-pode-faltar\/"]}]},{"@type":"ImageObject","inLanguage":"pt-BR","@id":"https:\/\/canequin.com.br\/sites\/altipisos\/quadra-na-praca-o-que-nao-pode-faltar\/#primaryimage","url":"https:\/\/canequin.com.br\/sites\/altipisos\/wp-content\/uploads\/2020\/11\/quadra-na-praca-1.jpg","contentUrl":"https:\/\/canequin.com.br\/sites\/altipisos\/wp-content\/uploads\/2020\/11\/quadra-na-praca-1.jpg","width":2400,"height":1600,"caption":"quadra na pra\u00e7a"},{"@type":"BreadcrumbList","@id":"https:\/\/canequin.com.br\/sites\/altipisos\/quadra-na-praca-o-que-nao-pode-faltar\/#breadcrumb","itemListElement":[{"@type":"ListItem","position":1,"name":"In\u00edcio","item":"https:\/\/canequin.com.br\/sites\/altipisos\/"},{"@type":"ListItem","position":2,"name":"Quadra na pra\u00e7a: o que n\u00e3o pode faltar em uma?"}]},{"@type":"WebSite","@id":"https:\/\/canequin.com.br\/sites\/altipisos\/#website","url":"https:\/\/canequin.com.br\/sites\/altipisos\/","name":"Altipisos","description":"","potentialAction":[{"@type":"SearchAction","target":{"@type":"EntryPoint","urlTemplate":"https:\/\/canequin.com.br\/sites\/altipisos\/?s={search_term_string}"},"query-input":{"@type":"PropertyValueSpecification","valueRequired":true,"valueName":"search_term_string"}}],"inLanguage":"pt-BR"},{"@type":"Person","@id":"https:\/\/canequin.com.br\/sites\/altipisos\/#\/schema\/person\/53e4967078c19153e5c78f0833af3d11","name":"Altipisos","url":"https:\/\/canequin.com.br\/sites\/altipisos\/author\/altipisos\/"}]}},"lang":"pt","translations":{"pt":853},"pll_sync_post":[],"_links":{"self":[{"href":"https:\/\/canequin.com.br\/sites\/altipisos\/wp-json\/wp\/v2\/posts\/853","targetHints":{"allow":["GET"]}}],"collection":[{"href":"https:\/\/canequin.com.br\/sites\/altipisos\/wp-json\/wp\/v2\/posts"}],"about":[{"href":"https:\/\/canequin.com.br\/sites\/altipisos\/wp-json\/wp\/v2\/types\/post"}],"author":[{"embeddable":true,"href":"https:\/\/canequin.com.br\/sites\/altipisos\/wp-json\/wp\/v2\/users\/3"}],"replies":[{"embeddable":true,"href":"https:\/\/canequin.com.br\/sites\/altipisos\/wp-json\/wp\/v2\/comments?post=853"}],"version-history":[{"count":0,"href":"https:\/\/canequin.com.br\/sites\/altipisos\/wp-json\/wp\/v2\/posts\/853\/revisions"}],"wp:featuredmedia":[{"embeddable":true,"href":"https:\/\/canequin.com.br\/sites\/altipisos\/wp-json\/wp\/v2\/media\/856"}],"wp:attachment":[{"href":"https:\/\/canequin.com.br\/sites\/altipisos\/wp-json\/wp\/v2\/media?parent=853"}],"wp:term":[{"taxonomy":"category","embeddable":true,"href":"https:\/\/canequin.com.br\/sites\/altipisos\/wp-json\/wp\/v2\/categories?post=853"},{"taxonomy":"post_tag","embeddable":true,"href":"https:\/\/canequin.com.br\/sites\/altipisos\/wp-json\/wp\/v2\/tags?post=853"}],"curies":[{"name":"wp","href":"https:\/\/api.w.org\/{rel}","templated":true}]}}