{"id":682,"date":"2020-05-14T15:00:16","date_gmt":"2020-05-14T18:00:16","guid":{"rendered":"https:\/\/altipisos.com.br\/?p=682"},"modified":"2020-05-14T15:00:16","modified_gmt":"2020-05-14T18:00:16","slug":"polipropileno-o-plastico-do-piso-modular","status":"publish","type":"post","link":"https:\/\/canequin.com.br\/sites\/altipisos\/polipropileno-o-plastico-do-piso-modular\/","title":{"rendered":"Polipropileno: o pl\u00e1stico do piso modular"},"content":{"rendered":"\n<p>Se voc\u00ea acompanha o blog da Altipisos, \u00e9 prov\u00e1vel que j\u00e1 tenha se deparado com a palavra \u201cpolipropileno\u201d. Sempre que falamos sobre o piso modular, citar o polipropileno \u00e9 inevit\u00e1vel, visto que ele \u00e9 o material com o qual nosso piso \u00e9 fabricado. Mas voc\u00ea sabia que essa n\u00e3o \u00e9 a \u00fanica utilidade dele? Aqui voc\u00ea pode saber mais sobre!<br><br>Na sequ\u00eancia deste texto, a Altipisos te fala tudo sobre o polipropileno, explicando o que ele \u00e9, mostrando um pouco da qu\u00edmica por tr\u00e1s dele, descrevendo algumas das suas principais caracter\u00edsticas e, por fim, exemplificando as aplica\u00e7\u00f5es mais usuais do material. Caso voc\u00ea queira saber mais sobre este material t\u00e3o presente em nossos cotidianos, continue a leitura abaixo e confira!<br><br><\/p>\n\n\n\n<h2 class=\"wp-block-heading\">O que \u00e9 polipropileno e a qu\u00edmica por tr\u00e1s dele<\/h2>\n\n\n\n<p>Tamb\u00e9m conhecido como polipropeno ou simplesmente PP, o polipropileno \u00e9 uma esp\u00e9cie de pl\u00e1stico, mais especificamente um pol\u00edmero termopl\u00e1stico. Para os que n\u00e3o conhecem o termo, pol\u00edmero, na qu\u00edmica, \u00e9 como chamamos as macromol\u00e9culas que s\u00e3o formadas por unidades estruturais menores. Da mesma forma, termopl\u00e1stico s\u00e3o todos os pl\u00e1sticos que, a altas temperaturas, se tornam viscosos e podem ser moldados em qualquer formato.<\/p>\n\n\n\n<p>Em outras palavras e de forma resumida, o polipropileno \u00e9 um tipo de pl\u00e1stico composto por pequenas estruturas qu\u00edmicas e capaz de ter qualquer que seja a apar\u00eancia e o formato desejados. Quimicamente falando, sua f\u00f3rmula molecular \u00e9 (C3H6)n, ao mesmo tempo em que sua densidade \u00e9 0.85 g\/cm3 quando ele est\u00e1 amorfo e 0.95 g\/cm3 quando cristalino.<\/p>\n\n\n\n<h2 class=\"wp-block-heading\">Principais caracter\u00edsticas do material<\/h2>\n\n\n\n<p>A forma\u00e7\u00e3o do polipropileno faz dele um material extremamente vers\u00e1til, tendo propriedades mec\u00e2nicas, t\u00e9rmicas e qu\u00edmicas. Entre suas principais caracter\u00edsticas mec\u00e2nicas, podemos citar a elevada resist\u00eancia \u00e0 tra\u00e7\u00e3o, alta rigidez e dureza e, por fim, sua resist\u00eancia \u00e0 fadiga mec\u00e2nica \u2014 que nada mais \u00e9 que uma ruptura progressiva das estruturas de materiais.<\/p>\n\n\n\n<p>Quando o assunto s\u00e3o as propriedades t\u00e9rmicas, as principais, e que n\u00e3o devem deixar de ser citadas, s\u00e3o a baixa absor\u00e7\u00e3o de umidade e a boa estabilidade t\u00e9rmica.<\/p>\n\n\n\n<p>Por fim, quanto \u00e0 qu\u00edmica, algo que impressiona \u00e9 o fato de o material ser insol\u00favel em praticamente todos os solventes org\u00e2nicos, o que faz com que os \u00e1cidos n\u00e3o oxidativos e bases possam ser armazenadas em recipientes de polipropileno. Al\u00e9m disso, ele \u00e9 at\u00f3xico e tem f\u00e1cil moldagem e colora\u00e7\u00e3o.<\/p>\n\n\n\n<h2 class=\"wp-block-heading\">Aplica\u00e7\u00f5es do polipropileno<\/h2>\n\n\n\n<p>E n\u00e3o para nesses recipientes\u2026 A aplica\u00e7\u00e3o do polipropileno vai muito al\u00e9m, abrangendo cadeiras pl\u00e1sticas, brinquedos, eletrodom\u00e9sticos, seringas, tampas de refrigerantes e at\u00e9 as famosas tupperwares.<\/p>\n\n\n\n<p>Contudo, para n\u00f3s, a aplica\u00e7\u00e3o mais importante do polipropileno \u00e9 a da fabrica\u00e7\u00e3o do piso modular. Suas caracter\u00edsticas, especialmente a resist\u00eancia mec\u00e2nica e a baixa absor\u00e7\u00e3o de umidade fazem dele o material perfeito para a produ\u00e7\u00e3o dos revestimentos para as quadras esportivas.<\/p>\n\n\n\n<p>Se voc\u00ea quer saber um pouco mais sobre o piso modular e ver como ele \u00e9 a melhor op\u00e7\u00e3o para qualquer que seja sua quadra, n\u00f3s temos diversos outros textos falando sobre ele aqui em nosso site. Acesse o blog e confira!<\/p>\n","protected":false},"excerpt":{"rendered":"<p>Se voc\u00ea acompanha o blog da Altipisos, \u00e9 prov\u00e1vel que j\u00e1 tenha se deparado com a palavra \u201cpolipropileno\u201d. Sempre que falamos sobre o piso modular, citar o polipropileno \u00e9 inevit\u00e1vel, visto que ele \u00e9 o material com o qual nosso piso \u00e9 fabricado. Mas voc\u00ea sabia que essa n\u00e3o \u00e9 a \u00fanica utilidade dele? Aqui [&hellip;]<\/p>\n","protected":false},"author":2,"featured_media":705,"comment_status":"open","ping_status":"open","sticky":false,"template":"","format":"standard","meta":{"footnotes":""},"categories":[7,15],"tags":[],"class_list":["post-682","post","type-post","status-publish","format-standard","has-post-thumbnail","hentry","category-todos","category-piso-modular"],"yoast_head":"<!-- This site is optimized with the Yoast SEO plugin v27.5 - https:\/\/yoast.com\/product\/yoast-seo-wordpress\/ -->\n<title>Polipropileno: o pl\u00e1stico do piso modular - Altipisos<\/title>\n<meta name=\"robots\" content=\"index, follow, max-snippet:-1, max-image-preview:large, max-video-preview:-1\" \/>\n<link rel=\"canonical\" href=\"https:\/\/canequin.com.br\/sites\/altipisos\/polipropileno-o-plastico-do-piso-modular\/\" \/>\n<meta property=\"og:locale\" content=\"pt_BR\" \/>\n<meta property=\"og:type\" content=\"article\" \/>\n<meta property=\"og:title\" content=\"Polipropileno: o pl\u00e1stico do piso modular - Altipisos\" \/>\n<meta property=\"og:description\" content=\"Se voc\u00ea acompanha o blog da Altipisos, \u00e9 prov\u00e1vel que j\u00e1 tenha se deparado com a palavra \u201cpolipropileno\u201d. Sempre que falamos sobre o piso modular, citar o polipropileno \u00e9 inevit\u00e1vel, visto que ele \u00e9 o material com o qual nosso piso \u00e9 fabricado. Mas voc\u00ea sabia que essa n\u00e3o \u00e9 a \u00fanica utilidade dele? Aqui [&hellip;]\" \/>\n<meta property=\"og:url\" content=\"https:\/\/canequin.com.br\/sites\/altipisos\/polipropileno-o-plastico-do-piso-modular\/\" \/>\n<meta property=\"og:site_name\" content=\"Altipisos\" \/>\n<meta property=\"article:published_time\" content=\"2020-05-14T18:00:16+00:00\" \/>\n<meta property=\"og:image\" content=\"https:\/\/canequin.com.br\/sites\/altipisos\/wp-content\/uploads\/2020\/05\/altipisos-plastico-piso-modular.jpeg\" \/>\n\t<meta property=\"og:image:width\" content=\"1170\" \/>\n\t<meta property=\"og:image:height\" content=\"650\" \/>\n\t<meta property=\"og:image:type\" content=\"image\/jpeg\" \/>\n<meta name=\"author\" content=\"Qing Comunica\u00e7\u00e3o\" \/>\n<meta name=\"twitter:card\" content=\"summary_large_image\" \/>\n<meta name=\"twitter:label1\" content=\"Escrito por\" \/>\n\t<meta name=\"twitter:data1\" content=\"Qing Comunica\u00e7\u00e3o\" \/>\n\t<meta name=\"twitter:label2\" content=\"Est. tempo de leitura\" \/>\n\t<meta name=\"twitter:data2\" content=\"3 minutos\" \/>\n<script type=\"application\/ld+json\" class=\"yoast-schema-graph\">{\"@context\":\"https:\\\/\\\/schema.org\",\"@graph\":[{\"@type\":\"Article\",\"@id\":\"https:\\\/\\\/canequin.com.br\\\/sites\\\/altipisos\\\/polipropileno-o-plastico-do-piso-modular\\\/#article\",\"isPartOf\":{\"@id\":\"https:\\\/\\\/canequin.com.br\\\/sites\\\/altipisos\\\/polipropileno-o-plastico-do-piso-modular\\\/\"},\"author\":{\"name\":\"Qing Comunica\u00e7\u00e3o\",\"@id\":\"https:\\\/\\\/canequin.com.br\\\/sites\\\/altipisos\\\/#\\\/schema\\\/person\\\/ca968cb1fdcd643c44cc03511723d248\"},\"headline\":\"Polipropileno: o pl\u00e1stico do piso modular\",\"datePublished\":\"2020-05-14T18:00:16+00:00\",\"mainEntityOfPage\":{\"@id\":\"https:\\\/\\\/canequin.com.br\\\/sites\\\/altipisos\\\/polipropileno-o-plastico-do-piso-modular\\\/\"},\"wordCount\":558,\"commentCount\":0,\"image\":{\"@id\":\"https:\\\/\\\/canequin.com.br\\\/sites\\\/altipisos\\\/polipropileno-o-plastico-do-piso-modular\\\/#primaryimage\"},\"thumbnailUrl\":\"https:\\\/\\\/canequin.com.br\\\/sites\\\/altipisos\\\/wp-content\\\/uploads\\\/2020\\\/05\\\/altipisos-plastico-piso-modular.jpeg\",\"articleSection\":[\"Blog\",\"Piso Modular\"],\"inLanguage\":\"pt-BR\",\"potentialAction\":[{\"@type\":\"CommentAction\",\"name\":\"Comment\",\"target\":[\"https:\\\/\\\/canequin.com.br\\\/sites\\\/altipisos\\\/polipropileno-o-plastico-do-piso-modular\\\/#respond\"]}]},{\"@type\":\"WebPage\",\"@id\":\"https:\\\/\\\/canequin.com.br\\\/sites\\\/altipisos\\\/polipropileno-o-plastico-do-piso-modular\\\/\",\"url\":\"https:\\\/\\\/canequin.com.br\\\/sites\\\/altipisos\\\/polipropileno-o-plastico-do-piso-modular\\\/\",\"name\":\"Polipropileno: o pl\u00e1stico do piso modular - Altipisos\",\"isPartOf\":{\"@id\":\"https:\\\/\\\/canequin.com.br\\\/sites\\\/altipisos\\\/#website\"},\"primaryImageOfPage\":{\"@id\":\"https:\\\/\\\/canequin.com.br\\\/sites\\\/altipisos\\\/polipropileno-o-plastico-do-piso-modular\\\/#primaryimage\"},\"image\":{\"@id\":\"https:\\\/\\\/canequin.com.br\\\/sites\\\/altipisos\\\/polipropileno-o-plastico-do-piso-modular\\\/#primaryimage\"},\"thumbnailUrl\":\"https:\\\/\\\/canequin.com.br\\\/sites\\\/altipisos\\\/wp-content\\\/uploads\\\/2020\\\/05\\\/altipisos-plastico-piso-modular.jpeg\",\"datePublished\":\"2020-05-14T18:00:16+00:00\",\"author\":{\"@id\":\"https:\\\/\\\/canequin.com.br\\\/sites\\\/altipisos\\\/#\\\/schema\\\/person\\\/ca968cb1fdcd643c44cc03511723d248\"},\"breadcrumb\":{\"@id\":\"https:\\\/\\\/canequin.com.br\\\/sites\\\/altipisos\\\/polipropileno-o-plastico-do-piso-modular\\\/#breadcrumb\"},\"inLanguage\":\"pt-BR\",\"potentialAction\":[{\"@type\":\"ReadAction\",\"target\":[\"https:\\\/\\\/canequin.com.br\\\/sites\\\/altipisos\\\/polipropileno-o-plastico-do-piso-modular\\\/\"]}]},{\"@type\":\"ImageObject\",\"inLanguage\":\"pt-BR\",\"@id\":\"https:\\\/\\\/canequin.com.br\\\/sites\\\/altipisos\\\/polipropileno-o-plastico-do-piso-modular\\\/#primaryimage\",\"url\":\"https:\\\/\\\/canequin.com.br\\\/sites\\\/altipisos\\\/wp-content\\\/uploads\\\/2020\\\/05\\\/altipisos-plastico-piso-modular.jpeg\",\"contentUrl\":\"https:\\\/\\\/canequin.com.br\\\/sites\\\/altipisos\\\/wp-content\\\/uploads\\\/2020\\\/05\\\/altipisos-plastico-piso-modular.jpeg\",\"width\":1170,\"height\":650},{\"@type\":\"BreadcrumbList\",\"@id\":\"https:\\\/\\\/canequin.com.br\\\/sites\\\/altipisos\\\/polipropileno-o-plastico-do-piso-modular\\\/#breadcrumb\",\"itemListElement\":[{\"@type\":\"ListItem\",\"position\":1,\"name\":\"In\u00edcio\",\"item\":\"https:\\\/\\\/canequin.com.br\\\/sites\\\/altipisos\\\/\"},{\"@type\":\"ListItem\",\"position\":2,\"name\":\"Polipropileno: o pl\u00e1stico do piso modular\"}]},{\"@type\":\"WebSite\",\"@id\":\"https:\\\/\\\/canequin.com.br\\\/sites\\\/altipisos\\\/#website\",\"url\":\"https:\\\/\\\/canequin.com.br\\\/sites\\\/altipisos\\\/\",\"name\":\"Altipisos\",\"description\":\"\",\"potentialAction\":[{\"@type\":\"SearchAction\",\"target\":{\"@type\":\"EntryPoint\",\"urlTemplate\":\"https:\\\/\\\/canequin.com.br\\\/sites\\\/altipisos\\\/?s={search_term_string}\"},\"query-input\":{\"@type\":\"PropertyValueSpecification\",\"valueRequired\":true,\"valueName\":\"search_term_string\"}}],\"inLanguage\":\"pt-BR\"},{\"@type\":\"Person\",\"@id\":\"https:\\\/\\\/canequin.com.br\\\/sites\\\/altipisos\\\/#\\\/schema\\\/person\\\/ca968cb1fdcd643c44cc03511723d248\",\"name\":\"Qing Comunica\u00e7\u00e3o\",\"sameAs\":[\"http:\\\/\\\/qing.com.br\"],\"url\":\"https:\\\/\\\/canequin.com.br\\\/sites\\\/altipisos\\\/author\\\/qing\\\/\"}]}<\/script>\n<!-- \/ Yoast SEO plugin. -->","yoast_head_json":{"title":"Polipropileno: o pl\u00e1stico do piso modular - Altipisos","robots":{"index":"index","follow":"follow","max-snippet":"max-snippet:-1","max-image-preview":"max-image-preview:large","max-video-preview":"max-video-preview:-1"},"canonical":"https:\/\/canequin.com.br\/sites\/altipisos\/polipropileno-o-plastico-do-piso-modular\/","og_locale":"pt_BR","og_type":"article","og_title":"Polipropileno: o pl\u00e1stico do piso modular - Altipisos","og_description":"Se voc\u00ea acompanha o blog da Altipisos, \u00e9 prov\u00e1vel que j\u00e1 tenha se deparado com a palavra \u201cpolipropileno\u201d. Sempre que falamos sobre o piso modular, citar o polipropileno \u00e9 inevit\u00e1vel, visto que ele \u00e9 o material com o qual nosso piso \u00e9 fabricado. Mas voc\u00ea sabia que essa n\u00e3o \u00e9 a \u00fanica utilidade dele? Aqui [&hellip;]","og_url":"https:\/\/canequin.com.br\/sites\/altipisos\/polipropileno-o-plastico-do-piso-modular\/","og_site_name":"Altipisos","article_published_time":"2020-05-14T18:00:16+00:00","og_image":[{"width":1170,"height":650,"url":"https:\/\/canequin.com.br\/sites\/altipisos\/wp-content\/uploads\/2020\/05\/altipisos-plastico-piso-modular.jpeg","type":"image\/jpeg"}],"author":"Qing Comunica\u00e7\u00e3o","twitter_card":"summary_large_image","twitter_misc":{"Escrito por":"Qing Comunica\u00e7\u00e3o","Est. tempo de leitura":"3 minutos"},"schema":{"@context":"https:\/\/schema.org","@graph":[{"@type":"Article","@id":"https:\/\/canequin.com.br\/sites\/altipisos\/polipropileno-o-plastico-do-piso-modular\/#article","isPartOf":{"@id":"https:\/\/canequin.com.br\/sites\/altipisos\/polipropileno-o-plastico-do-piso-modular\/"},"author":{"name":"Qing Comunica\u00e7\u00e3o","@id":"https:\/\/canequin.com.br\/sites\/altipisos\/#\/schema\/person\/ca968cb1fdcd643c44cc03511723d248"},"headline":"Polipropileno: o pl\u00e1stico do piso modular","datePublished":"2020-05-14T18:00:16+00:00","mainEntityOfPage":{"@id":"https:\/\/canequin.com.br\/sites\/altipisos\/polipropileno-o-plastico-do-piso-modular\/"},"wordCount":558,"commentCount":0,"image":{"@id":"https:\/\/canequin.com.br\/sites\/altipisos\/polipropileno-o-plastico-do-piso-modular\/#primaryimage"},"thumbnailUrl":"https:\/\/canequin.com.br\/sites\/altipisos\/wp-content\/uploads\/2020\/05\/altipisos-plastico-piso-modular.jpeg","articleSection":["Blog","Piso Modular"],"inLanguage":"pt-BR","potentialAction":[{"@type":"CommentAction","name":"Comment","target":["https:\/\/canequin.com.br\/sites\/altipisos\/polipropileno-o-plastico-do-piso-modular\/#respond"]}]},{"@type":"WebPage","@id":"https:\/\/canequin.com.br\/sites\/altipisos\/polipropileno-o-plastico-do-piso-modular\/","url":"https:\/\/canequin.com.br\/sites\/altipisos\/polipropileno-o-plastico-do-piso-modular\/","name":"Polipropileno: o pl\u00e1stico do piso modular - Altipisos","isPartOf":{"@id":"https:\/\/canequin.com.br\/sites\/altipisos\/#website"},"primaryImageOfPage":{"@id":"https:\/\/canequin.com.br\/sites\/altipisos\/polipropileno-o-plastico-do-piso-modular\/#primaryimage"},"image":{"@id":"https:\/\/canequin.com.br\/sites\/altipisos\/polipropileno-o-plastico-do-piso-modular\/#primaryimage"},"thumbnailUrl":"https:\/\/canequin.com.br\/sites\/altipisos\/wp-content\/uploads\/2020\/05\/altipisos-plastico-piso-modular.jpeg","datePublished":"2020-05-14T18:00:16+00:00","author":{"@id":"https:\/\/canequin.com.br\/sites\/altipisos\/#\/schema\/person\/ca968cb1fdcd643c44cc03511723d248"},"breadcrumb":{"@id":"https:\/\/canequin.com.br\/sites\/altipisos\/polipropileno-o-plastico-do-piso-modular\/#breadcrumb"},"inLanguage":"pt-BR","potentialAction":[{"@type":"ReadAction","target":["https:\/\/canequin.com.br\/sites\/altipisos\/polipropileno-o-plastico-do-piso-modular\/"]}]},{"@type":"ImageObject","inLanguage":"pt-BR","@id":"https:\/\/canequin.com.br\/sites\/altipisos\/polipropileno-o-plastico-do-piso-modular\/#primaryimage","url":"https:\/\/canequin.com.br\/sites\/altipisos\/wp-content\/uploads\/2020\/05\/altipisos-plastico-piso-modular.jpeg","contentUrl":"https:\/\/canequin.com.br\/sites\/altipisos\/wp-content\/uploads\/2020\/05\/altipisos-plastico-piso-modular.jpeg","width":1170,"height":650},{"@type":"BreadcrumbList","@id":"https:\/\/canequin.com.br\/sites\/altipisos\/polipropileno-o-plastico-do-piso-modular\/#breadcrumb","itemListElement":[{"@type":"ListItem","position":1,"name":"In\u00edcio","item":"https:\/\/canequin.com.br\/sites\/altipisos\/"},{"@type":"ListItem","position":2,"name":"Polipropileno: o pl\u00e1stico do piso modular"}]},{"@type":"WebSite","@id":"https:\/\/canequin.com.br\/sites\/altipisos\/#website","url":"https:\/\/canequin.com.br\/sites\/altipisos\/","name":"Altipisos","description":"","potentialAction":[{"@type":"SearchAction","target":{"@type":"EntryPoint","urlTemplate":"https:\/\/canequin.com.br\/sites\/altipisos\/?s={search_term_string}"},"query-input":{"@type":"PropertyValueSpecification","valueRequired":true,"valueName":"search_term_string"}}],"inLanguage":"pt-BR"},{"@type":"Person","@id":"https:\/\/canequin.com.br\/sites\/altipisos\/#\/schema\/person\/ca968cb1fdcd643c44cc03511723d248","name":"Qing Comunica\u00e7\u00e3o","sameAs":["http:\/\/qing.com.br"],"url":"https:\/\/canequin.com.br\/sites\/altipisos\/author\/qing\/"}]}},"lang":"pt","translations":{"pt":682},"pll_sync_post":[],"_links":{"self":[{"href":"https:\/\/canequin.com.br\/sites\/altipisos\/wp-json\/wp\/v2\/posts\/682","targetHints":{"allow":["GET"]}}],"collection":[{"href":"https:\/\/canequin.com.br\/sites\/altipisos\/wp-json\/wp\/v2\/posts"}],"about":[{"href":"https:\/\/canequin.com.br\/sites\/altipisos\/wp-json\/wp\/v2\/types\/post"}],"author":[{"embeddable":true,"href":"https:\/\/canequin.com.br\/sites\/altipisos\/wp-json\/wp\/v2\/users\/2"}],"replies":[{"embeddable":true,"href":"https:\/\/canequin.com.br\/sites\/altipisos\/wp-json\/wp\/v2\/comments?post=682"}],"version-history":[{"count":0,"href":"https:\/\/canequin.com.br\/sites\/altipisos\/wp-json\/wp\/v2\/posts\/682\/revisions"}],"wp:featuredmedia":[{"embeddable":true,"href":"https:\/\/canequin.com.br\/sites\/altipisos\/wp-json\/wp\/v2\/media\/705"}],"wp:attachment":[{"href":"https:\/\/canequin.com.br\/sites\/altipisos\/wp-json\/wp\/v2\/media?parent=682"}],"wp:term":[{"taxonomy":"category","embeddable":true,"href":"https:\/\/canequin.com.br\/sites\/altipisos\/wp-json\/wp\/v2\/categories?post=682"},{"taxonomy":"post_tag","embeddable":true,"href":"https:\/\/canequin.com.br\/sites\/altipisos\/wp-json\/wp\/v2\/tags?post=682"}],"curies":[{"name":"wp","href":"https:\/\/api.w.org\/{rel}","templated":true}]}}