{"id":6574,"date":"2025-07-08T08:00:11","date_gmt":"2025-07-08T11:00:11","guid":{"rendered":"https:\/\/altipisos.com.br\/?p=6574"},"modified":"2025-09-12T14:33:03","modified_gmt":"2025-09-12T17:33:03","slug":"transformar-espacios-corporativos-con-suelos-modulares-practicidad-y-diseno","status":"publish","type":"post","link":"https:\/\/canequin.com.br\/sites\/altipisos\/es\/transformar-espacios-corporativos-con-suelos-modulares-practicidad-y-diseno\/","title":{"rendered":"Transformar espacios corporativos con suelos modulares: practicidad y dise\u00f1o"},"content":{"rendered":"<p>Cada vez m\u00e1s empresas y espacios corporativos buscan soluciones que combinen practicidad y dise\u00f1o. Los suelos modulares se han revelado como una opci\u00f3n vers\u00e1til para transformar estos ambientes, ya sea en restaurantes, hospitales u oficinas. Sus ventajas son evidentes: rapidez de instalaci\u00f3n, facilidad de mantenimiento y posibilidad de personalizaci\u00f3n con diferentes colores y acabados.<\/p>\n<ul>\n<li><b>Aplicaci\u00f3n en empresas<\/b>: Los entornos corporativos requieren suelos duraderos, f\u00e1ciles de mantener y que combinen con la identidad visual de la marca. Con los suelos modulares Sport In, por ejemplo, se pueden crear zonas que garanticen el confort y la est\u00e9tica sin renunciar a la funcionalidad.<\/li>\n<li><b>Paredes<\/b>: Los suelos modulares pueden utilizarse no s\u00f3lo en el suelo, sino tambi\u00e9n en la decoraci\u00f3n, d\u00e1ndole un encanto especial en las paredes para decorar habitaciones con cuadros e incluso detalles de revestimiento, como cuartos de ba\u00f1o, etc.<\/li>\n<\/ul>\n<p><img fetchpriority=\"high\" decoding=\"async\" class=\"alignnone wp-image-6230 \" src=\"https:\/\/canequin.com.br\/sites\/altipisos\/wp-content\/uploads\/2025\/06\/pisos-modulares-altipisos1-768x1024.jpg\" alt=\"\" width=\"535\" height=\"714\" srcset=\"https:\/\/canequin.com.br\/sites\/altipisos\/wp-content\/uploads\/2025\/06\/pisos-modulares-altipisos1-768x1024.jpg 768w, https:\/\/canequin.com.br\/sites\/altipisos\/wp-content\/uploads\/2025\/06\/pisos-modulares-altipisos1-225x300.jpg 225w, https:\/\/canequin.com.br\/sites\/altipisos\/wp-content\/uploads\/2025\/06\/pisos-modulares-altipisos1.jpg 972w\" sizes=\"(max-width: 535px) 100vw, 535px\" \/> <img decoding=\"async\" class=\"alignnone wp-image-6233 \" src=\"https:\/\/canequin.com.br\/sites\/altipisos\/wp-content\/uploads\/2025\/06\/pisos-modulares-altipisos2-768x1024.jpg\" alt=\"\" width=\"534\" height=\"712\" srcset=\"https:\/\/canequin.com.br\/sites\/altipisos\/wp-content\/uploads\/2025\/06\/pisos-modulares-altipisos2-768x1024.jpg 768w, https:\/\/canequin.com.br\/sites\/altipisos\/wp-content\/uploads\/2025\/06\/pisos-modulares-altipisos2-225x300.jpg 225w, https:\/\/canequin.com.br\/sites\/altipisos\/wp-content\/uploads\/2025\/06\/pisos-modulares-altipisos2.jpg 972w\" sizes=\"(max-width: 534px) 100vw, 534px\" \/><\/p>\n<ul>\n<li><b>Restaurantes: <\/b>Pensando en ofrecer espacios m\u00e1s completos a sus clientes, los restauradores integran espacios lounge para las comidas y zonas de juegos o espacios infantiles para los ni\u00f1os, y pueden utilizar el pavimento modular para hacer este espacio a\u00fan m\u00e1s colorido, atractivo, seguro y c\u00f3modo para los m\u00e1s peque\u00f1os.<\/li>\n<\/ul>\n<p><img decoding=\"async\" class=\"alignnone wp-image-6236 \" src=\"https:\/\/canequin.com.br\/sites\/altipisos\/wp-content\/uploads\/2025\/06\/14-Brincaland-Sao-Jose-SC-683x1024.jpg\" alt=\"\" width=\"426\" height=\"639\" srcset=\"https:\/\/canequin.com.br\/sites\/altipisos\/wp-content\/uploads\/2025\/06\/14-Brincaland-Sao-Jose-SC-683x1024.jpg 683w, https:\/\/canequin.com.br\/sites\/altipisos\/wp-content\/uploads\/2025\/06\/14-Brincaland-Sao-Jose-SC-200x300.jpg 200w, https:\/\/canequin.com.br\/sites\/altipisos\/wp-content\/uploads\/2025\/06\/14-Brincaland-Sao-Jose-SC-768x1152.jpg 768w, https:\/\/canequin.com.br\/sites\/altipisos\/wp-content\/uploads\/2025\/06\/14-Brincaland-Sao-Jose-SC-1024x1536.jpg 1024w, https:\/\/canequin.com.br\/sites\/altipisos\/wp-content\/uploads\/2025\/06\/14-Brincaland-Sao-Jose-SC-1365x2048.jpg 1365w, https:\/\/canequin.com.br\/sites\/altipisos\/wp-content\/uploads\/2025\/06\/14-Brincaland-Sao-Jose-SC-scaled.jpg 1706w\" sizes=\"(max-width: 426px) 100vw, 426px\" \/><\/p>\n<p>Adem\u00e1s de todas estas ventajas, los suelos modulares Altipisos destacan por su est\u00e9tica, con diferentes colores y acabados que se adaptan a distintos tipos de espacios. Ya sea para crear una acogedora sala de espera o una zona de ocio en un hospital o restaurante, el dise\u00f1o no queda al margen.<\/p>\n<p><b>Descubra nuestras soluciones <a href=\"https:\/\/canequin.com.br\/sites\/altipisos\">visitando nuestra p\u00e1gina web.<\/a><\/b><\/p>\n","protected":false},"excerpt":{"rendered":"<p>Cada vez m\u00e1s empresas y espacios corporativos buscan soluciones que combinen practicidad y dise\u00f1o. Los suelos modulares se han revelado como una opci\u00f3n vers\u00e1til para transformar estos ambientes, ya sea en restaurantes, hospitales u oficinas. Sus ventajas son evidentes: rapidez de instalaci\u00f3n, facilidad de mantenimiento y posibilidad de personalizaci\u00f3n con diferentes colores y acabados. Aplicaci\u00f3n [&hellip;]<\/p>\n","protected":false},"author":2,"featured_media":6239,"comment_status":"closed","ping_status":"closed","sticky":false,"template":"","format":"standard","meta":{"footnotes":""},"categories":[365],"tags":[769,1566,786,757,751],"class_list":["post-6574","post","type-post","status-publish","format-standard","has-post-thumbnail","hentry","category-sem-categoria-es","tag-adoquines","tag-ocio","tag-parque-infantil","tag-pavimento-modular","tag-suelos-modulares"],"yoast_head":"<!-- This site is optimized with the Yoast SEO plugin v27.5 - https:\/\/yoast.com\/product\/yoast-seo-wordpress\/ -->\n<title>Transformar espacios corporativos con suelos modulares: practicidad y dise\u00f1o<\/title>\n<meta name=\"description\" content=\"Vamos a mostrarle c\u00f3mo los suelos modulares pueden ser una soluci\u00f3n pr\u00e1ctica y elegante para transformar entornos corporativos y restaurantes.\" \/>\n<meta name=\"robots\" content=\"index, follow, max-snippet:-1, max-image-preview:large, max-video-preview:-1\" \/>\n<link rel=\"canonical\" href=\"https:\/\/canequin.com.br\/sites\/altipisos\/es\/transformar-espacios-corporativos-con-suelos-modulares-practicidad-y-diseno\/\" \/>\n<meta property=\"og:locale\" content=\"pt_BR\" \/>\n<meta property=\"og:type\" content=\"article\" \/>\n<meta property=\"og:title\" content=\"Transformar espacios corporativos con suelos modulares: practicidad y dise\u00f1o\" \/>\n<meta property=\"og:description\" content=\"Vamos a mostrarle c\u00f3mo los suelos modulares pueden ser una soluci\u00f3n pr\u00e1ctica y elegante para transformar entornos corporativos y restaurantes.\" \/>\n<meta property=\"og:url\" content=\"https:\/\/canequin.com.br\/sites\/altipisos\/es\/transformar-espacios-corporativos-con-suelos-modulares-practicidad-y-diseno\/\" \/>\n<meta property=\"og:site_name\" content=\"Altipisos\" \/>\n<meta property=\"article:published_time\" content=\"2025-07-08T11:00:11+00:00\" \/>\n<meta property=\"article:modified_time\" content=\"2025-09-12T17:33:03+00:00\" \/>\n<meta property=\"og:image\" content=\"https:\/\/canequin.com.br\/sites\/altipisos\/wp-content\/uploads\/2025\/06\/Transformando-espacos-corporativos-com-Pisos-Modulares-1024x538.png\" \/>\n<meta name=\"author\" content=\"Qing Comunica\u00e7\u00e3o\" \/>\n<meta name=\"twitter:card\" content=\"summary_large_image\" \/>\n<meta name=\"twitter:title\" content=\"Transformar espacios corporativos con suelos modulares: practicidad y dise\u00f1o\" \/>\n<meta name=\"twitter:description\" content=\"Vamos a mostrarle c\u00f3mo los suelos modulares pueden ser una soluci\u00f3n pr\u00e1ctica y elegante para transformar entornos corporativos y restaurantes.\" \/>\n<meta name=\"twitter:image\" content=\"https:\/\/canequin.com.br\/sites\/altipisos\/wp-content\/uploads\/2025\/06\/Transformando-espacos-corporativos-com-Pisos-Modulares.png\" \/>\n<meta name=\"twitter:label1\" content=\"Escrito por\" \/>\n\t<meta name=\"twitter:data1\" content=\"Qing Comunica\u00e7\u00e3o\" \/>\n\t<meta name=\"twitter:label2\" content=\"Est. tempo de leitura\" \/>\n\t<meta name=\"twitter:data2\" content=\"3 minutos\" \/>\n<script type=\"application\/ld+json\" class=\"yoast-schema-graph\">{\"@context\":\"https:\\\/\\\/schema.org\",\"@graph\":[{\"@type\":\"Article\",\"@id\":\"https:\\\/\\\/canequin.com.br\\\/sites\\\/altipisos\\\/es\\\/transformar-espacios-corporativos-con-suelos-modulares-practicidad-y-diseno\\\/#article\",\"isPartOf\":{\"@id\":\"https:\\\/\\\/canequin.com.br\\\/sites\\\/altipisos\\\/es\\\/transformar-espacios-corporativos-con-suelos-modulares-practicidad-y-diseno\\\/\"},\"author\":{\"name\":\"Qing Comunica\u00e7\u00e3o\",\"@id\":\"https:\\\/\\\/canequin.com.br\\\/sites\\\/altipisos\\\/#\\\/schema\\\/person\\\/ca968cb1fdcd643c44cc03511723d248\"},\"headline\":\"Transformar espacios corporativos con suelos modulares: practicidad y dise\u00f1o\",\"datePublished\":\"2025-07-08T11:00:11+00:00\",\"dateModified\":\"2025-09-12T17:33:03+00:00\",\"mainEntityOfPage\":{\"@id\":\"https:\\\/\\\/canequin.com.br\\\/sites\\\/altipisos\\\/es\\\/transformar-espacios-corporativos-con-suelos-modulares-practicidad-y-diseno\\\/\"},\"wordCount\":280,\"image\":{\"@id\":\"https:\\\/\\\/canequin.com.br\\\/sites\\\/altipisos\\\/es\\\/transformar-espacios-corporativos-con-suelos-modulares-practicidad-y-diseno\\\/#primaryimage\"},\"thumbnailUrl\":\"https:\\\/\\\/canequin.com.br\\\/sites\\\/altipisos\\\/wp-content\\\/uploads\\\/2025\\\/06\\\/Transformando-espacos-corporativos-com-Pisos-Modulares.png\",\"keywords\":[\"adoquines\",\"ocio\",\"parque infantil\",\"pavimento modular\",\"suelos modulares\"],\"inLanguage\":\"pt-BR\"},{\"@type\":\"WebPage\",\"@id\":\"https:\\\/\\\/canequin.com.br\\\/sites\\\/altipisos\\\/es\\\/transformar-espacios-corporativos-con-suelos-modulares-practicidad-y-diseno\\\/\",\"url\":\"https:\\\/\\\/canequin.com.br\\\/sites\\\/altipisos\\\/es\\\/transformar-espacios-corporativos-con-suelos-modulares-practicidad-y-diseno\\\/\",\"name\":\"Transformar espacios corporativos con suelos modulares: practicidad y dise\u00f1o\",\"isPartOf\":{\"@id\":\"https:\\\/\\\/canequin.com.br\\\/sites\\\/altipisos\\\/#website\"},\"primaryImageOfPage\":{\"@id\":\"https:\\\/\\\/canequin.com.br\\\/sites\\\/altipisos\\\/es\\\/transformar-espacios-corporativos-con-suelos-modulares-practicidad-y-diseno\\\/#primaryimage\"},\"image\":{\"@id\":\"https:\\\/\\\/canequin.com.br\\\/sites\\\/altipisos\\\/es\\\/transformar-espacios-corporativos-con-suelos-modulares-practicidad-y-diseno\\\/#primaryimage\"},\"thumbnailUrl\":\"https:\\\/\\\/canequin.com.br\\\/sites\\\/altipisos\\\/wp-content\\\/uploads\\\/2025\\\/06\\\/Transformando-espacos-corporativos-com-Pisos-Modulares.png\",\"datePublished\":\"2025-07-08T11:00:11+00:00\",\"dateModified\":\"2025-09-12T17:33:03+00:00\",\"author\":{\"@id\":\"https:\\\/\\\/canequin.com.br\\\/sites\\\/altipisos\\\/#\\\/schema\\\/person\\\/ca968cb1fdcd643c44cc03511723d248\"},\"description\":\"Vamos a mostrarle c\u00f3mo los suelos modulares pueden ser una soluci\u00f3n pr\u00e1ctica y elegante para transformar entornos corporativos y restaurantes.\",\"breadcrumb\":{\"@id\":\"https:\\\/\\\/canequin.com.br\\\/sites\\\/altipisos\\\/es\\\/transformar-espacios-corporativos-con-suelos-modulares-practicidad-y-diseno\\\/#breadcrumb\"},\"inLanguage\":\"pt-BR\",\"potentialAction\":[{\"@type\":\"ReadAction\",\"target\":[\"https:\\\/\\\/canequin.com.br\\\/sites\\\/altipisos\\\/es\\\/transformar-espacios-corporativos-con-suelos-modulares-practicidad-y-diseno\\\/\"]}]},{\"@type\":\"ImageObject\",\"inLanguage\":\"pt-BR\",\"@id\":\"https:\\\/\\\/canequin.com.br\\\/sites\\\/altipisos\\\/es\\\/transformar-espacios-corporativos-con-suelos-modulares-practicidad-y-diseno\\\/#primaryimage\",\"url\":\"https:\\\/\\\/canequin.com.br\\\/sites\\\/altipisos\\\/wp-content\\\/uploads\\\/2025\\\/06\\\/Transformando-espacos-corporativos-com-Pisos-Modulares.png\",\"contentUrl\":\"https:\\\/\\\/canequin.com.br\\\/sites\\\/altipisos\\\/wp-content\\\/uploads\\\/2025\\\/06\\\/Transformando-espacos-corporativos-com-Pisos-Modulares.png\",\"width\":1200,\"height\":630},{\"@type\":\"BreadcrumbList\",\"@id\":\"https:\\\/\\\/canequin.com.br\\\/sites\\\/altipisos\\\/es\\\/transformar-espacios-corporativos-con-suelos-modulares-practicidad-y-diseno\\\/#breadcrumb\",\"itemListElement\":[{\"@type\":\"ListItem\",\"position\":1,\"name\":\"In\u00edcio\",\"item\":\"https:\\\/\\\/canequin.com.br\\\/sites\\\/altipisos\\\/\"},{\"@type\":\"ListItem\",\"position\":2,\"name\":\"Transformar espacios corporativos con suelos modulares: practicidad y dise\u00f1o\"}]},{\"@type\":\"WebSite\",\"@id\":\"https:\\\/\\\/canequin.com.br\\\/sites\\\/altipisos\\\/#website\",\"url\":\"https:\\\/\\\/canequin.com.br\\\/sites\\\/altipisos\\\/\",\"name\":\"Altipisos\",\"description\":\"\",\"potentialAction\":[{\"@type\":\"SearchAction\",\"target\":{\"@type\":\"EntryPoint\",\"urlTemplate\":\"https:\\\/\\\/canequin.com.br\\\/sites\\\/altipisos\\\/?s={search_term_string}\"},\"query-input\":{\"@type\":\"PropertyValueSpecification\",\"valueRequired\":true,\"valueName\":\"search_term_string\"}}],\"inLanguage\":\"pt-BR\"},{\"@type\":\"Person\",\"@id\":\"https:\\\/\\\/canequin.com.br\\\/sites\\\/altipisos\\\/#\\\/schema\\\/person\\\/ca968cb1fdcd643c44cc03511723d248\",\"name\":\"Qing Comunica\u00e7\u00e3o\",\"sameAs\":[\"http:\\\/\\\/qing.com.br\"],\"url\":\"https:\\\/\\\/canequin.com.br\\\/sites\\\/altipisos\\\/author\\\/qing\\\/\"}]}<\/script>\n<!-- \/ Yoast SEO plugin. -->","yoast_head_json":{"title":"Transformar espacios corporativos con suelos modulares: practicidad y dise\u00f1o","description":"Vamos a mostrarle c\u00f3mo los suelos modulares pueden ser una soluci\u00f3n pr\u00e1ctica y elegante para transformar entornos corporativos y restaurantes.","robots":{"index":"index","follow":"follow","max-snippet":"max-snippet:-1","max-image-preview":"max-image-preview:large","max-video-preview":"max-video-preview:-1"},"canonical":"https:\/\/canequin.com.br\/sites\/altipisos\/es\/transformar-espacios-corporativos-con-suelos-modulares-practicidad-y-diseno\/","og_locale":"pt_BR","og_type":"article","og_title":"Transformar espacios corporativos con suelos modulares: practicidad y dise\u00f1o","og_description":"Vamos a mostrarle c\u00f3mo los suelos modulares pueden ser una soluci\u00f3n pr\u00e1ctica y elegante para transformar entornos corporativos y restaurantes.","og_url":"https:\/\/canequin.com.br\/sites\/altipisos\/es\/transformar-espacios-corporativos-con-suelos-modulares-practicidad-y-diseno\/","og_site_name":"Altipisos","article_published_time":"2025-07-08T11:00:11+00:00","article_modified_time":"2025-09-12T17:33:03+00:00","og_image":[{"url":"https:\/\/canequin.com.br\/sites\/altipisos\/wp-content\/uploads\/2025\/06\/Transformando-espacos-corporativos-com-Pisos-Modulares-1024x538.png","type":"","width":"","height":""}],"author":"Qing Comunica\u00e7\u00e3o","twitter_card":"summary_large_image","twitter_title":"Transformar espacios corporativos con suelos modulares: practicidad y dise\u00f1o","twitter_description":"Vamos a mostrarle c\u00f3mo los suelos modulares pueden ser una soluci\u00f3n pr\u00e1ctica y elegante para transformar entornos corporativos y restaurantes.","twitter_image":"https:\/\/canequin.com.br\/sites\/altipisos\/wp-content\/uploads\/2025\/06\/Transformando-espacos-corporativos-com-Pisos-Modulares.png","twitter_misc":{"Escrito por":"Qing Comunica\u00e7\u00e3o","Est. tempo de leitura":"3 minutos"},"schema":{"@context":"https:\/\/schema.org","@graph":[{"@type":"Article","@id":"https:\/\/canequin.com.br\/sites\/altipisos\/es\/transformar-espacios-corporativos-con-suelos-modulares-practicidad-y-diseno\/#article","isPartOf":{"@id":"https:\/\/canequin.com.br\/sites\/altipisos\/es\/transformar-espacios-corporativos-con-suelos-modulares-practicidad-y-diseno\/"},"author":{"name":"Qing Comunica\u00e7\u00e3o","@id":"https:\/\/canequin.com.br\/sites\/altipisos\/#\/schema\/person\/ca968cb1fdcd643c44cc03511723d248"},"headline":"Transformar espacios corporativos con suelos modulares: practicidad y dise\u00f1o","datePublished":"2025-07-08T11:00:11+00:00","dateModified":"2025-09-12T17:33:03+00:00","mainEntityOfPage":{"@id":"https:\/\/canequin.com.br\/sites\/altipisos\/es\/transformar-espacios-corporativos-con-suelos-modulares-practicidad-y-diseno\/"},"wordCount":280,"image":{"@id":"https:\/\/canequin.com.br\/sites\/altipisos\/es\/transformar-espacios-corporativos-con-suelos-modulares-practicidad-y-diseno\/#primaryimage"},"thumbnailUrl":"https:\/\/canequin.com.br\/sites\/altipisos\/wp-content\/uploads\/2025\/06\/Transformando-espacos-corporativos-com-Pisos-Modulares.png","keywords":["adoquines","ocio","parque infantil","pavimento modular","suelos modulares"],"inLanguage":"pt-BR"},{"@type":"WebPage","@id":"https:\/\/canequin.com.br\/sites\/altipisos\/es\/transformar-espacios-corporativos-con-suelos-modulares-practicidad-y-diseno\/","url":"https:\/\/canequin.com.br\/sites\/altipisos\/es\/transformar-espacios-corporativos-con-suelos-modulares-practicidad-y-diseno\/","name":"Transformar espacios corporativos con suelos modulares: practicidad y dise\u00f1o","isPartOf":{"@id":"https:\/\/canequin.com.br\/sites\/altipisos\/#website"},"primaryImageOfPage":{"@id":"https:\/\/canequin.com.br\/sites\/altipisos\/es\/transformar-espacios-corporativos-con-suelos-modulares-practicidad-y-diseno\/#primaryimage"},"image":{"@id":"https:\/\/canequin.com.br\/sites\/altipisos\/es\/transformar-espacios-corporativos-con-suelos-modulares-practicidad-y-diseno\/#primaryimage"},"thumbnailUrl":"https:\/\/canequin.com.br\/sites\/altipisos\/wp-content\/uploads\/2025\/06\/Transformando-espacos-corporativos-com-Pisos-Modulares.png","datePublished":"2025-07-08T11:00:11+00:00","dateModified":"2025-09-12T17:33:03+00:00","author":{"@id":"https:\/\/canequin.com.br\/sites\/altipisos\/#\/schema\/person\/ca968cb1fdcd643c44cc03511723d248"},"description":"Vamos a mostrarle c\u00f3mo los suelos modulares pueden ser una soluci\u00f3n pr\u00e1ctica y elegante para transformar entornos corporativos y restaurantes.","breadcrumb":{"@id":"https:\/\/canequin.com.br\/sites\/altipisos\/es\/transformar-espacios-corporativos-con-suelos-modulares-practicidad-y-diseno\/#breadcrumb"},"inLanguage":"pt-BR","potentialAction":[{"@type":"ReadAction","target":["https:\/\/canequin.com.br\/sites\/altipisos\/es\/transformar-espacios-corporativos-con-suelos-modulares-practicidad-y-diseno\/"]}]},{"@type":"ImageObject","inLanguage":"pt-BR","@id":"https:\/\/canequin.com.br\/sites\/altipisos\/es\/transformar-espacios-corporativos-con-suelos-modulares-practicidad-y-diseno\/#primaryimage","url":"https:\/\/canequin.com.br\/sites\/altipisos\/wp-content\/uploads\/2025\/06\/Transformando-espacos-corporativos-com-Pisos-Modulares.png","contentUrl":"https:\/\/canequin.com.br\/sites\/altipisos\/wp-content\/uploads\/2025\/06\/Transformando-espacos-corporativos-com-Pisos-Modulares.png","width":1200,"height":630},{"@type":"BreadcrumbList","@id":"https:\/\/canequin.com.br\/sites\/altipisos\/es\/transformar-espacios-corporativos-con-suelos-modulares-practicidad-y-diseno\/#breadcrumb","itemListElement":[{"@type":"ListItem","position":1,"name":"In\u00edcio","item":"https:\/\/canequin.com.br\/sites\/altipisos\/"},{"@type":"ListItem","position":2,"name":"Transformar espacios corporativos con suelos modulares: practicidad y dise\u00f1o"}]},{"@type":"WebSite","@id":"https:\/\/canequin.com.br\/sites\/altipisos\/#website","url":"https:\/\/canequin.com.br\/sites\/altipisos\/","name":"Altipisos","description":"","potentialAction":[{"@type":"SearchAction","target":{"@type":"EntryPoint","urlTemplate":"https:\/\/canequin.com.br\/sites\/altipisos\/?s={search_term_string}"},"query-input":{"@type":"PropertyValueSpecification","valueRequired":true,"valueName":"search_term_string"}}],"inLanguage":"pt-BR"},{"@type":"Person","@id":"https:\/\/canequin.com.br\/sites\/altipisos\/#\/schema\/person\/ca968cb1fdcd643c44cc03511723d248","name":"Qing Comunica\u00e7\u00e3o","sameAs":["http:\/\/qing.com.br"],"url":"https:\/\/canequin.com.br\/sites\/altipisos\/author\/qing\/"}]}},"lang":"es","translations":{"es":6574},"pll_sync_post":[],"_links":{"self":[{"href":"https:\/\/canequin.com.br\/sites\/altipisos\/wp-json\/wp\/v2\/posts\/6574","targetHints":{"allow":["GET"]}}],"collection":[{"href":"https:\/\/canequin.com.br\/sites\/altipisos\/wp-json\/wp\/v2\/posts"}],"about":[{"href":"https:\/\/canequin.com.br\/sites\/altipisos\/wp-json\/wp\/v2\/types\/post"}],"author":[{"embeddable":true,"href":"https:\/\/canequin.com.br\/sites\/altipisos\/wp-json\/wp\/v2\/users\/2"}],"replies":[{"embeddable":true,"href":"https:\/\/canequin.com.br\/sites\/altipisos\/wp-json\/wp\/v2\/comments?post=6574"}],"version-history":[{"count":0,"href":"https:\/\/canequin.com.br\/sites\/altipisos\/wp-json\/wp\/v2\/posts\/6574\/revisions"}],"wp:featuredmedia":[{"embeddable":true,"href":"https:\/\/canequin.com.br\/sites\/altipisos\/wp-json\/wp\/v2\/media\/6239"}],"wp:attachment":[{"href":"https:\/\/canequin.com.br\/sites\/altipisos\/wp-json\/wp\/v2\/media?parent=6574"}],"wp:term":[{"taxonomy":"category","embeddable":true,"href":"https:\/\/canequin.com.br\/sites\/altipisos\/wp-json\/wp\/v2\/categories?post=6574"},{"taxonomy":"post_tag","embeddable":true,"href":"https:\/\/canequin.com.br\/sites\/altipisos\/wp-json\/wp\/v2\/tags?post=6574"}],"curies":[{"name":"wp","href":"https:\/\/api.w.org\/{rel}","templated":true}]}}