{"id":6540,"date":"2025-08-01T17:33:18","date_gmt":"2025-08-01T20:33:18","guid":{"rendered":"https:\/\/altipisos.com.br\/?p=6540"},"modified":"2025-08-01T17:37:50","modified_gmt":"2025-08-01T20:37:50","slug":"pisos-modulares-agora-fabricados-com-energia-verde-entenda-o-selo-de-energia-verde","status":"publish","type":"post","link":"https:\/\/canequin.com.br\/sites\/altipisos\/pisos-modulares-agora-fabricados-com-energia-verde-entenda-o-selo-de-energia-verde\/","title":{"rendered":"Pisos modulares agora fabricados com energia verde! Entenda o selo de energia verde"},"content":{"rendered":"<p>A preocupa\u00e7\u00e3o com o meio ambiente \u00e9 algo cada vez mais presente dentro das empresas, independente do segmento. Pensando nisso \u00e9 que fabricamos os <a href=\"https:\/\/canequin.com.br\/sites\/altipisos\/transformando-espacos-corporativos-com-pisos-modulares-praticidade-e-design\/\">pisos modulares<\/a> com energia verde, que vem de fontes renov\u00e1veis, e demonstra o compromisso que temos com a sustentabilidade e a preserva\u00e7\u00e3o do meio ambiente.<\/p>\n<p>Tudo isso garantiu o selo de energia verde para nossa empresa. Para explicar melhor o que isso significa, preparamos este conte\u00fado para contar em detalhes do que se trata o selo de energia verde. Continue a leitura e confira!<\/p>\n<h2>Afinal, o que \u00e9 o selo de energia verde?<\/h2>\n<p>O selo de energia verde nada mais \u00e9 do que um reconhecimento concedido para empresas que optam por utilizar energia proveniente de fontes 100% limpas e renov\u00e1veis, como solar, e\u00f3lica ou hidrel\u00e9trica.<\/p>\n<p>Na pr\u00e1tica, isso significa que toda a produ\u00e7\u00e3o da <a href=\"https:\/\/canequin.com.br\/sites\/altipisos\/altipisos-na-bett-brasil-inovacao-tecnologia-e-transformacao-de-espacos-no-maior-evento-de-educacao-do-brasil\/\">Altipisos <\/a>\u00e9 movida por energia limpa, sem depender de fontes poluentes ou esgot\u00e1veis. O selo de energia verde refor\u00e7a o compromisso da nossa empresa com o futuro do planeta e com uma cadeia produtiva mais respons\u00e1vel, consciente e alinhada \u00e0s boas pr\u00e1ticas ambientais.<\/p>\n<p>Por isso, somos reconhecidos como uma empresa com energia 100% renov\u00e1vel.<\/p>\n<h2>Como a Altipisos conseguiu esse selo?<\/h2>\n<p>A conquista do selo de energia verde foi resultado de uma decis\u00e3o estrat\u00e9gica: a compra de energia de fonte limpa e certificada, por meio de um contrato firmado com um fornecedor especializado em energia renov\u00e1vel.<\/p>\n<h3>Esse processo envolveu:<\/h3>\n<ul>\n<li aria-level=\"1\">A escolha de um parceiro homologado no mercado de energia limpa;<\/li>\n<li aria-level=\"1\">A formaliza\u00e7\u00e3o de um contrato de fornecimento com rastreabilidade da origem da energia;<\/li>\n<li aria-level=\"1\">A comprova\u00e7\u00e3o do consumo de energia 100% renov\u00e1vel nas nossas opera\u00e7\u00f5es.<\/li>\n<\/ul>\n<p>Essa certifica\u00e7\u00e3o comprova que a Altipisos n\u00e3o apenas fala de sustentabilidade,\u00a0 n\u00f3s praticamos isso!<\/p>\n<h2>Quais s\u00e3o os benef\u00edcios de utilizar energia verde na produ\u00e7\u00e3o da empresa?<\/h2>\n<p>Ao utilizar energia 100% limpa, geramos impacto positivo em diversas frentes, como:<\/p>\n<ol>\n<li><b><\/b> <b>Redu\u00e7\u00e3o de emiss\u00f5es de carbono: <\/b>contribu\u00edmos diretamente para a diminui\u00e7\u00e3o dos gases do efeito estufa;<\/li>\n<li><b>2<\/b>. <b>Menor impacto ambiental:<\/b> optamos por uma produ\u00e7\u00e3o mais limpa e com menor impacto aos recursos naturais;<\/li>\n<li><b> Valoriza\u00e7\u00e3o da marca:<\/b> nossos clientes e parceiros reconhecem o compromisso com a sustentabilidade;<\/li>\n<li><b><\/b> <b>Vantagem competitiva:<\/b> antecipamos exig\u00eancias ambientais que est\u00e3o cada vez mais presentes em licita\u00e7\u00f5es, projetos p\u00fablicos e parcerias privadas.<\/li>\n<\/ol>\n<h2>Como o piso modular contribui para a constru\u00e7\u00e3o sustent\u00e1vel, a partir da energia verde?<\/h2>\n<p>Voc\u00ea sabia que a sua <a href=\"https:\/\/canequin.com.br\/sites\/altipisos\/do-playground-a-quadra-esportiva-onde-os-pisos-modulares-podem-ser-instalados\/\">quadra esportiva<\/a> pode fazer com que o local onde ela est\u00e1 instalada passe a ser uma constru\u00e7\u00e3o sustent\u00e1vel? Basta que ela seja equipada com o piso modular, o piso de qualidade alt\u00edssima sobre o qual n\u00f3s sempre falamos por aqui.<\/p>\n<p>Isso porque o piso modular \u00e9 feito com o polipropileno, um pol\u00edmero termopl\u00e1stico que, al\u00e9m de contar com propriedades mec\u00e2nicas, t\u00e9rmicas e qu\u00edmicas, pode ser reciclado com certa facilidade.<\/p>\n<p>Basta que ele seja derretido e, posteriormente, transformado em outros materiais que\u00a0 podem incluir cadeiras pl\u00e1sticas, brinquedos, seringas, tampas de refrigerantes, tupperwares e at\u00e9 mesmo alguns eletrodom\u00e9sticos.<\/p>\n<p>Na pr\u00e1tica, isso quer dizer que, caso sua quadra deixe de ser usada e o local seja demolido, todo o pl\u00e1stico utilizado para fazer seu piso modular pode ter um novo destino. Com isso, ao inv\u00e9s de jogar tudo fora, outros produtos ser\u00e3o feitos e todo o processo de preserva\u00e7\u00e3o do meio ambiente \u00e9 muito beneficiado.<\/p>\n<h2>Tenha o piso modular voc\u00ea tamb\u00e9m. Venha conhecer a Altipisos!<\/h2>\n<p>E se voc\u00ea quer contribuir com a sustentabilidade, sem perder a qualidade e seguran\u00e7a, ter um piso modular na sua quadra \u00e9 uma das maneiras de fazer isso. Ao mesmo tempo em que se entrega um piso de alta qualidade para os atletas, aumentando o n\u00edvel das partidas e <a href=\"https:\/\/canequin.com.br\/sites\/altipisos\/como-reduzir-lesoes\/\">reduzindo o risco de les\u00f5es<\/a>.<\/p>\n<p>Quer contar com um piso modular muito bem feito e produzido especialmente para a sua quadra e com selo de energia verde? Entre em <a href=\"https:\/\/canequin.com.br\/sites\/altipisos\/contato\/\">contato<\/a> com a Altipisos hoje mesmo! N\u00f3s produzimos e instalamos o piso modular em quadras de todo o Brasil, sempre com projetos pensando nas necessidades espec\u00edficas de cada cliente.<\/p>\n<p><b>Escolher a Altipisos \u00e9 escolher produtos com consci\u00eancia ambiental, responsabilidade e inova\u00e7\u00e3o. E se tiver gostado do texto e quiser receber mais, n\u00e3o deixe de acompanhar a Altipisos no <\/b><a href=\"https:\/\/www.facebook.com\/altipisos\"><b>Facebook<\/b><\/a><b> e no <\/b><a href=\"https:\/\/www.instagram.com\/altipisos\/\"><b>Instagram<\/b><\/a><b>!<\/b><\/p>\n","protected":false},"excerpt":{"rendered":"<p>A preocupa\u00e7\u00e3o com o meio ambiente \u00e9 algo cada vez mais presente dentro das empresas, independente do segmento. Pensando nisso \u00e9 que fabricamos os pisos modulares com energia verde, que vem de fontes renov\u00e1veis, e demonstra o compromisso que temos com a sustentabilidade e a preserva\u00e7\u00e3o do meio ambiente. Tudo isso garantiu o selo de [&hellip;]<\/p>\n","protected":false},"author":2,"featured_media":6545,"comment_status":"closed","ping_status":"closed","sticky":false,"template":"","format":"standard","meta":{"footnotes":""},"categories":[9,8],"tags":[212,1513,1515,330,1511,127],"class_list":["post-6540","post","type-post","status-publish","format-standard","has-post-thumbnail","hentry","category-dicas","category-novidades","tag-altipisos","tag-energia-verde","tag-meio-ambiente","tag-pisos-modulares","tag-selo-de-energia-verde","tag-sustentabilidade"],"yoast_head":"<!-- This site is optimized with the Yoast SEO plugin v27.5 - https:\/\/yoast.com\/product\/yoast-seo-wordpress\/ -->\n<title>Pisos modulares agora fabricados com energia verde! Entenda o selo de energia verde<\/title>\n<meta name=\"description\" content=\"A Altipisos explica neste texto o que \u00e9 o selo de energia verde, e o que ele pode trazer de benef\u00edcios para sua empresa.\" \/>\n<meta name=\"robots\" content=\"index, follow, max-snippet:-1, max-image-preview:large, max-video-preview:-1\" \/>\n<link rel=\"canonical\" href=\"https:\/\/canequin.com.br\/sites\/altipisos\/pisos-modulares-agora-fabricados-com-energia-verde-entenda-o-selo-de-energia-verde\/\" \/>\n<meta property=\"og:locale\" content=\"pt_BR\" \/>\n<meta property=\"og:type\" content=\"article\" \/>\n<meta property=\"og:title\" content=\"Pisos modulares agora fabricados com energia verde! Entenda o selo de energia verde\" \/>\n<meta property=\"og:description\" content=\"A Altipisos explica neste texto o que \u00e9 o selo de energia verde, e o que ele pode trazer de benef\u00edcios para sua empresa.\" \/>\n<meta property=\"og:url\" content=\"https:\/\/canequin.com.br\/sites\/altipisos\/pisos-modulares-agora-fabricados-com-energia-verde-entenda-o-selo-de-energia-verde\/\" \/>\n<meta property=\"og:site_name\" content=\"Altipisos\" \/>\n<meta property=\"article:published_time\" content=\"2025-08-01T20:33:18+00:00\" \/>\n<meta property=\"article:modified_time\" content=\"2025-08-01T20:37:50+00:00\" \/>\n<meta property=\"og:image\" content=\"https:\/\/canequin.com.br\/sites\/altipisos\/wp-content\/uploads\/2025\/08\/Pisos-modulares-agora-fabricados-com-energia-verde1.png\" \/>\n\t<meta property=\"og:image:width\" content=\"1200\" \/>\n\t<meta property=\"og:image:height\" content=\"630\" \/>\n\t<meta property=\"og:image:type\" content=\"image\/png\" \/>\n<meta name=\"author\" content=\"Qing Comunica\u00e7\u00e3o\" \/>\n<meta name=\"twitter:card\" content=\"summary_large_image\" \/>\n<meta name=\"twitter:title\" content=\"Pisos modulares agora fabricados com energia verde! Entenda o selo de energia verde\" \/>\n<meta name=\"twitter:description\" content=\"A Altipisos explica neste texto o que \u00e9 o selo de energia verde, e o que ele pode trazer de benef\u00edcios para sua empresa.\" \/>\n<meta name=\"twitter:image\" content=\"https:\/\/canequin.com.br\/sites\/altipisos\/wp-content\/uploads\/2025\/08\/Pisos-modulares-agora-fabricados-com-energia-verde1.png\" \/>\n<meta name=\"twitter:label1\" content=\"Escrito por\" \/>\n\t<meta name=\"twitter:data1\" content=\"Qing Comunica\u00e7\u00e3o\" \/>\n\t<meta name=\"twitter:label2\" content=\"Est. tempo de leitura\" \/>\n\t<meta name=\"twitter:data2\" content=\"5 minutos\" \/>\n<script type=\"application\/ld+json\" class=\"yoast-schema-graph\">{\"@context\":\"https:\\\/\\\/schema.org\",\"@graph\":[{\"@type\":\"Article\",\"@id\":\"https:\\\/\\\/canequin.com.br\\\/sites\\\/altipisos\\\/pisos-modulares-agora-fabricados-com-energia-verde-entenda-o-selo-de-energia-verde\\\/#article\",\"isPartOf\":{\"@id\":\"https:\\\/\\\/canequin.com.br\\\/sites\\\/altipisos\\\/pisos-modulares-agora-fabricados-com-energia-verde-entenda-o-selo-de-energia-verde\\\/\"},\"author\":{\"name\":\"Qing Comunica\u00e7\u00e3o\",\"@id\":\"https:\\\/\\\/canequin.com.br\\\/sites\\\/altipisos\\\/#\\\/schema\\\/person\\\/ca968cb1fdcd643c44cc03511723d248\"},\"headline\":\"Pisos modulares agora fabricados com energia verde! Entenda o selo de energia verde\",\"datePublished\":\"2025-08-01T20:33:18+00:00\",\"dateModified\":\"2025-08-01T20:37:50+00:00\",\"mainEntityOfPage\":{\"@id\":\"https:\\\/\\\/canequin.com.br\\\/sites\\\/altipisos\\\/pisos-modulares-agora-fabricados-com-energia-verde-entenda-o-selo-de-energia-verde\\\/\"},\"wordCount\":757,\"image\":{\"@id\":\"https:\\\/\\\/canequin.com.br\\\/sites\\\/altipisos\\\/pisos-modulares-agora-fabricados-com-energia-verde-entenda-o-selo-de-energia-verde\\\/#primaryimage\"},\"thumbnailUrl\":\"https:\\\/\\\/canequin.com.br\\\/sites\\\/altipisos\\\/wp-content\\\/uploads\\\/2025\\\/08\\\/Pisos-modulares-agora-fabricados-com-energia-verde1.png\",\"keywords\":[\"altipisos\",\"energia verde\",\"meio ambiente\",\"pisos modulares\",\"selo de energia verde\",\"sustentabilidade\"],\"articleSection\":[\"Dicas\",\"Novidades\"],\"inLanguage\":\"pt-BR\"},{\"@type\":\"WebPage\",\"@id\":\"https:\\\/\\\/canequin.com.br\\\/sites\\\/altipisos\\\/pisos-modulares-agora-fabricados-com-energia-verde-entenda-o-selo-de-energia-verde\\\/\",\"url\":\"https:\\\/\\\/canequin.com.br\\\/sites\\\/altipisos\\\/pisos-modulares-agora-fabricados-com-energia-verde-entenda-o-selo-de-energia-verde\\\/\",\"name\":\"Pisos modulares agora fabricados com energia verde! Entenda o selo de energia verde\",\"isPartOf\":{\"@id\":\"https:\\\/\\\/canequin.com.br\\\/sites\\\/altipisos\\\/#website\"},\"primaryImageOfPage\":{\"@id\":\"https:\\\/\\\/canequin.com.br\\\/sites\\\/altipisos\\\/pisos-modulares-agora-fabricados-com-energia-verde-entenda-o-selo-de-energia-verde\\\/#primaryimage\"},\"image\":{\"@id\":\"https:\\\/\\\/canequin.com.br\\\/sites\\\/altipisos\\\/pisos-modulares-agora-fabricados-com-energia-verde-entenda-o-selo-de-energia-verde\\\/#primaryimage\"},\"thumbnailUrl\":\"https:\\\/\\\/canequin.com.br\\\/sites\\\/altipisos\\\/wp-content\\\/uploads\\\/2025\\\/08\\\/Pisos-modulares-agora-fabricados-com-energia-verde1.png\",\"datePublished\":\"2025-08-01T20:33:18+00:00\",\"dateModified\":\"2025-08-01T20:37:50+00:00\",\"author\":{\"@id\":\"https:\\\/\\\/canequin.com.br\\\/sites\\\/altipisos\\\/#\\\/schema\\\/person\\\/ca968cb1fdcd643c44cc03511723d248\"},\"description\":\"A Altipisos explica neste texto o que \u00e9 o selo de energia verde, e o que ele pode trazer de benef\u00edcios para sua empresa.\",\"breadcrumb\":{\"@id\":\"https:\\\/\\\/canequin.com.br\\\/sites\\\/altipisos\\\/pisos-modulares-agora-fabricados-com-energia-verde-entenda-o-selo-de-energia-verde\\\/#breadcrumb\"},\"inLanguage\":\"pt-BR\",\"potentialAction\":[{\"@type\":\"ReadAction\",\"target\":[\"https:\\\/\\\/canequin.com.br\\\/sites\\\/altipisos\\\/pisos-modulares-agora-fabricados-com-energia-verde-entenda-o-selo-de-energia-verde\\\/\"]}]},{\"@type\":\"ImageObject\",\"inLanguage\":\"pt-BR\",\"@id\":\"https:\\\/\\\/canequin.com.br\\\/sites\\\/altipisos\\\/pisos-modulares-agora-fabricados-com-energia-verde-entenda-o-selo-de-energia-verde\\\/#primaryimage\",\"url\":\"https:\\\/\\\/canequin.com.br\\\/sites\\\/altipisos\\\/wp-content\\\/uploads\\\/2025\\\/08\\\/Pisos-modulares-agora-fabricados-com-energia-verde1.png\",\"contentUrl\":\"https:\\\/\\\/canequin.com.br\\\/sites\\\/altipisos\\\/wp-content\\\/uploads\\\/2025\\\/08\\\/Pisos-modulares-agora-fabricados-com-energia-verde1.png\",\"width\":1200,\"height\":630},{\"@type\":\"BreadcrumbList\",\"@id\":\"https:\\\/\\\/canequin.com.br\\\/sites\\\/altipisos\\\/pisos-modulares-agora-fabricados-com-energia-verde-entenda-o-selo-de-energia-verde\\\/#breadcrumb\",\"itemListElement\":[{\"@type\":\"ListItem\",\"position\":1,\"name\":\"In\u00edcio\",\"item\":\"https:\\\/\\\/canequin.com.br\\\/sites\\\/altipisos\\\/\"},{\"@type\":\"ListItem\",\"position\":2,\"name\":\"Pisos modulares agora fabricados com energia verde! Entenda o selo de energia verde\"}]},{\"@type\":\"WebSite\",\"@id\":\"https:\\\/\\\/canequin.com.br\\\/sites\\\/altipisos\\\/#website\",\"url\":\"https:\\\/\\\/canequin.com.br\\\/sites\\\/altipisos\\\/\",\"name\":\"Altipisos\",\"description\":\"\",\"potentialAction\":[{\"@type\":\"SearchAction\",\"target\":{\"@type\":\"EntryPoint\",\"urlTemplate\":\"https:\\\/\\\/canequin.com.br\\\/sites\\\/altipisos\\\/?s={search_term_string}\"},\"query-input\":{\"@type\":\"PropertyValueSpecification\",\"valueRequired\":true,\"valueName\":\"search_term_string\"}}],\"inLanguage\":\"pt-BR\"},{\"@type\":\"Person\",\"@id\":\"https:\\\/\\\/canequin.com.br\\\/sites\\\/altipisos\\\/#\\\/schema\\\/person\\\/ca968cb1fdcd643c44cc03511723d248\",\"name\":\"Qing Comunica\u00e7\u00e3o\",\"sameAs\":[\"http:\\\/\\\/qing.com.br\"],\"url\":\"https:\\\/\\\/canequin.com.br\\\/sites\\\/altipisos\\\/author\\\/qing\\\/\"}]}<\/script>\n<!-- \/ Yoast SEO plugin. -->","yoast_head_json":{"title":"Pisos modulares agora fabricados com energia verde! Entenda o selo de energia verde","description":"A Altipisos explica neste texto o que \u00e9 o selo de energia verde, e o que ele pode trazer de benef\u00edcios para sua empresa.","robots":{"index":"index","follow":"follow","max-snippet":"max-snippet:-1","max-image-preview":"max-image-preview:large","max-video-preview":"max-video-preview:-1"},"canonical":"https:\/\/canequin.com.br\/sites\/altipisos\/pisos-modulares-agora-fabricados-com-energia-verde-entenda-o-selo-de-energia-verde\/","og_locale":"pt_BR","og_type":"article","og_title":"Pisos modulares agora fabricados com energia verde! Entenda o selo de energia verde","og_description":"A Altipisos explica neste texto o que \u00e9 o selo de energia verde, e o que ele pode trazer de benef\u00edcios para sua empresa.","og_url":"https:\/\/canequin.com.br\/sites\/altipisos\/pisos-modulares-agora-fabricados-com-energia-verde-entenda-o-selo-de-energia-verde\/","og_site_name":"Altipisos","article_published_time":"2025-08-01T20:33:18+00:00","article_modified_time":"2025-08-01T20:37:50+00:00","og_image":[{"width":1200,"height":630,"url":"https:\/\/canequin.com.br\/sites\/altipisos\/wp-content\/uploads\/2025\/08\/Pisos-modulares-agora-fabricados-com-energia-verde1.png","type":"image\/png"}],"author":"Qing Comunica\u00e7\u00e3o","twitter_card":"summary_large_image","twitter_title":"Pisos modulares agora fabricados com energia verde! Entenda o selo de energia verde","twitter_description":"A Altipisos explica neste texto o que \u00e9 o selo de energia verde, e o que ele pode trazer de benef\u00edcios para sua empresa.","twitter_image":"https:\/\/canequin.com.br\/sites\/altipisos\/wp-content\/uploads\/2025\/08\/Pisos-modulares-agora-fabricados-com-energia-verde1.png","twitter_misc":{"Escrito por":"Qing Comunica\u00e7\u00e3o","Est. tempo de leitura":"5 minutos"},"schema":{"@context":"https:\/\/schema.org","@graph":[{"@type":"Article","@id":"https:\/\/canequin.com.br\/sites\/altipisos\/pisos-modulares-agora-fabricados-com-energia-verde-entenda-o-selo-de-energia-verde\/#article","isPartOf":{"@id":"https:\/\/canequin.com.br\/sites\/altipisos\/pisos-modulares-agora-fabricados-com-energia-verde-entenda-o-selo-de-energia-verde\/"},"author":{"name":"Qing Comunica\u00e7\u00e3o","@id":"https:\/\/canequin.com.br\/sites\/altipisos\/#\/schema\/person\/ca968cb1fdcd643c44cc03511723d248"},"headline":"Pisos modulares agora fabricados com energia verde! Entenda o selo de energia verde","datePublished":"2025-08-01T20:33:18+00:00","dateModified":"2025-08-01T20:37:50+00:00","mainEntityOfPage":{"@id":"https:\/\/canequin.com.br\/sites\/altipisos\/pisos-modulares-agora-fabricados-com-energia-verde-entenda-o-selo-de-energia-verde\/"},"wordCount":757,"image":{"@id":"https:\/\/canequin.com.br\/sites\/altipisos\/pisos-modulares-agora-fabricados-com-energia-verde-entenda-o-selo-de-energia-verde\/#primaryimage"},"thumbnailUrl":"https:\/\/canequin.com.br\/sites\/altipisos\/wp-content\/uploads\/2025\/08\/Pisos-modulares-agora-fabricados-com-energia-verde1.png","keywords":["altipisos","energia verde","meio ambiente","pisos modulares","selo de energia verde","sustentabilidade"],"articleSection":["Dicas","Novidades"],"inLanguage":"pt-BR"},{"@type":"WebPage","@id":"https:\/\/canequin.com.br\/sites\/altipisos\/pisos-modulares-agora-fabricados-com-energia-verde-entenda-o-selo-de-energia-verde\/","url":"https:\/\/canequin.com.br\/sites\/altipisos\/pisos-modulares-agora-fabricados-com-energia-verde-entenda-o-selo-de-energia-verde\/","name":"Pisos modulares agora fabricados com energia verde! Entenda o selo de energia verde","isPartOf":{"@id":"https:\/\/canequin.com.br\/sites\/altipisos\/#website"},"primaryImageOfPage":{"@id":"https:\/\/canequin.com.br\/sites\/altipisos\/pisos-modulares-agora-fabricados-com-energia-verde-entenda-o-selo-de-energia-verde\/#primaryimage"},"image":{"@id":"https:\/\/canequin.com.br\/sites\/altipisos\/pisos-modulares-agora-fabricados-com-energia-verde-entenda-o-selo-de-energia-verde\/#primaryimage"},"thumbnailUrl":"https:\/\/canequin.com.br\/sites\/altipisos\/wp-content\/uploads\/2025\/08\/Pisos-modulares-agora-fabricados-com-energia-verde1.png","datePublished":"2025-08-01T20:33:18+00:00","dateModified":"2025-08-01T20:37:50+00:00","author":{"@id":"https:\/\/canequin.com.br\/sites\/altipisos\/#\/schema\/person\/ca968cb1fdcd643c44cc03511723d248"},"description":"A Altipisos explica neste texto o que \u00e9 o selo de energia verde, e o que ele pode trazer de benef\u00edcios para sua empresa.","breadcrumb":{"@id":"https:\/\/canequin.com.br\/sites\/altipisos\/pisos-modulares-agora-fabricados-com-energia-verde-entenda-o-selo-de-energia-verde\/#breadcrumb"},"inLanguage":"pt-BR","potentialAction":[{"@type":"ReadAction","target":["https:\/\/canequin.com.br\/sites\/altipisos\/pisos-modulares-agora-fabricados-com-energia-verde-entenda-o-selo-de-energia-verde\/"]}]},{"@type":"ImageObject","inLanguage":"pt-BR","@id":"https:\/\/canequin.com.br\/sites\/altipisos\/pisos-modulares-agora-fabricados-com-energia-verde-entenda-o-selo-de-energia-verde\/#primaryimage","url":"https:\/\/canequin.com.br\/sites\/altipisos\/wp-content\/uploads\/2025\/08\/Pisos-modulares-agora-fabricados-com-energia-verde1.png","contentUrl":"https:\/\/canequin.com.br\/sites\/altipisos\/wp-content\/uploads\/2025\/08\/Pisos-modulares-agora-fabricados-com-energia-verde1.png","width":1200,"height":630},{"@type":"BreadcrumbList","@id":"https:\/\/canequin.com.br\/sites\/altipisos\/pisos-modulares-agora-fabricados-com-energia-verde-entenda-o-selo-de-energia-verde\/#breadcrumb","itemListElement":[{"@type":"ListItem","position":1,"name":"In\u00edcio","item":"https:\/\/canequin.com.br\/sites\/altipisos\/"},{"@type":"ListItem","position":2,"name":"Pisos modulares agora fabricados com energia verde! Entenda o selo de energia verde"}]},{"@type":"WebSite","@id":"https:\/\/canequin.com.br\/sites\/altipisos\/#website","url":"https:\/\/canequin.com.br\/sites\/altipisos\/","name":"Altipisos","description":"","potentialAction":[{"@type":"SearchAction","target":{"@type":"EntryPoint","urlTemplate":"https:\/\/canequin.com.br\/sites\/altipisos\/?s={search_term_string}"},"query-input":{"@type":"PropertyValueSpecification","valueRequired":true,"valueName":"search_term_string"}}],"inLanguage":"pt-BR"},{"@type":"Person","@id":"https:\/\/canequin.com.br\/sites\/altipisos\/#\/schema\/person\/ca968cb1fdcd643c44cc03511723d248","name":"Qing Comunica\u00e7\u00e3o","sameAs":["http:\/\/qing.com.br"],"url":"https:\/\/canequin.com.br\/sites\/altipisos\/author\/qing\/"}]}},"lang":"pt","translations":{"pt":6540},"pll_sync_post":[],"_links":{"self":[{"href":"https:\/\/canequin.com.br\/sites\/altipisos\/wp-json\/wp\/v2\/posts\/6540","targetHints":{"allow":["GET"]}}],"collection":[{"href":"https:\/\/canequin.com.br\/sites\/altipisos\/wp-json\/wp\/v2\/posts"}],"about":[{"href":"https:\/\/canequin.com.br\/sites\/altipisos\/wp-json\/wp\/v2\/types\/post"}],"author":[{"embeddable":true,"href":"https:\/\/canequin.com.br\/sites\/altipisos\/wp-json\/wp\/v2\/users\/2"}],"replies":[{"embeddable":true,"href":"https:\/\/canequin.com.br\/sites\/altipisos\/wp-json\/wp\/v2\/comments?post=6540"}],"version-history":[{"count":0,"href":"https:\/\/canequin.com.br\/sites\/altipisos\/wp-json\/wp\/v2\/posts\/6540\/revisions"}],"wp:featuredmedia":[{"embeddable":true,"href":"https:\/\/canequin.com.br\/sites\/altipisos\/wp-json\/wp\/v2\/media\/6545"}],"wp:attachment":[{"href":"https:\/\/canequin.com.br\/sites\/altipisos\/wp-json\/wp\/v2\/media?parent=6540"}],"wp:term":[{"taxonomy":"category","embeddable":true,"href":"https:\/\/canequin.com.br\/sites\/altipisos\/wp-json\/wp\/v2\/categories?post=6540"},{"taxonomy":"post_tag","embeddable":true,"href":"https:\/\/canequin.com.br\/sites\/altipisos\/wp-json\/wp\/v2\/tags?post=6540"}],"curies":[{"name":"wp","href":"https:\/\/api.w.org\/{rel}","templated":true}]}}