{"id":6228,"date":"2025-07-08T08:00:33","date_gmt":"2025-07-08T11:00:33","guid":{"rendered":"https:\/\/altipisos.com.br\/?p=6228"},"modified":"2025-06-30T11:42:23","modified_gmt":"2025-06-30T14:42:23","slug":"transformando-espacos-corporativos-com-pisos-modulares-praticidade-e-design","status":"publish","type":"post","link":"https:\/\/canequin.com.br\/sites\/altipisos\/transformando-espacos-corporativos-com-pisos-modulares-praticidade-e-design\/","title":{"rendered":"Transformando espa\u00e7os corporativos com pisos modulares: praticidade e design"},"content":{"rendered":"<p>Cada vez mais, empresas e espa\u00e7os corporativos est\u00e3o buscando solu\u00e7\u00f5es que aliam praticidade e design. O piso modular surge como uma op\u00e7\u00e3o vers\u00e1til para transformar esses ambientes, seja em restaurantes, hospitais ou escrit\u00f3rios. Seus benef\u00edcios s\u00e3o claros: rapidez na instala\u00e7\u00e3o, facilidade de manuten\u00e7\u00e3o e a possibilidade de personaliza\u00e7\u00e3o com diversas cores e acabamentos.<\/p>\n<ul>\n<li aria-level=\"1\"><b>Aplica\u00e7\u00e3o em empresas<\/b>: Ambientes corporativos exigem pisos dur\u00e1veis, de f\u00e1cil manuten\u00e7\u00e3o e que combinem com a identidade visual da marca. Com o piso modular Sport In, por exemplo, \u00e9 poss\u00edvel criar \u00e1reas que garantem conforto e est\u00e9tica, sem abrir m\u00e3o da funcionalidade.<\/li>\n<li aria-level=\"1\"><b>Paredes<\/b>: Nem s\u00f3 no ch\u00e3o pode-se utilizar os pisos modulares, pensando em decora\u00e7\u00e3o, eles d\u00e3o seu charme todo especial em paredes para compor ambientes com quadros e at\u00e9 mesmo detalhes de revestimento como banheiros, etc.<\/li>\n<\/ul>\n<p><img fetchpriority=\"high\" decoding=\"async\" class=\"alignnone wp-image-6229 \" src=\"https:\/\/canequin.com.br\/sites\/altipisos\/wp-content\/uploads\/2025\/06\/pisos-modulares-altipisos1-768x1024.jpg\" alt=\"\" width=\"535\" height=\"714\" srcset=\"https:\/\/canequin.com.br\/sites\/altipisos\/wp-content\/uploads\/2025\/06\/pisos-modulares-altipisos1-768x1024.jpg 768w, https:\/\/canequin.com.br\/sites\/altipisos\/wp-content\/uploads\/2025\/06\/pisos-modulares-altipisos1-225x300.jpg 225w, https:\/\/canequin.com.br\/sites\/altipisos\/wp-content\/uploads\/2025\/06\/pisos-modulares-altipisos1.jpg 972w\" sizes=\"(max-width: 535px) 100vw, 535px\" \/> <img decoding=\"async\" class=\"alignnone wp-image-6232 \" src=\"https:\/\/canequin.com.br\/sites\/altipisos\/wp-content\/uploads\/2025\/06\/pisos-modulares-altipisos2-768x1024.jpg\" alt=\"\" width=\"534\" height=\"712\" srcset=\"https:\/\/canequin.com.br\/sites\/altipisos\/wp-content\/uploads\/2025\/06\/pisos-modulares-altipisos2-768x1024.jpg 768w, https:\/\/canequin.com.br\/sites\/altipisos\/wp-content\/uploads\/2025\/06\/pisos-modulares-altipisos2-225x300.jpg 225w, https:\/\/canequin.com.br\/sites\/altipisos\/wp-content\/uploads\/2025\/06\/pisos-modulares-altipisos2.jpg 972w\" sizes=\"(max-width: 534px) 100vw, 534px\" \/><\/p>\n<ul>\n<li><b>Restaurantes: <\/b>Pensando em oferecer espa\u00e7os mais completos aos seus clientes, donos de restaurantes integram espa\u00e7os de sal\u00e3o para as refei\u00e7\u00f5es e playgrounds ou espa\u00e7os kids, para as crian\u00e7as, podendo usar os pisos modulares para deixar este espa\u00e7o ainda mais colorido, atrativo, seguro e confort\u00e1vel para os pequenos.<\/li>\n<\/ul>\n<p><img decoding=\"async\" class=\"alignnone wp-image-6235 \" src=\"https:\/\/canequin.com.br\/sites\/altipisos\/wp-content\/uploads\/2025\/06\/14-Brincaland-Sao-Jose-SC-683x1024.jpg\" alt=\"\" width=\"426\" height=\"639\" srcset=\"https:\/\/canequin.com.br\/sites\/altipisos\/wp-content\/uploads\/2025\/06\/14-Brincaland-Sao-Jose-SC-683x1024.jpg 683w, https:\/\/canequin.com.br\/sites\/altipisos\/wp-content\/uploads\/2025\/06\/14-Brincaland-Sao-Jose-SC-200x300.jpg 200w, https:\/\/canequin.com.br\/sites\/altipisos\/wp-content\/uploads\/2025\/06\/14-Brincaland-Sao-Jose-SC-768x1152.jpg 768w, https:\/\/canequin.com.br\/sites\/altipisos\/wp-content\/uploads\/2025\/06\/14-Brincaland-Sao-Jose-SC-1024x1536.jpg 1024w, https:\/\/canequin.com.br\/sites\/altipisos\/wp-content\/uploads\/2025\/06\/14-Brincaland-Sao-Jose-SC-1365x2048.jpg 1365w, https:\/\/canequin.com.br\/sites\/altipisos\/wp-content\/uploads\/2025\/06\/14-Brincaland-Sao-Jose-SC-scaled.jpg 1706w\" sizes=\"(max-width: 426px) 100vw, 426px\" \/><\/p>\n<p>&nbsp;<\/p>\n<p>Al\u00e9m de todos esses benef\u00edcios, os pisos modulares da Altipisos se destacam pela est\u00e9tica, com diversas cores e acabamentos que atendem diferentes tipos de espa\u00e7os. Seja para criar uma sala de espera acolhedora ou para uma \u00e1rea de lazer no hospital ou restaurante, o design n\u00e3o fica de fora.<\/p>\n<p><b>Conhe\u00e7a nossas solu\u00e7\u00f5es, <a href=\"https:\/\/canequin.com.br\/sites\/altipisos\">acessando nosso site!<\/a><\/b><\/p>\n","protected":false},"excerpt":{"rendered":"<p>Cada vez mais, empresas e espa\u00e7os corporativos est\u00e3o buscando solu\u00e7\u00f5es que aliam praticidade e design. O piso modular surge como uma op\u00e7\u00e3o vers\u00e1til para transformar esses ambientes, seja em restaurantes, hospitais ou escrit\u00f3rios. Seus benef\u00edcios s\u00e3o claros: rapidez na instala\u00e7\u00e3o, facilidade de manuten\u00e7\u00e3o e a possibilidade de personaliza\u00e7\u00e3o com diversas cores e acabamentos. Aplica\u00e7\u00e3o em [&hellip;]<\/p>\n","protected":false},"author":2,"featured_media":6238,"comment_status":"closed","ping_status":"closed","sticky":false,"template":"","format":"standard","meta":{"footnotes":""},"categories":[9,15,312],"tags":[212,160,16,330,182],"class_list":["post-6228","post","type-post","status-publish","format-standard","has-post-thumbnail","hentry","category-dicas","category-piso-modular","category-playground","tag-altipisos","tag-lazer","tag-piso-modular","tag-pisos-modulares","tag-playground"],"yoast_head":"<!-- This site is optimized with the Yoast SEO plugin v27.5 - https:\/\/yoast.com\/product\/yoast-seo-wordpress\/ -->\n<title>Transformando espa\u00e7os corporativos com Pisos Modulares: praticidade e design<\/title>\n<meta name=\"description\" content=\"Vamos mostrar como os pisos modulares podem ser uma solu\u00e7\u00e3o pr\u00e1tica e estilosa para transformar ambientes corporativos, restaurantes.\" \/>\n<meta name=\"robots\" content=\"index, follow, max-snippet:-1, max-image-preview:large, max-video-preview:-1\" \/>\n<link rel=\"canonical\" href=\"https:\/\/canequin.com.br\/sites\/altipisos\/transformando-espacos-corporativos-com-pisos-modulares-praticidade-e-design\/\" \/>\n<meta property=\"og:locale\" content=\"pt_BR\" \/>\n<meta property=\"og:type\" content=\"article\" \/>\n<meta property=\"og:title\" content=\"Transformando espa\u00e7os corporativos com Pisos Modulares: praticidade e design\" \/>\n<meta property=\"og:description\" content=\"Vamos mostrar como os pisos modulares podem ser uma solu\u00e7\u00e3o pr\u00e1tica e estilosa para transformar ambientes corporativos, restaurantes.\" \/>\n<meta property=\"og:url\" content=\"https:\/\/canequin.com.br\/sites\/altipisos\/transformando-espacos-corporativos-com-pisos-modulares-praticidade-e-design\/\" \/>\n<meta property=\"og:site_name\" content=\"Altipisos\" \/>\n<meta property=\"article:published_time\" content=\"2025-07-08T11:00:33+00:00\" \/>\n<meta property=\"og:image\" content=\"https:\/\/canequin.com.br\/sites\/altipisos\/wp-content\/uploads\/2025\/06\/Transformando-espacos-corporativos-com-Pisos-Modulares.png\" \/>\n\t<meta property=\"og:image:width\" content=\"1200\" \/>\n\t<meta property=\"og:image:height\" content=\"630\" \/>\n\t<meta property=\"og:image:type\" content=\"image\/png\" \/>\n<meta name=\"author\" content=\"Qing Comunica\u00e7\u00e3o\" \/>\n<meta name=\"twitter:card\" content=\"summary_large_image\" \/>\n<meta name=\"twitter:title\" content=\"Transformando espa\u00e7os corporativos com Pisos Modulares: praticidade e design\" \/>\n<meta name=\"twitter:description\" content=\"Vamos mostrar como os pisos modulares podem ser uma solu\u00e7\u00e3o pr\u00e1tica e estilosa para transformar ambientes corporativos, restaurantes.\" \/>\n<meta name=\"twitter:image\" content=\"https:\/\/canequin.com.br\/sites\/altipisos\/wp-content\/uploads\/2025\/06\/Transformando-espacos-corporativos-com-Pisos-Modulares.png\" \/>\n<meta name=\"twitter:label1\" content=\"Escrito por\" \/>\n\t<meta name=\"twitter:data1\" content=\"Qing Comunica\u00e7\u00e3o\" \/>\n\t<meta name=\"twitter:label2\" content=\"Est. tempo de leitura\" \/>\n\t<meta name=\"twitter:data2\" content=\"3 minutos\" \/>\n<script type=\"application\/ld+json\" class=\"yoast-schema-graph\">{\"@context\":\"https:\\\/\\\/schema.org\",\"@graph\":[{\"@type\":\"Article\",\"@id\":\"https:\\\/\\\/canequin.com.br\\\/sites\\\/altipisos\\\/transformando-espacos-corporativos-com-pisos-modulares-praticidade-e-design\\\/#article\",\"isPartOf\":{\"@id\":\"https:\\\/\\\/canequin.com.br\\\/sites\\\/altipisos\\\/transformando-espacos-corporativos-com-pisos-modulares-praticidade-e-design\\\/\"},\"author\":{\"name\":\"Qing Comunica\u00e7\u00e3o\",\"@id\":\"https:\\\/\\\/canequin.com.br\\\/sites\\\/altipisos\\\/#\\\/schema\\\/person\\\/ca968cb1fdcd643c44cc03511723d248\"},\"headline\":\"Transformando espa\u00e7os corporativos com pisos modulares: praticidade e design\",\"datePublished\":\"2025-07-08T11:00:33+00:00\",\"mainEntityOfPage\":{\"@id\":\"https:\\\/\\\/canequin.com.br\\\/sites\\\/altipisos\\\/transformando-espacos-corporativos-com-pisos-modulares-praticidade-e-design\\\/\"},\"wordCount\":278,\"image\":{\"@id\":\"https:\\\/\\\/canequin.com.br\\\/sites\\\/altipisos\\\/transformando-espacos-corporativos-com-pisos-modulares-praticidade-e-design\\\/#primaryimage\"},\"thumbnailUrl\":\"https:\\\/\\\/canequin.com.br\\\/sites\\\/altipisos\\\/wp-content\\\/uploads\\\/2025\\\/06\\\/Transformando-espacos-corporativos-com-Pisos-Modulares.png\",\"keywords\":[\"altipisos\",\"lazer\",\"piso modular\",\"pisos modulares\",\"playground\"],\"articleSection\":[\"Dicas\",\"Piso Modular\",\"Playground\"],\"inLanguage\":\"pt-BR\"},{\"@type\":\"WebPage\",\"@id\":\"https:\\\/\\\/canequin.com.br\\\/sites\\\/altipisos\\\/transformando-espacos-corporativos-com-pisos-modulares-praticidade-e-design\\\/\",\"url\":\"https:\\\/\\\/canequin.com.br\\\/sites\\\/altipisos\\\/transformando-espacos-corporativos-com-pisos-modulares-praticidade-e-design\\\/\",\"name\":\"Transformando espa\u00e7os corporativos com Pisos Modulares: praticidade e design\",\"isPartOf\":{\"@id\":\"https:\\\/\\\/canequin.com.br\\\/sites\\\/altipisos\\\/#website\"},\"primaryImageOfPage\":{\"@id\":\"https:\\\/\\\/canequin.com.br\\\/sites\\\/altipisos\\\/transformando-espacos-corporativos-com-pisos-modulares-praticidade-e-design\\\/#primaryimage\"},\"image\":{\"@id\":\"https:\\\/\\\/canequin.com.br\\\/sites\\\/altipisos\\\/transformando-espacos-corporativos-com-pisos-modulares-praticidade-e-design\\\/#primaryimage\"},\"thumbnailUrl\":\"https:\\\/\\\/canequin.com.br\\\/sites\\\/altipisos\\\/wp-content\\\/uploads\\\/2025\\\/06\\\/Transformando-espacos-corporativos-com-Pisos-Modulares.png\",\"datePublished\":\"2025-07-08T11:00:33+00:00\",\"author\":{\"@id\":\"https:\\\/\\\/canequin.com.br\\\/sites\\\/altipisos\\\/#\\\/schema\\\/person\\\/ca968cb1fdcd643c44cc03511723d248\"},\"description\":\"Vamos mostrar como os pisos modulares podem ser uma solu\u00e7\u00e3o pr\u00e1tica e estilosa para transformar ambientes corporativos, restaurantes.\",\"breadcrumb\":{\"@id\":\"https:\\\/\\\/canequin.com.br\\\/sites\\\/altipisos\\\/transformando-espacos-corporativos-com-pisos-modulares-praticidade-e-design\\\/#breadcrumb\"},\"inLanguage\":\"pt-BR\",\"potentialAction\":[{\"@type\":\"ReadAction\",\"target\":[\"https:\\\/\\\/canequin.com.br\\\/sites\\\/altipisos\\\/transformando-espacos-corporativos-com-pisos-modulares-praticidade-e-design\\\/\"]}]},{\"@type\":\"ImageObject\",\"inLanguage\":\"pt-BR\",\"@id\":\"https:\\\/\\\/canequin.com.br\\\/sites\\\/altipisos\\\/transformando-espacos-corporativos-com-pisos-modulares-praticidade-e-design\\\/#primaryimage\",\"url\":\"https:\\\/\\\/canequin.com.br\\\/sites\\\/altipisos\\\/wp-content\\\/uploads\\\/2025\\\/06\\\/Transformando-espacos-corporativos-com-Pisos-Modulares.png\",\"contentUrl\":\"https:\\\/\\\/canequin.com.br\\\/sites\\\/altipisos\\\/wp-content\\\/uploads\\\/2025\\\/06\\\/Transformando-espacos-corporativos-com-Pisos-Modulares.png\",\"width\":1200,\"height\":630},{\"@type\":\"BreadcrumbList\",\"@id\":\"https:\\\/\\\/canequin.com.br\\\/sites\\\/altipisos\\\/transformando-espacos-corporativos-com-pisos-modulares-praticidade-e-design\\\/#breadcrumb\",\"itemListElement\":[{\"@type\":\"ListItem\",\"position\":1,\"name\":\"In\u00edcio\",\"item\":\"https:\\\/\\\/canequin.com.br\\\/sites\\\/altipisos\\\/\"},{\"@type\":\"ListItem\",\"position\":2,\"name\":\"Transformando espa\u00e7os corporativos com pisos modulares: praticidade e design\"}]},{\"@type\":\"WebSite\",\"@id\":\"https:\\\/\\\/canequin.com.br\\\/sites\\\/altipisos\\\/#website\",\"url\":\"https:\\\/\\\/canequin.com.br\\\/sites\\\/altipisos\\\/\",\"name\":\"Altipisos\",\"description\":\"\",\"potentialAction\":[{\"@type\":\"SearchAction\",\"target\":{\"@type\":\"EntryPoint\",\"urlTemplate\":\"https:\\\/\\\/canequin.com.br\\\/sites\\\/altipisos\\\/?s={search_term_string}\"},\"query-input\":{\"@type\":\"PropertyValueSpecification\",\"valueRequired\":true,\"valueName\":\"search_term_string\"}}],\"inLanguage\":\"pt-BR\"},{\"@type\":\"Person\",\"@id\":\"https:\\\/\\\/canequin.com.br\\\/sites\\\/altipisos\\\/#\\\/schema\\\/person\\\/ca968cb1fdcd643c44cc03511723d248\",\"name\":\"Qing Comunica\u00e7\u00e3o\",\"sameAs\":[\"http:\\\/\\\/qing.com.br\"],\"url\":\"https:\\\/\\\/canequin.com.br\\\/sites\\\/altipisos\\\/author\\\/qing\\\/\"}]}<\/script>\n<!-- \/ Yoast SEO plugin. -->","yoast_head_json":{"title":"Transformando espa\u00e7os corporativos com Pisos Modulares: praticidade e design","description":"Vamos mostrar como os pisos modulares podem ser uma solu\u00e7\u00e3o pr\u00e1tica e estilosa para transformar ambientes corporativos, restaurantes.","robots":{"index":"index","follow":"follow","max-snippet":"max-snippet:-1","max-image-preview":"max-image-preview:large","max-video-preview":"max-video-preview:-1"},"canonical":"https:\/\/canequin.com.br\/sites\/altipisos\/transformando-espacos-corporativos-com-pisos-modulares-praticidade-e-design\/","og_locale":"pt_BR","og_type":"article","og_title":"Transformando espa\u00e7os corporativos com Pisos Modulares: praticidade e design","og_description":"Vamos mostrar como os pisos modulares podem ser uma solu\u00e7\u00e3o pr\u00e1tica e estilosa para transformar ambientes corporativos, restaurantes.","og_url":"https:\/\/canequin.com.br\/sites\/altipisos\/transformando-espacos-corporativos-com-pisos-modulares-praticidade-e-design\/","og_site_name":"Altipisos","article_published_time":"2025-07-08T11:00:33+00:00","og_image":[{"width":1200,"height":630,"url":"https:\/\/canequin.com.br\/sites\/altipisos\/wp-content\/uploads\/2025\/06\/Transformando-espacos-corporativos-com-Pisos-Modulares.png","type":"image\/png"}],"author":"Qing Comunica\u00e7\u00e3o","twitter_card":"summary_large_image","twitter_title":"Transformando espa\u00e7os corporativos com Pisos Modulares: praticidade e design","twitter_description":"Vamos mostrar como os pisos modulares podem ser uma solu\u00e7\u00e3o pr\u00e1tica e estilosa para transformar ambientes corporativos, restaurantes.","twitter_image":"https:\/\/canequin.com.br\/sites\/altipisos\/wp-content\/uploads\/2025\/06\/Transformando-espacos-corporativos-com-Pisos-Modulares.png","twitter_misc":{"Escrito por":"Qing Comunica\u00e7\u00e3o","Est. tempo de leitura":"3 minutos"},"schema":{"@context":"https:\/\/schema.org","@graph":[{"@type":"Article","@id":"https:\/\/canequin.com.br\/sites\/altipisos\/transformando-espacos-corporativos-com-pisos-modulares-praticidade-e-design\/#article","isPartOf":{"@id":"https:\/\/canequin.com.br\/sites\/altipisos\/transformando-espacos-corporativos-com-pisos-modulares-praticidade-e-design\/"},"author":{"name":"Qing Comunica\u00e7\u00e3o","@id":"https:\/\/canequin.com.br\/sites\/altipisos\/#\/schema\/person\/ca968cb1fdcd643c44cc03511723d248"},"headline":"Transformando espa\u00e7os corporativos com pisos modulares: praticidade e design","datePublished":"2025-07-08T11:00:33+00:00","mainEntityOfPage":{"@id":"https:\/\/canequin.com.br\/sites\/altipisos\/transformando-espacos-corporativos-com-pisos-modulares-praticidade-e-design\/"},"wordCount":278,"image":{"@id":"https:\/\/canequin.com.br\/sites\/altipisos\/transformando-espacos-corporativos-com-pisos-modulares-praticidade-e-design\/#primaryimage"},"thumbnailUrl":"https:\/\/canequin.com.br\/sites\/altipisos\/wp-content\/uploads\/2025\/06\/Transformando-espacos-corporativos-com-Pisos-Modulares.png","keywords":["altipisos","lazer","piso modular","pisos modulares","playground"],"articleSection":["Dicas","Piso Modular","Playground"],"inLanguage":"pt-BR"},{"@type":"WebPage","@id":"https:\/\/canequin.com.br\/sites\/altipisos\/transformando-espacos-corporativos-com-pisos-modulares-praticidade-e-design\/","url":"https:\/\/canequin.com.br\/sites\/altipisos\/transformando-espacos-corporativos-com-pisos-modulares-praticidade-e-design\/","name":"Transformando espa\u00e7os corporativos com Pisos Modulares: praticidade e design","isPartOf":{"@id":"https:\/\/canequin.com.br\/sites\/altipisos\/#website"},"primaryImageOfPage":{"@id":"https:\/\/canequin.com.br\/sites\/altipisos\/transformando-espacos-corporativos-com-pisos-modulares-praticidade-e-design\/#primaryimage"},"image":{"@id":"https:\/\/canequin.com.br\/sites\/altipisos\/transformando-espacos-corporativos-com-pisos-modulares-praticidade-e-design\/#primaryimage"},"thumbnailUrl":"https:\/\/canequin.com.br\/sites\/altipisos\/wp-content\/uploads\/2025\/06\/Transformando-espacos-corporativos-com-Pisos-Modulares.png","datePublished":"2025-07-08T11:00:33+00:00","author":{"@id":"https:\/\/canequin.com.br\/sites\/altipisos\/#\/schema\/person\/ca968cb1fdcd643c44cc03511723d248"},"description":"Vamos mostrar como os pisos modulares podem ser uma solu\u00e7\u00e3o pr\u00e1tica e estilosa para transformar ambientes corporativos, restaurantes.","breadcrumb":{"@id":"https:\/\/canequin.com.br\/sites\/altipisos\/transformando-espacos-corporativos-com-pisos-modulares-praticidade-e-design\/#breadcrumb"},"inLanguage":"pt-BR","potentialAction":[{"@type":"ReadAction","target":["https:\/\/canequin.com.br\/sites\/altipisos\/transformando-espacos-corporativos-com-pisos-modulares-praticidade-e-design\/"]}]},{"@type":"ImageObject","inLanguage":"pt-BR","@id":"https:\/\/canequin.com.br\/sites\/altipisos\/transformando-espacos-corporativos-com-pisos-modulares-praticidade-e-design\/#primaryimage","url":"https:\/\/canequin.com.br\/sites\/altipisos\/wp-content\/uploads\/2025\/06\/Transformando-espacos-corporativos-com-Pisos-Modulares.png","contentUrl":"https:\/\/canequin.com.br\/sites\/altipisos\/wp-content\/uploads\/2025\/06\/Transformando-espacos-corporativos-com-Pisos-Modulares.png","width":1200,"height":630},{"@type":"BreadcrumbList","@id":"https:\/\/canequin.com.br\/sites\/altipisos\/transformando-espacos-corporativos-com-pisos-modulares-praticidade-e-design\/#breadcrumb","itemListElement":[{"@type":"ListItem","position":1,"name":"In\u00edcio","item":"https:\/\/canequin.com.br\/sites\/altipisos\/"},{"@type":"ListItem","position":2,"name":"Transformando espa\u00e7os corporativos com pisos modulares: praticidade e design"}]},{"@type":"WebSite","@id":"https:\/\/canequin.com.br\/sites\/altipisos\/#website","url":"https:\/\/canequin.com.br\/sites\/altipisos\/","name":"Altipisos","description":"","potentialAction":[{"@type":"SearchAction","target":{"@type":"EntryPoint","urlTemplate":"https:\/\/canequin.com.br\/sites\/altipisos\/?s={search_term_string}"},"query-input":{"@type":"PropertyValueSpecification","valueRequired":true,"valueName":"search_term_string"}}],"inLanguage":"pt-BR"},{"@type":"Person","@id":"https:\/\/canequin.com.br\/sites\/altipisos\/#\/schema\/person\/ca968cb1fdcd643c44cc03511723d248","name":"Qing Comunica\u00e7\u00e3o","sameAs":["http:\/\/qing.com.br"],"url":"https:\/\/canequin.com.br\/sites\/altipisos\/author\/qing\/"}]}},"lang":"pt","translations":{"pt":6228,"en":6577},"pll_sync_post":[],"_links":{"self":[{"href":"https:\/\/canequin.com.br\/sites\/altipisos\/wp-json\/wp\/v2\/posts\/6228","targetHints":{"allow":["GET"]}}],"collection":[{"href":"https:\/\/canequin.com.br\/sites\/altipisos\/wp-json\/wp\/v2\/posts"}],"about":[{"href":"https:\/\/canequin.com.br\/sites\/altipisos\/wp-json\/wp\/v2\/types\/post"}],"author":[{"embeddable":true,"href":"https:\/\/canequin.com.br\/sites\/altipisos\/wp-json\/wp\/v2\/users\/2"}],"replies":[{"embeddable":true,"href":"https:\/\/canequin.com.br\/sites\/altipisos\/wp-json\/wp\/v2\/comments?post=6228"}],"version-history":[{"count":0,"href":"https:\/\/canequin.com.br\/sites\/altipisos\/wp-json\/wp\/v2\/posts\/6228\/revisions"}],"wp:featuredmedia":[{"embeddable":true,"href":"https:\/\/canequin.com.br\/sites\/altipisos\/wp-json\/wp\/v2\/media\/6238"}],"wp:attachment":[{"href":"https:\/\/canequin.com.br\/sites\/altipisos\/wp-json\/wp\/v2\/media?parent=6228"}],"wp:term":[{"taxonomy":"category","embeddable":true,"href":"https:\/\/canequin.com.br\/sites\/altipisos\/wp-json\/wp\/v2\/categories?post=6228"},{"taxonomy":"post_tag","embeddable":true,"href":"https:\/\/canequin.com.br\/sites\/altipisos\/wp-json\/wp\/v2\/tags?post=6228"}],"curies":[{"name":"wp","href":"https:\/\/api.w.org\/{rel}","templated":true}]}}