{"id":5843,"date":"2025-02-04T11:40:18","date_gmt":"2025-02-04T14:40:18","guid":{"rendered":"https:\/\/altipisos.com.br\/?p=5843"},"modified":"2025-02-04T11:41:20","modified_gmt":"2025-02-04T14:41:20","slug":"piso-modular-para-escolas-inicie-o-ano-letivo-sem-preocupacoes","status":"publish","type":"post","link":"https:\/\/canequin.com.br\/sites\/altipisos\/piso-modular-para-escolas-inicie-o-ano-letivo-sem-preocupacoes\/","title":{"rendered":"Piso modular para escolas: inicie o ano letivo sem preocupa\u00e7\u00f5es"},"content":{"rendered":"<p><b>Piso modular para escolas: inicie o ano letivo sem preocupa\u00e7\u00f5es<\/b><\/p>\n<p><span style=\"font-weight: 400;\">O in\u00edcio do ano letivo \u00e9 um momento crucial para preparar a escola e oferecer aos alunos ambientes seguros e modernos. Para quem busca reformar a quadra escolar, o piso modular das linhas <\/span><a href=\"https:\/\/canequin.com.br\/sites\/altipisos\/produtos\/sport-in\/sport-in\/\"><span style=\"font-weight: 400;\">Sport In<\/span><\/a><span style=\"font-weight: 400;\"> e <\/span><a href=\"https:\/\/canequin.com.br\/sites\/altipisos\/produtos\/piso-modular\/sport-out\/\"><span style=\"font-weight: 400;\">Sport Out<\/span><\/a><span style=\"font-weight: 400;\"> da <\/span><a href=\"https:\/\/canequin.com.br\/sites\/altipisos\/sobre-nos\/\"><span style=\"font-weight: 400;\">Altipisos<\/span><\/a><span style=\"font-weight: 400;\"> \u00e9 a solu\u00e7\u00e3o ideal. J\u00e1 para as \u00e1reas recreativas, a Altipisos tem as linhas <\/span><a href=\"https:\/\/canequin.com.br\/sites\/altipisos\/produtos\/ultima-linha\/toy-floor\/\"><span style=\"font-weight: 400;\">Toy Floor<\/span><\/a><span style=\"font-weight: 400;\"> e <\/span><a href=\"https:\/\/canequin.com.br\/sites\/altipisos\/produtos\/piso-modular\/play-soft\/\"><span style=\"font-weight: 400;\">Play Soft<\/span><\/a><span style=\"font-weight: 400;\">. Com instala\u00e7\u00e3o r\u00e1pida, aus\u00eancia de obras e alta durabilidade, sua escola estar\u00e1 pronta para receber os alunos a tempo!<\/span><\/p>\n<p><b>Por que escolher os pisos modulares da Altipisos?<\/b><\/p>\n<ol>\n<li><b> Instala\u00e7\u00e3o em at\u00e9 48 horas<\/b><\/li>\n<\/ol>\n<p><span style=\"font-weight: 400;\">Renove os espa\u00e7os da sua escola de forma \u00e1gil. Em at\u00e9 48 horas, sua <\/span><a href=\"https:\/\/canequin.com.br\/sites\/altipisos\/categoria\/quadras-esportivas\/\"><span style=\"font-weight: 400;\">quadra<\/span><\/a><span style=\"font-weight: 400;\"> ou \u00e1rea <\/span><a href=\"https:\/\/canequin.com.br\/sites\/altipisos\/categoria\/playground\/\"><span style=\"font-weight: 400;\">recreativa<\/span><\/a><span style=\"font-weight: 400;\"> estar\u00e1 pronta, sem impacto no dia a dia escolar. \u00c9 a escolha ideal para o curto per\u00edodo de f\u00e9rias.<\/span><\/p>\n<ol start=\"2\">\n<li><b> Sem cheiro ou res\u00edduos<\/b><\/li>\n<\/ol>\n<p><span style=\"font-weight: 400;\">Esque\u00e7a os inc\u00f4modos das <\/span><a href=\"https:\/\/canequin.com.br\/sites\/altipisos\/categoria\/reformas\/\"><span style=\"font-weight: 400;\">reformas<\/span><\/a><span style=\"font-weight: 400;\"> tradicionais! Os pisos modulares para escolas s\u00e3o limpos, at\u00f3xicos e livres de cheiros, garantindo um ambiente seguro e saud\u00e1vel.<\/span><\/p>\n<ol start=\"3\">\n<li><b> Seguran\u00e7a e durabilidade<\/b><\/li>\n<\/ol>\n<p><span style=\"font-weight: 400;\">Com um sistema de amortecimento avan\u00e7ado, o piso modular para escolas reduz o impacto em articula\u00e7\u00f5es e oferece uma superf\u00edcie antiderrapante, minimizando o risco de les\u00f5es. Al\u00e9m disso, ele \u00e9 altamente dur\u00e1vel, com excelente custo-benef\u00edcio.<\/span><\/p>\n<p><b>Benef\u00edcios para a gest\u00e3o escolar<\/b><\/p>\n<p><b>Sem complica\u00e7\u00f5es<\/b><span style=\"font-weight: 400;\">: Instala\u00e7\u00e3o pr\u00e1tica, sem necessidade de reformas estruturais.<\/span><\/p>\n<p><b>Economia a longo prazo<\/b><span style=\"font-weight: 400;\">: Menos manuten\u00e7\u00e3o e mais durabilidade.<\/span><\/p>\n<p><b>Visual atrativo<\/b><span style=\"font-weight: 400;\">: Personaliza\u00e7\u00e3o com at\u00e9 35 cores, valorizando o ambiente escolar.<\/span><\/p>\n<p><span style=\"font-weight: 400;\">Fa\u00e7a do in\u00edcio do ano letivo um momento marcante. Invista em seguran\u00e7a, modernidade e praticidade com os <\/span><a href=\"https:\/\/canequin.com.br\/sites\/altipisos\/categoria\/piso-modular\/\"><span style=\"font-weight: 400;\">pisos modulares<\/span><\/a><span style=\"font-weight: 400;\"> para escolas Altipisos. Sua escola merece o melhor, clique <\/span><a href=\"https:\/\/canequin.com.br\/sites\/altipisos\/contato\/\"><span style=\"font-weight: 400;\">aqui<\/span><\/a><span style=\"font-weight: 400;\"> e solicite seu or\u00e7amento agora mesmo.<\/span><\/p>\n","protected":false},"excerpt":{"rendered":"<p>Piso modular para escolas: inicie o ano letivo sem preocupa\u00e7\u00f5es O in\u00edcio do ano letivo \u00e9 um momento crucial para preparar a escola e oferecer aos alunos ambientes seguros e modernos. Para quem busca reformar a quadra escolar, o piso modular das linhas Sport In e Sport Out da Altipisos \u00e9 a solu\u00e7\u00e3o ideal. J\u00e1 [&hellip;]<\/p>\n","protected":false},"author":2,"featured_media":5845,"comment_status":"closed","ping_status":"closed","sticky":false,"template":"","format":"standard","meta":{"footnotes":""},"categories":[15],"tags":[212,1018,16,1422,1420,344,1020,1022,330,1024,1028],"class_list":["post-5843","post","type-post","status-publish","format-standard","has-post-thumbnail","hentry","category-piso-modular","tag-altipisos","tag-piso-escolar","tag-piso-modular","tag-piso-modular-escolar","tag-piso-modular-para-escola","tag-piso-para-criancas","tag-piso-para-escolas","tag-piso-seguro","tag-pisos-modulares","tag-play-soft","tag-reforma-piso"],"yoast_head":"<!-- This site is optimized with the Yoast SEO plugin v27.5 - https:\/\/yoast.com\/product\/yoast-seo-wordpress\/ -->\n<title>Piso modular para escolas: inicie o ano letivo sem preocupa\u00e7\u00f5es - Altipisos<\/title>\n<meta name=\"description\" content=\"Transforme os espa\u00e7os da sua escola com pisos modulares Altipisos. Instala\u00e7\u00e3o r\u00e1pida, sem obras complicadas ou cheiro, ideal para quadras e \u00e1reas recreativas. Solicite um or\u00e7amento e comece o ano letivo preparado!\" \/>\n<meta name=\"robots\" content=\"index, follow, max-snippet:-1, max-image-preview:large, max-video-preview:-1\" \/>\n<link rel=\"canonical\" href=\"https:\/\/canequin.com.br\/sites\/altipisos\/piso-modular-para-escolas-inicie-o-ano-letivo-sem-preocupacoes\/\" \/>\n<meta property=\"og:locale\" content=\"pt_BR\" \/>\n<meta property=\"og:type\" content=\"article\" \/>\n<meta property=\"og:title\" content=\"Piso modular para escolas: inicie o ano letivo sem preocupa\u00e7\u00f5es - Altipisos\" \/>\n<meta property=\"og:description\" content=\"Transforme os espa\u00e7os da sua escola com pisos modulares Altipisos. Instala\u00e7\u00e3o r\u00e1pida, sem obras complicadas ou cheiro, ideal para quadras e \u00e1reas recreativas. Solicite um or\u00e7amento e comece o ano letivo preparado!\" \/>\n<meta property=\"og:url\" content=\"https:\/\/canequin.com.br\/sites\/altipisos\/piso-modular-para-escolas-inicie-o-ano-letivo-sem-preocupacoes\/\" \/>\n<meta property=\"og:site_name\" content=\"Altipisos\" \/>\n<meta property=\"article:published_time\" content=\"2025-02-04T14:40:18+00:00\" \/>\n<meta property=\"article:modified_time\" content=\"2025-02-04T14:41:20+00:00\" \/>\n<meta property=\"og:image\" content=\"https:\/\/canequin.com.br\/sites\/altipisos\/wp-content\/uploads\/2025\/02\/285_128_blog_08-1-1.png\" \/>\n\t<meta property=\"og:image:width\" content=\"1280\" \/>\n\t<meta property=\"og:image:height\" content=\"853\" \/>\n\t<meta property=\"og:image:type\" content=\"image\/png\" \/>\n<meta name=\"author\" content=\"Qing Comunica\u00e7\u00e3o\" \/>\n<meta name=\"twitter:card\" content=\"summary_large_image\" \/>\n<meta name=\"twitter:label1\" content=\"Escrito por\" \/>\n\t<meta name=\"twitter:data1\" content=\"Qing Comunica\u00e7\u00e3o\" \/>\n\t<meta name=\"twitter:label2\" content=\"Est. tempo de leitura\" \/>\n\t<meta name=\"twitter:data2\" content=\"2 minutos\" \/>\n<script type=\"application\/ld+json\" class=\"yoast-schema-graph\">{\"@context\":\"https:\\\/\\\/schema.org\",\"@graph\":[{\"@type\":\"Article\",\"@id\":\"https:\\\/\\\/canequin.com.br\\\/sites\\\/altipisos\\\/piso-modular-para-escolas-inicie-o-ano-letivo-sem-preocupacoes\\\/#article\",\"isPartOf\":{\"@id\":\"https:\\\/\\\/canequin.com.br\\\/sites\\\/altipisos\\\/piso-modular-para-escolas-inicie-o-ano-letivo-sem-preocupacoes\\\/\"},\"author\":{\"name\":\"Qing Comunica\u00e7\u00e3o\",\"@id\":\"https:\\\/\\\/canequin.com.br\\\/sites\\\/altipisos\\\/#\\\/schema\\\/person\\\/ca968cb1fdcd643c44cc03511723d248\"},\"headline\":\"Piso modular para escolas: inicie o ano letivo sem preocupa\u00e7\u00f5es\",\"datePublished\":\"2025-02-04T14:40:18+00:00\",\"dateModified\":\"2025-02-04T14:41:20+00:00\",\"mainEntityOfPage\":{\"@id\":\"https:\\\/\\\/canequin.com.br\\\/sites\\\/altipisos\\\/piso-modular-para-escolas-inicie-o-ano-letivo-sem-preocupacoes\\\/\"},\"wordCount\":312,\"image\":{\"@id\":\"https:\\\/\\\/canequin.com.br\\\/sites\\\/altipisos\\\/piso-modular-para-escolas-inicie-o-ano-letivo-sem-preocupacoes\\\/#primaryimage\"},\"thumbnailUrl\":\"https:\\\/\\\/canequin.com.br\\\/sites\\\/altipisos\\\/wp-content\\\/uploads\\\/2025\\\/02\\\/285_128_blog_08-1-1.png\",\"keywords\":[\"altipisos\",\"Piso escolar\",\"piso modular\",\"Piso modular escolar\",\"Piso modular para escola\",\"Piso para crian\u00e7as\",\"Piso para escolas\",\"Piso seguro\",\"pisos modulares\",\"Play soft\",\"Reforma piso\"],\"articleSection\":[\"Piso Modular\"],\"inLanguage\":\"pt-BR\"},{\"@type\":\"WebPage\",\"@id\":\"https:\\\/\\\/canequin.com.br\\\/sites\\\/altipisos\\\/piso-modular-para-escolas-inicie-o-ano-letivo-sem-preocupacoes\\\/\",\"url\":\"https:\\\/\\\/canequin.com.br\\\/sites\\\/altipisos\\\/piso-modular-para-escolas-inicie-o-ano-letivo-sem-preocupacoes\\\/\",\"name\":\"Piso modular para escolas: inicie o ano letivo sem preocupa\u00e7\u00f5es - Altipisos\",\"isPartOf\":{\"@id\":\"https:\\\/\\\/canequin.com.br\\\/sites\\\/altipisos\\\/#website\"},\"primaryImageOfPage\":{\"@id\":\"https:\\\/\\\/canequin.com.br\\\/sites\\\/altipisos\\\/piso-modular-para-escolas-inicie-o-ano-letivo-sem-preocupacoes\\\/#primaryimage\"},\"image\":{\"@id\":\"https:\\\/\\\/canequin.com.br\\\/sites\\\/altipisos\\\/piso-modular-para-escolas-inicie-o-ano-letivo-sem-preocupacoes\\\/#primaryimage\"},\"thumbnailUrl\":\"https:\\\/\\\/canequin.com.br\\\/sites\\\/altipisos\\\/wp-content\\\/uploads\\\/2025\\\/02\\\/285_128_blog_08-1-1.png\",\"datePublished\":\"2025-02-04T14:40:18+00:00\",\"dateModified\":\"2025-02-04T14:41:20+00:00\",\"author\":{\"@id\":\"https:\\\/\\\/canequin.com.br\\\/sites\\\/altipisos\\\/#\\\/schema\\\/person\\\/ca968cb1fdcd643c44cc03511723d248\"},\"description\":\"Transforme os espa\u00e7os da sua escola com pisos modulares Altipisos. Instala\u00e7\u00e3o r\u00e1pida, sem obras complicadas ou cheiro, ideal para quadras e \u00e1reas recreativas. Solicite um or\u00e7amento e comece o ano letivo preparado!\",\"breadcrumb\":{\"@id\":\"https:\\\/\\\/canequin.com.br\\\/sites\\\/altipisos\\\/piso-modular-para-escolas-inicie-o-ano-letivo-sem-preocupacoes\\\/#breadcrumb\"},\"inLanguage\":\"pt-BR\",\"potentialAction\":[{\"@type\":\"ReadAction\",\"target\":[\"https:\\\/\\\/canequin.com.br\\\/sites\\\/altipisos\\\/piso-modular-para-escolas-inicie-o-ano-letivo-sem-preocupacoes\\\/\"]}]},{\"@type\":\"ImageObject\",\"inLanguage\":\"pt-BR\",\"@id\":\"https:\\\/\\\/canequin.com.br\\\/sites\\\/altipisos\\\/piso-modular-para-escolas-inicie-o-ano-letivo-sem-preocupacoes\\\/#primaryimage\",\"url\":\"https:\\\/\\\/canequin.com.br\\\/sites\\\/altipisos\\\/wp-content\\\/uploads\\\/2025\\\/02\\\/285_128_blog_08-1-1.png\",\"contentUrl\":\"https:\\\/\\\/canequin.com.br\\\/sites\\\/altipisos\\\/wp-content\\\/uploads\\\/2025\\\/02\\\/285_128_blog_08-1-1.png\",\"width\":1280,\"height\":853},{\"@type\":\"BreadcrumbList\",\"@id\":\"https:\\\/\\\/canequin.com.br\\\/sites\\\/altipisos\\\/piso-modular-para-escolas-inicie-o-ano-letivo-sem-preocupacoes\\\/#breadcrumb\",\"itemListElement\":[{\"@type\":\"ListItem\",\"position\":1,\"name\":\"In\u00edcio\",\"item\":\"https:\\\/\\\/canequin.com.br\\\/sites\\\/altipisos\\\/\"},{\"@type\":\"ListItem\",\"position\":2,\"name\":\"Piso modular para escolas: inicie o ano letivo sem preocupa\u00e7\u00f5es\"}]},{\"@type\":\"WebSite\",\"@id\":\"https:\\\/\\\/canequin.com.br\\\/sites\\\/altipisos\\\/#website\",\"url\":\"https:\\\/\\\/canequin.com.br\\\/sites\\\/altipisos\\\/\",\"name\":\"Altipisos\",\"description\":\"\",\"potentialAction\":[{\"@type\":\"SearchAction\",\"target\":{\"@type\":\"EntryPoint\",\"urlTemplate\":\"https:\\\/\\\/canequin.com.br\\\/sites\\\/altipisos\\\/?s={search_term_string}\"},\"query-input\":{\"@type\":\"PropertyValueSpecification\",\"valueRequired\":true,\"valueName\":\"search_term_string\"}}],\"inLanguage\":\"pt-BR\"},{\"@type\":\"Person\",\"@id\":\"https:\\\/\\\/canequin.com.br\\\/sites\\\/altipisos\\\/#\\\/schema\\\/person\\\/ca968cb1fdcd643c44cc03511723d248\",\"name\":\"Qing Comunica\u00e7\u00e3o\",\"sameAs\":[\"http:\\\/\\\/qing.com.br\"],\"url\":\"https:\\\/\\\/canequin.com.br\\\/sites\\\/altipisos\\\/author\\\/qing\\\/\"}]}<\/script>\n<!-- \/ Yoast SEO plugin. -->","yoast_head_json":{"title":"Piso modular para escolas: inicie o ano letivo sem preocupa\u00e7\u00f5es - Altipisos","description":"Transforme os espa\u00e7os da sua escola com pisos modulares Altipisos. Instala\u00e7\u00e3o r\u00e1pida, sem obras complicadas ou cheiro, ideal para quadras e \u00e1reas recreativas. Solicite um or\u00e7amento e comece o ano letivo preparado!","robots":{"index":"index","follow":"follow","max-snippet":"max-snippet:-1","max-image-preview":"max-image-preview:large","max-video-preview":"max-video-preview:-1"},"canonical":"https:\/\/canequin.com.br\/sites\/altipisos\/piso-modular-para-escolas-inicie-o-ano-letivo-sem-preocupacoes\/","og_locale":"pt_BR","og_type":"article","og_title":"Piso modular para escolas: inicie o ano letivo sem preocupa\u00e7\u00f5es - Altipisos","og_description":"Transforme os espa\u00e7os da sua escola com pisos modulares Altipisos. Instala\u00e7\u00e3o r\u00e1pida, sem obras complicadas ou cheiro, ideal para quadras e \u00e1reas recreativas. Solicite um or\u00e7amento e comece o ano letivo preparado!","og_url":"https:\/\/canequin.com.br\/sites\/altipisos\/piso-modular-para-escolas-inicie-o-ano-letivo-sem-preocupacoes\/","og_site_name":"Altipisos","article_published_time":"2025-02-04T14:40:18+00:00","article_modified_time":"2025-02-04T14:41:20+00:00","og_image":[{"width":1280,"height":853,"url":"https:\/\/canequin.com.br\/sites\/altipisos\/wp-content\/uploads\/2025\/02\/285_128_blog_08-1-1.png","type":"image\/png"}],"author":"Qing Comunica\u00e7\u00e3o","twitter_card":"summary_large_image","twitter_misc":{"Escrito por":"Qing Comunica\u00e7\u00e3o","Est. tempo de leitura":"2 minutos"},"schema":{"@context":"https:\/\/schema.org","@graph":[{"@type":"Article","@id":"https:\/\/canequin.com.br\/sites\/altipisos\/piso-modular-para-escolas-inicie-o-ano-letivo-sem-preocupacoes\/#article","isPartOf":{"@id":"https:\/\/canequin.com.br\/sites\/altipisos\/piso-modular-para-escolas-inicie-o-ano-letivo-sem-preocupacoes\/"},"author":{"name":"Qing Comunica\u00e7\u00e3o","@id":"https:\/\/canequin.com.br\/sites\/altipisos\/#\/schema\/person\/ca968cb1fdcd643c44cc03511723d248"},"headline":"Piso modular para escolas: inicie o ano letivo sem preocupa\u00e7\u00f5es","datePublished":"2025-02-04T14:40:18+00:00","dateModified":"2025-02-04T14:41:20+00:00","mainEntityOfPage":{"@id":"https:\/\/canequin.com.br\/sites\/altipisos\/piso-modular-para-escolas-inicie-o-ano-letivo-sem-preocupacoes\/"},"wordCount":312,"image":{"@id":"https:\/\/canequin.com.br\/sites\/altipisos\/piso-modular-para-escolas-inicie-o-ano-letivo-sem-preocupacoes\/#primaryimage"},"thumbnailUrl":"https:\/\/canequin.com.br\/sites\/altipisos\/wp-content\/uploads\/2025\/02\/285_128_blog_08-1-1.png","keywords":["altipisos","Piso escolar","piso modular","Piso modular escolar","Piso modular para escola","Piso para crian\u00e7as","Piso para escolas","Piso seguro","pisos modulares","Play soft","Reforma piso"],"articleSection":["Piso Modular"],"inLanguage":"pt-BR"},{"@type":"WebPage","@id":"https:\/\/canequin.com.br\/sites\/altipisos\/piso-modular-para-escolas-inicie-o-ano-letivo-sem-preocupacoes\/","url":"https:\/\/canequin.com.br\/sites\/altipisos\/piso-modular-para-escolas-inicie-o-ano-letivo-sem-preocupacoes\/","name":"Piso modular para escolas: inicie o ano letivo sem preocupa\u00e7\u00f5es - Altipisos","isPartOf":{"@id":"https:\/\/canequin.com.br\/sites\/altipisos\/#website"},"primaryImageOfPage":{"@id":"https:\/\/canequin.com.br\/sites\/altipisos\/piso-modular-para-escolas-inicie-o-ano-letivo-sem-preocupacoes\/#primaryimage"},"image":{"@id":"https:\/\/canequin.com.br\/sites\/altipisos\/piso-modular-para-escolas-inicie-o-ano-letivo-sem-preocupacoes\/#primaryimage"},"thumbnailUrl":"https:\/\/canequin.com.br\/sites\/altipisos\/wp-content\/uploads\/2025\/02\/285_128_blog_08-1-1.png","datePublished":"2025-02-04T14:40:18+00:00","dateModified":"2025-02-04T14:41:20+00:00","author":{"@id":"https:\/\/canequin.com.br\/sites\/altipisos\/#\/schema\/person\/ca968cb1fdcd643c44cc03511723d248"},"description":"Transforme os espa\u00e7os da sua escola com pisos modulares Altipisos. Instala\u00e7\u00e3o r\u00e1pida, sem obras complicadas ou cheiro, ideal para quadras e \u00e1reas recreativas. Solicite um or\u00e7amento e comece o ano letivo preparado!","breadcrumb":{"@id":"https:\/\/canequin.com.br\/sites\/altipisos\/piso-modular-para-escolas-inicie-o-ano-letivo-sem-preocupacoes\/#breadcrumb"},"inLanguage":"pt-BR","potentialAction":[{"@type":"ReadAction","target":["https:\/\/canequin.com.br\/sites\/altipisos\/piso-modular-para-escolas-inicie-o-ano-letivo-sem-preocupacoes\/"]}]},{"@type":"ImageObject","inLanguage":"pt-BR","@id":"https:\/\/canequin.com.br\/sites\/altipisos\/piso-modular-para-escolas-inicie-o-ano-letivo-sem-preocupacoes\/#primaryimage","url":"https:\/\/canequin.com.br\/sites\/altipisos\/wp-content\/uploads\/2025\/02\/285_128_blog_08-1-1.png","contentUrl":"https:\/\/canequin.com.br\/sites\/altipisos\/wp-content\/uploads\/2025\/02\/285_128_blog_08-1-1.png","width":1280,"height":853},{"@type":"BreadcrumbList","@id":"https:\/\/canequin.com.br\/sites\/altipisos\/piso-modular-para-escolas-inicie-o-ano-letivo-sem-preocupacoes\/#breadcrumb","itemListElement":[{"@type":"ListItem","position":1,"name":"In\u00edcio","item":"https:\/\/canequin.com.br\/sites\/altipisos\/"},{"@type":"ListItem","position":2,"name":"Piso modular para escolas: inicie o ano letivo sem preocupa\u00e7\u00f5es"}]},{"@type":"WebSite","@id":"https:\/\/canequin.com.br\/sites\/altipisos\/#website","url":"https:\/\/canequin.com.br\/sites\/altipisos\/","name":"Altipisos","description":"","potentialAction":[{"@type":"SearchAction","target":{"@type":"EntryPoint","urlTemplate":"https:\/\/canequin.com.br\/sites\/altipisos\/?s={search_term_string}"},"query-input":{"@type":"PropertyValueSpecification","valueRequired":true,"valueName":"search_term_string"}}],"inLanguage":"pt-BR"},{"@type":"Person","@id":"https:\/\/canequin.com.br\/sites\/altipisos\/#\/schema\/person\/ca968cb1fdcd643c44cc03511723d248","name":"Qing Comunica\u00e7\u00e3o","sameAs":["http:\/\/qing.com.br"],"url":"https:\/\/canequin.com.br\/sites\/altipisos\/author\/qing\/"}]}},"lang":"pt","translations":{"pt":5843,"en":6462},"pll_sync_post":[],"_links":{"self":[{"href":"https:\/\/canequin.com.br\/sites\/altipisos\/wp-json\/wp\/v2\/posts\/5843","targetHints":{"allow":["GET"]}}],"collection":[{"href":"https:\/\/canequin.com.br\/sites\/altipisos\/wp-json\/wp\/v2\/posts"}],"about":[{"href":"https:\/\/canequin.com.br\/sites\/altipisos\/wp-json\/wp\/v2\/types\/post"}],"author":[{"embeddable":true,"href":"https:\/\/canequin.com.br\/sites\/altipisos\/wp-json\/wp\/v2\/users\/2"}],"replies":[{"embeddable":true,"href":"https:\/\/canequin.com.br\/sites\/altipisos\/wp-json\/wp\/v2\/comments?post=5843"}],"version-history":[{"count":0,"href":"https:\/\/canequin.com.br\/sites\/altipisos\/wp-json\/wp\/v2\/posts\/5843\/revisions"}],"wp:featuredmedia":[{"embeddable":true,"href":"https:\/\/canequin.com.br\/sites\/altipisos\/wp-json\/wp\/v2\/media\/5845"}],"wp:attachment":[{"href":"https:\/\/canequin.com.br\/sites\/altipisos\/wp-json\/wp\/v2\/media?parent=5843"}],"wp:term":[{"taxonomy":"category","embeddable":true,"href":"https:\/\/canequin.com.br\/sites\/altipisos\/wp-json\/wp\/v2\/categories?post=5843"},{"taxonomy":"post_tag","embeddable":true,"href":"https:\/\/canequin.com.br\/sites\/altipisos\/wp-json\/wp\/v2\/tags?post=5843"}],"curies":[{"name":"wp","href":"https:\/\/api.w.org\/{rel}","templated":true}]}}