{"id":541,"date":"2019-09-14T21:40:25","date_gmt":"2019-09-14T23:40:25","guid":{"rendered":"https:\/\/altipisos.com.br\/?p=541"},"modified":"2019-09-14T21:40:25","modified_gmt":"2019-09-14T23:40:25","slug":"participamos-da-brasil-futebol-expo","status":"publish","type":"post","link":"https:\/\/canequin.com.br\/sites\/altipisos\/participamos-da-brasil-futebol-expo\/","title":{"rendered":"Participamos da Brasil Futebol Expo!"},"content":{"rendered":"\n<p>Se voce ama o futebol brasileiro, ent\u00e3o, j\u00e1 deve ter ouvido falar da Brasil Futebol Expo, a maior feira de futebol da Am\u00e9rica Latina! N\u00f3s tivemos o enorme prazer em poder participar deste evento t\u00e3o importante, confira!<\/p>\n\n\n\n<h2 class=\"wp-block-heading\">Brasil Futebol Expo<\/h2>\n\n\n\n<p>A feira reuniu toda a ind\u00fastria do futebol: marcas, profissionais do ramo, \u00eddolos que j\u00e1 vestiram a camisa da sele\u00e7\u00e3o brasileira, clubes, federa\u00e7\u00f5es e os f\u00e3s de futebol.<\/p>\n\n\n\n<p>Em uma \u00e1rea com entorno de 15 mil mt\u00b2, o evento uniu divers\u00e3o e conhecimento, tornando-se um evento para todas as idades.<\/p>\n\n\n\n<h2 class=\"wp-block-heading\">Como foi participar da Brasil Futebol Expo?<\/h2>\n\n\n\n<p>Quem participou teve a oportunidade fazer uma viagem virtual pelo Museu Sele\u00e7\u00e3o Brasileira, onde pode ver de perto as principais ta\u00e7as e trof\u00e9us, por exemplo. Al\u00e9m disso, encontros especiais com campe\u00f5es mundiais, num espa\u00e7o especial para Meet and Greet.<\/p>\n\n\n\n<figure class=\"wp-block-image size-large\"><img fetchpriority=\"high\" decoding=\"async\" width=\"640\" height=\"427\" src=\"https:\/\/canequin.com.br\/sites\/altipisos\/wp-content\/uploads\/2020\/02\/altipisos-brasil-futebol-expo-1.jpg\" alt=\"\" class=\"wp-image-543\" srcset=\"https:\/\/canequin.com.br\/sites\/altipisos\/wp-content\/uploads\/2020\/02\/altipisos-brasil-futebol-expo-1.jpg 640w, https:\/\/canequin.com.br\/sites\/altipisos\/wp-content\/uploads\/2020\/02\/altipisos-brasil-futebol-expo-1-300x200.jpg 300w\" sizes=\"(max-width: 640px) 100vw, 640px\" \/><\/figure>\n\n\n\n<p>No congresso, profissionais renomados do mercado discutiram sobre o desenvolvimento do futebol. Um dos principais focos foi explorar tudo o que Futebol tem para oferecer. Foram cursos voltados a diversas \u00e1reas que atuam no futebol: de Nutri\u00e7\u00e3o \u00e0 Direito, passando por Marketing e Educa\u00e7\u00e3o f\u00edsica, entre outras.<\/p>\n\n\n\n<p>Aconteceram muita troca de conhecimento, networking e rodada de neg\u00f3cios entre os principais profissionais do mercado, clubes e federa\u00e7\u00f5es brasileiras.<\/p>\n\n\n\n<h2 class=\"wp-block-heading\">Altipisos na Brasil Futebol Expo!<\/h2>\n\n\n\n<p>Voce deve estar se perguntando, e onde a Altipisos se encaixa na Brasil Futebol Expo?<\/p>\n\n\n\n<p>Nesses cinco dias de evento aconteceram competi\u00e7\u00f5es e pr\u00e1ticas em 4 quadras diferentes: futebol society, futsal, futevoley e street soccer.<\/p>\n\n\n\n<figure class=\"wp-block-image size-large\"><img decoding=\"async\" width=\"640\" height=\"427\" src=\"https:\/\/canequin.com.br\/sites\/altipisos\/wp-content\/uploads\/2020\/02\/altipisos-brasil-futebol-expo-2.jpg\" alt=\"\" class=\"wp-image-544\" srcset=\"https:\/\/canequin.com.br\/sites\/altipisos\/wp-content\/uploads\/2020\/02\/altipisos-brasil-futebol-expo-2.jpg 640w, https:\/\/canequin.com.br\/sites\/altipisos\/wp-content\/uploads\/2020\/02\/altipisos-brasil-futebol-expo-2-300x200.jpg 300w\" sizes=\"(max-width: 640px) 100vw, 640px\" \/><\/figure>\n\n\n\n<p>N\u00f3s fomos respons\u00e1veis pela quadra esportiva em\u00a0<a href=\"https:\/\/canequin.com.br\/sites\/altipisos\/conheca-os-beneficios-do-piso-modular-para-sua-quadra-esportiva\/\">Piso Modular<\/a>\u00a0no qual aconteceram os jogos de futsal.<\/p>\n\n\n\n<figure class=\"wp-block-image size-large\"><img decoding=\"async\" width=\"640\" height=\"427\" src=\"https:\/\/canequin.com.br\/sites\/altipisos\/wp-content\/uploads\/2020\/02\/altipisos-brasil-futebol-expo-3.jpg\" alt=\"\" class=\"wp-image-545\" srcset=\"https:\/\/canequin.com.br\/sites\/altipisos\/wp-content\/uploads\/2020\/02\/altipisos-brasil-futebol-expo-3.jpg 640w, https:\/\/canequin.com.br\/sites\/altipisos\/wp-content\/uploads\/2020\/02\/altipisos-brasil-futebol-expo-3-300x200.jpg 300w\" sizes=\"(max-width: 640px) 100vw, 640px\" \/><\/figure>\n\n\n\n<p>Esta quadra com medidas oficiais, contou tamb\u00e9m com um sistema de amortecimento no qual diminui o impacto para os atletas.<\/p>\n\n\n\n<p>Confira no v\u00eddeo abaixo um pouco do evento!<\/p>\n\n\n\n<figure class=\"wp-block-embed-youtube wp-block-embed is-type-video is-provider-youtube wp-embed-aspect-16-9 wp-has-aspect-ratio\"><div class=\"wp-block-embed__wrapper\">\n<iframe title=\"Piso Modular Esportivo! O que os atletas acham desta tecnologia! AltiPisos presente na Feira da CBF!\" width=\"800\" height=\"450\" src=\"https:\/\/www.youtube.com\/embed\/fRXJYxBCUCo?feature=oembed\" frameborder=\"0\" allow=\"accelerometer; autoplay; clipboard-write; encrypted-media; gyroscope; picture-in-picture; web-share\" referrerpolicy=\"strict-origin-when-cross-origin\" allowfullscreen><\/iframe>\n<\/div><\/figure>\n\n\n\n<p><a href=\"https:\/\/canequin.com.br\/sites\/altipisos\/piso-modular-e-a-opcao-mais-segura\/\">Entenda AQUI por que o Piso Modular \u00e9 a op\u00e7\u00e3o mais segura!<\/a><\/p>\n\n\n\n<h3 class=\"wp-block-heading\">Quer saber mais?<\/h3>\n\n\n\n<p>Se tiver alguma d\u00favida sobre os pisos modulares, entre em contato conosco, ser\u00e1 um prazer poder te ajudar. Voce pode ligar no (48) 3346-3454.<\/p>\n\n\n\n\n\n<p>A ALTIPISOS possui uma equipe especializada e trabalha com produtos de alta qualidade.<\/p>\n\n\n\n<h3 class=\"wp-block-heading\">Voce tamb\u00e9m pode falar com a gente pelo WhatsApp!<\/h3>\n\n\n\n<p>Entre em contato com a gente pelo WhatsApp atrav\u00e9s do (48) 98816-9587.<\/p>\n\n\n","protected":false},"excerpt":{"rendered":"<p>Se voce ama o futebol brasileiro, ent\u00e3o, j\u00e1 deve ter ouvido falar da Brasil Futebol Expo, a maior feira de futebol da Am\u00e9rica Latina! N\u00f3s tivemos o enorme prazer em poder participar deste evento t\u00e3o importante, confira! Brasil Futebol Expo A feira reuniu toda a ind\u00fastria do futebol: marcas, profissionais do ramo, \u00eddolos que j\u00e1 [&hellip;]<\/p>\n","protected":false},"author":3,"featured_media":542,"comment_status":"open","ping_status":"open","sticky":false,"template":"","format":"standard","meta":{"footnotes":""},"categories":[7,15],"tags":[],"class_list":["post-541","post","type-post","status-publish","format-standard","has-post-thumbnail","hentry","category-todos","category-piso-modular"],"yoast_head":"<!-- This site is optimized with the Yoast SEO plugin v27.5 - https:\/\/yoast.com\/product\/yoast-seo-wordpress\/ -->\n<title>Participamos da Brasil Futebol Expo! - Altipisos<\/title>\n<meta name=\"robots\" content=\"index, follow, max-snippet:-1, max-image-preview:large, max-video-preview:-1\" \/>\n<link rel=\"canonical\" href=\"https:\/\/canequin.com.br\/sites\/altipisos\/participamos-da-brasil-futebol-expo\/\" \/>\n<meta property=\"og:locale\" content=\"pt_BR\" \/>\n<meta property=\"og:type\" content=\"article\" \/>\n<meta property=\"og:title\" content=\"Participamos da Brasil Futebol Expo! - Altipisos\" \/>\n<meta property=\"og:description\" content=\"Se voce ama o futebol brasileiro, ent\u00e3o, j\u00e1 deve ter ouvido falar da Brasil Futebol Expo, a maior feira de futebol da Am\u00e9rica Latina! N\u00f3s tivemos o enorme prazer em poder participar deste evento t\u00e3o importante, confira! Brasil Futebol Expo A feira reuniu toda a ind\u00fastria do futebol: marcas, profissionais do ramo, \u00eddolos que j\u00e1 [&hellip;]\" \/>\n<meta property=\"og:url\" content=\"https:\/\/canequin.com.br\/sites\/altipisos\/participamos-da-brasil-futebol-expo\/\" \/>\n<meta property=\"og:site_name\" content=\"Altipisos\" \/>\n<meta property=\"article:published_time\" content=\"2019-09-14T23:40:25+00:00\" \/>\n<meta property=\"og:image\" content=\"https:\/\/canequin.com.br\/sites\/altipisos\/wp-content\/uploads\/2020\/02\/altipisos-brasil-futebol-expo.jpeg\" \/>\n\t<meta property=\"og:image:width\" content=\"1170\" \/>\n\t<meta property=\"og:image:height\" content=\"650\" \/>\n\t<meta property=\"og:image:type\" content=\"image\/jpeg\" \/>\n<meta name=\"author\" content=\"Altipisos\" \/>\n<meta name=\"twitter:card\" content=\"summary_large_image\" \/>\n<meta name=\"twitter:label1\" content=\"Escrito por\" \/>\n\t<meta name=\"twitter:data1\" content=\"Altipisos\" \/>\n\t<meta name=\"twitter:label2\" content=\"Est. tempo de leitura\" \/>\n\t<meta name=\"twitter:data2\" content=\"2 minutos\" \/>\n<script type=\"application\/ld+json\" class=\"yoast-schema-graph\">{\"@context\":\"https:\\\/\\\/schema.org\",\"@graph\":[{\"@type\":\"Article\",\"@id\":\"https:\\\/\\\/canequin.com.br\\\/sites\\\/altipisos\\\/participamos-da-brasil-futebol-expo\\\/#article\",\"isPartOf\":{\"@id\":\"https:\\\/\\\/canequin.com.br\\\/sites\\\/altipisos\\\/participamos-da-brasil-futebol-expo\\\/\"},\"author\":{\"name\":\"Altipisos\",\"@id\":\"https:\\\/\\\/canequin.com.br\\\/sites\\\/altipisos\\\/#\\\/schema\\\/person\\\/53e4967078c19153e5c78f0833af3d11\"},\"headline\":\"Participamos da Brasil Futebol Expo!\",\"datePublished\":\"2019-09-14T23:40:25+00:00\",\"mainEntityOfPage\":{\"@id\":\"https:\\\/\\\/canequin.com.br\\\/sites\\\/altipisos\\\/participamos-da-brasil-futebol-expo\\\/\"},\"wordCount\":400,\"commentCount\":0,\"image\":{\"@id\":\"https:\\\/\\\/canequin.com.br\\\/sites\\\/altipisos\\\/participamos-da-brasil-futebol-expo\\\/#primaryimage\"},\"thumbnailUrl\":\"https:\\\/\\\/canequin.com.br\\\/sites\\\/altipisos\\\/wp-content\\\/uploads\\\/2020\\\/02\\\/altipisos-brasil-futebol-expo.jpeg\",\"articleSection\":[\"Blog\",\"Piso Modular\"],\"inLanguage\":\"pt-BR\",\"potentialAction\":[{\"@type\":\"CommentAction\",\"name\":\"Comment\",\"target\":[\"https:\\\/\\\/canequin.com.br\\\/sites\\\/altipisos\\\/participamos-da-brasil-futebol-expo\\\/#respond\"]}]},{\"@type\":\"WebPage\",\"@id\":\"https:\\\/\\\/canequin.com.br\\\/sites\\\/altipisos\\\/participamos-da-brasil-futebol-expo\\\/\",\"url\":\"https:\\\/\\\/canequin.com.br\\\/sites\\\/altipisos\\\/participamos-da-brasil-futebol-expo\\\/\",\"name\":\"Participamos da Brasil Futebol Expo! - Altipisos\",\"isPartOf\":{\"@id\":\"https:\\\/\\\/canequin.com.br\\\/sites\\\/altipisos\\\/#website\"},\"primaryImageOfPage\":{\"@id\":\"https:\\\/\\\/canequin.com.br\\\/sites\\\/altipisos\\\/participamos-da-brasil-futebol-expo\\\/#primaryimage\"},\"image\":{\"@id\":\"https:\\\/\\\/canequin.com.br\\\/sites\\\/altipisos\\\/participamos-da-brasil-futebol-expo\\\/#primaryimage\"},\"thumbnailUrl\":\"https:\\\/\\\/canequin.com.br\\\/sites\\\/altipisos\\\/wp-content\\\/uploads\\\/2020\\\/02\\\/altipisos-brasil-futebol-expo.jpeg\",\"datePublished\":\"2019-09-14T23:40:25+00:00\",\"author\":{\"@id\":\"https:\\\/\\\/canequin.com.br\\\/sites\\\/altipisos\\\/#\\\/schema\\\/person\\\/53e4967078c19153e5c78f0833af3d11\"},\"breadcrumb\":{\"@id\":\"https:\\\/\\\/canequin.com.br\\\/sites\\\/altipisos\\\/participamos-da-brasil-futebol-expo\\\/#breadcrumb\"},\"inLanguage\":\"pt-BR\",\"potentialAction\":[{\"@type\":\"ReadAction\",\"target\":[\"https:\\\/\\\/canequin.com.br\\\/sites\\\/altipisos\\\/participamos-da-brasil-futebol-expo\\\/\"]}]},{\"@type\":\"ImageObject\",\"inLanguage\":\"pt-BR\",\"@id\":\"https:\\\/\\\/canequin.com.br\\\/sites\\\/altipisos\\\/participamos-da-brasil-futebol-expo\\\/#primaryimage\",\"url\":\"https:\\\/\\\/canequin.com.br\\\/sites\\\/altipisos\\\/wp-content\\\/uploads\\\/2020\\\/02\\\/altipisos-brasil-futebol-expo.jpeg\",\"contentUrl\":\"https:\\\/\\\/canequin.com.br\\\/sites\\\/altipisos\\\/wp-content\\\/uploads\\\/2020\\\/02\\\/altipisos-brasil-futebol-expo.jpeg\",\"width\":1170,\"height\":650},{\"@type\":\"BreadcrumbList\",\"@id\":\"https:\\\/\\\/canequin.com.br\\\/sites\\\/altipisos\\\/participamos-da-brasil-futebol-expo\\\/#breadcrumb\",\"itemListElement\":[{\"@type\":\"ListItem\",\"position\":1,\"name\":\"In\u00edcio\",\"item\":\"https:\\\/\\\/canequin.com.br\\\/sites\\\/altipisos\\\/\"},{\"@type\":\"ListItem\",\"position\":2,\"name\":\"Participamos da Brasil Futebol Expo!\"}]},{\"@type\":\"WebSite\",\"@id\":\"https:\\\/\\\/canequin.com.br\\\/sites\\\/altipisos\\\/#website\",\"url\":\"https:\\\/\\\/canequin.com.br\\\/sites\\\/altipisos\\\/\",\"name\":\"Altipisos\",\"description\":\"\",\"potentialAction\":[{\"@type\":\"SearchAction\",\"target\":{\"@type\":\"EntryPoint\",\"urlTemplate\":\"https:\\\/\\\/canequin.com.br\\\/sites\\\/altipisos\\\/?s={search_term_string}\"},\"query-input\":{\"@type\":\"PropertyValueSpecification\",\"valueRequired\":true,\"valueName\":\"search_term_string\"}}],\"inLanguage\":\"pt-BR\"},{\"@type\":\"Person\",\"@id\":\"https:\\\/\\\/canequin.com.br\\\/sites\\\/altipisos\\\/#\\\/schema\\\/person\\\/53e4967078c19153e5c78f0833af3d11\",\"name\":\"Altipisos\",\"url\":\"https:\\\/\\\/canequin.com.br\\\/sites\\\/altipisos\\\/author\\\/altipisos\\\/\"}]}<\/script>\n<!-- \/ Yoast SEO plugin. -->","yoast_head_json":{"title":"Participamos da Brasil Futebol Expo! - Altipisos","robots":{"index":"index","follow":"follow","max-snippet":"max-snippet:-1","max-image-preview":"max-image-preview:large","max-video-preview":"max-video-preview:-1"},"canonical":"https:\/\/canequin.com.br\/sites\/altipisos\/participamos-da-brasil-futebol-expo\/","og_locale":"pt_BR","og_type":"article","og_title":"Participamos da Brasil Futebol Expo! - Altipisos","og_description":"Se voce ama o futebol brasileiro, ent\u00e3o, j\u00e1 deve ter ouvido falar da Brasil Futebol Expo, a maior feira de futebol da Am\u00e9rica Latina! N\u00f3s tivemos o enorme prazer em poder participar deste evento t\u00e3o importante, confira! Brasil Futebol Expo A feira reuniu toda a ind\u00fastria do futebol: marcas, profissionais do ramo, \u00eddolos que j\u00e1 [&hellip;]","og_url":"https:\/\/canequin.com.br\/sites\/altipisos\/participamos-da-brasil-futebol-expo\/","og_site_name":"Altipisos","article_published_time":"2019-09-14T23:40:25+00:00","og_image":[{"width":1170,"height":650,"url":"https:\/\/canequin.com.br\/sites\/altipisos\/wp-content\/uploads\/2020\/02\/altipisos-brasil-futebol-expo.jpeg","type":"image\/jpeg"}],"author":"Altipisos","twitter_card":"summary_large_image","twitter_misc":{"Escrito por":"Altipisos","Est. tempo de leitura":"2 minutos"},"schema":{"@context":"https:\/\/schema.org","@graph":[{"@type":"Article","@id":"https:\/\/canequin.com.br\/sites\/altipisos\/participamos-da-brasil-futebol-expo\/#article","isPartOf":{"@id":"https:\/\/canequin.com.br\/sites\/altipisos\/participamos-da-brasil-futebol-expo\/"},"author":{"name":"Altipisos","@id":"https:\/\/canequin.com.br\/sites\/altipisos\/#\/schema\/person\/53e4967078c19153e5c78f0833af3d11"},"headline":"Participamos da Brasil Futebol Expo!","datePublished":"2019-09-14T23:40:25+00:00","mainEntityOfPage":{"@id":"https:\/\/canequin.com.br\/sites\/altipisos\/participamos-da-brasil-futebol-expo\/"},"wordCount":400,"commentCount":0,"image":{"@id":"https:\/\/canequin.com.br\/sites\/altipisos\/participamos-da-brasil-futebol-expo\/#primaryimage"},"thumbnailUrl":"https:\/\/canequin.com.br\/sites\/altipisos\/wp-content\/uploads\/2020\/02\/altipisos-brasil-futebol-expo.jpeg","articleSection":["Blog","Piso Modular"],"inLanguage":"pt-BR","potentialAction":[{"@type":"CommentAction","name":"Comment","target":["https:\/\/canequin.com.br\/sites\/altipisos\/participamos-da-brasil-futebol-expo\/#respond"]}]},{"@type":"WebPage","@id":"https:\/\/canequin.com.br\/sites\/altipisos\/participamos-da-brasil-futebol-expo\/","url":"https:\/\/canequin.com.br\/sites\/altipisos\/participamos-da-brasil-futebol-expo\/","name":"Participamos da Brasil Futebol Expo! - Altipisos","isPartOf":{"@id":"https:\/\/canequin.com.br\/sites\/altipisos\/#website"},"primaryImageOfPage":{"@id":"https:\/\/canequin.com.br\/sites\/altipisos\/participamos-da-brasil-futebol-expo\/#primaryimage"},"image":{"@id":"https:\/\/canequin.com.br\/sites\/altipisos\/participamos-da-brasil-futebol-expo\/#primaryimage"},"thumbnailUrl":"https:\/\/canequin.com.br\/sites\/altipisos\/wp-content\/uploads\/2020\/02\/altipisos-brasil-futebol-expo.jpeg","datePublished":"2019-09-14T23:40:25+00:00","author":{"@id":"https:\/\/canequin.com.br\/sites\/altipisos\/#\/schema\/person\/53e4967078c19153e5c78f0833af3d11"},"breadcrumb":{"@id":"https:\/\/canequin.com.br\/sites\/altipisos\/participamos-da-brasil-futebol-expo\/#breadcrumb"},"inLanguage":"pt-BR","potentialAction":[{"@type":"ReadAction","target":["https:\/\/canequin.com.br\/sites\/altipisos\/participamos-da-brasil-futebol-expo\/"]}]},{"@type":"ImageObject","inLanguage":"pt-BR","@id":"https:\/\/canequin.com.br\/sites\/altipisos\/participamos-da-brasil-futebol-expo\/#primaryimage","url":"https:\/\/canequin.com.br\/sites\/altipisos\/wp-content\/uploads\/2020\/02\/altipisos-brasil-futebol-expo.jpeg","contentUrl":"https:\/\/canequin.com.br\/sites\/altipisos\/wp-content\/uploads\/2020\/02\/altipisos-brasil-futebol-expo.jpeg","width":1170,"height":650},{"@type":"BreadcrumbList","@id":"https:\/\/canequin.com.br\/sites\/altipisos\/participamos-da-brasil-futebol-expo\/#breadcrumb","itemListElement":[{"@type":"ListItem","position":1,"name":"In\u00edcio","item":"https:\/\/canequin.com.br\/sites\/altipisos\/"},{"@type":"ListItem","position":2,"name":"Participamos da Brasil Futebol Expo!"}]},{"@type":"WebSite","@id":"https:\/\/canequin.com.br\/sites\/altipisos\/#website","url":"https:\/\/canequin.com.br\/sites\/altipisos\/","name":"Altipisos","description":"","potentialAction":[{"@type":"SearchAction","target":{"@type":"EntryPoint","urlTemplate":"https:\/\/canequin.com.br\/sites\/altipisos\/?s={search_term_string}"},"query-input":{"@type":"PropertyValueSpecification","valueRequired":true,"valueName":"search_term_string"}}],"inLanguage":"pt-BR"},{"@type":"Person","@id":"https:\/\/canequin.com.br\/sites\/altipisos\/#\/schema\/person\/53e4967078c19153e5c78f0833af3d11","name":"Altipisos","url":"https:\/\/canequin.com.br\/sites\/altipisos\/author\/altipisos\/"}]}},"lang":"pt","translations":{"pt":541},"pll_sync_post":[],"_links":{"self":[{"href":"https:\/\/canequin.com.br\/sites\/altipisos\/wp-json\/wp\/v2\/posts\/541","targetHints":{"allow":["GET"]}}],"collection":[{"href":"https:\/\/canequin.com.br\/sites\/altipisos\/wp-json\/wp\/v2\/posts"}],"about":[{"href":"https:\/\/canequin.com.br\/sites\/altipisos\/wp-json\/wp\/v2\/types\/post"}],"author":[{"embeddable":true,"href":"https:\/\/canequin.com.br\/sites\/altipisos\/wp-json\/wp\/v2\/users\/3"}],"replies":[{"embeddable":true,"href":"https:\/\/canequin.com.br\/sites\/altipisos\/wp-json\/wp\/v2\/comments?post=541"}],"version-history":[{"count":0,"href":"https:\/\/canequin.com.br\/sites\/altipisos\/wp-json\/wp\/v2\/posts\/541\/revisions"}],"wp:featuredmedia":[{"embeddable":true,"href":"https:\/\/canequin.com.br\/sites\/altipisos\/wp-json\/wp\/v2\/media\/542"}],"wp:attachment":[{"href":"https:\/\/canequin.com.br\/sites\/altipisos\/wp-json\/wp\/v2\/media?parent=541"}],"wp:term":[{"taxonomy":"category","embeddable":true,"href":"https:\/\/canequin.com.br\/sites\/altipisos\/wp-json\/wp\/v2\/categories?post=541"},{"taxonomy":"post_tag","embeddable":true,"href":"https:\/\/canequin.com.br\/sites\/altipisos\/wp-json\/wp\/v2\/tags?post=541"}],"curies":[{"name":"wp","href":"https:\/\/api.w.org\/{rel}","templated":true}]}}