{"id":533,"date":"2019-06-14T21:29:06","date_gmt":"2019-06-14T23:29:06","guid":{"rendered":"https:\/\/altipisos.com.br\/?p=533"},"modified":"2019-06-14T21:29:06","modified_gmt":"2019-06-14T23:29:06","slug":"5-motivos-para-escolher-o-piso-modular","status":"publish","type":"post","link":"https:\/\/canequin.com.br\/sites\/altipisos\/5-motivos-para-escolher-o-piso-modular\/","title":{"rendered":"5 motivos para escolher o piso modular"},"content":{"rendered":"\n<p>Separamos 5 motivos que far\u00e3o voce decidir instalar o Piso Modular na quadra esportiva da sua escola, clube ou condom\u00ednio, na pr\u00f3xima reforma ou manuten\u00e7\u00e3o.<\/p>\n\n\n\n<p>Acompanhe a leitura.<br><\/p>\n\n\n\n<h2 class=\"wp-block-heading\">1 &#8211; Reforma sem sujeira<\/h2>\n\n\n\n<p>S\u00f3 de pensar no transtorno que reformar qualquer ambiente pode trazer, j\u00e1 d\u00e1 uma vontade de desistir, n\u00e3o \u00e9 mesmo? Principalmente para administradores de clubes e condom\u00ednios. A gera\u00e7\u00e3o de entulhos, sujeira e poeira s\u00e3o as principais reclama\u00e7\u00f5es ao realizar uma reforma. Ao optar pelo Piso Modular, tudo isso pode ser evitado, a instala\u00e7\u00e3o \u00e9 r\u00e1pida e n\u00e3o gera nenhum dos inc\u00f4modos citados acima.<\/p>\n\n\n\n<h2 class=\"wp-block-heading\">2 &#8211; Reforma de quadra r\u00e1pida<\/h2>\n\n\n\n<p>O\u00a0fato da quadra esportiva precisar ficar interditada por muito tempo durante o per\u00edodo de reforma, \u00e9 um dos motivos que fazem os respons\u00e1veis desistir de dar continuidade no projeto. Mas, uma das principais vantagens do Piso Modular \u00e9 a rapidez na instala\u00e7\u00e3o. Sua quadra esportiva ou seu espa\u00e7o escolhido para receber o piso modular ficar\u00e1 pronto em apenas 2 dias. Veja no v\u00eddeo abaixo a instala\u00e7\u00e3o do in\u00edcio ao fim em um dos nossos clientes:<\/p>\n\n\n\n<figure class=\"wp-block-embed-youtube wp-block-embed is-type-video is-provider-youtube wp-embed-aspect-16-9 wp-has-aspect-ratio\"><div class=\"wp-block-embed__wrapper\">\n<iframe title=\"AltiPisos - Sua Quadra Modular Instalada em 2 dias! Atendemos todo o BRASIL !\" width=\"800\" height=\"450\" src=\"https:\/\/www.youtube.com\/embed\/pK6bNpXbGCs?feature=oembed\" frameborder=\"0\" allow=\"accelerometer; autoplay; clipboard-write; encrypted-media; gyroscope; picture-in-picture; web-share\" referrerpolicy=\"strict-origin-when-cross-origin\" allowfullscreen><\/iframe>\n<\/div><\/figure>\n\n\n\n<h2 class=\"wp-block-heading\">3 &#8211; Ajuda a evitar acidentes<\/h2>\n\n\n\n<p>Com sistema de fabrica\u00e7\u00e3o especialmente desenvolvido para seguran\u00e7a esportiva, o Piso Modular possui superf\u00edcie que proporciona seguran\u00e7a \u00e0 escorregamento quando molhado ou empoeirado.\u00a0E ainda, devido ao material da sua superf\u00edcie o Piso Modular ajuda a evitar machucados devido a quedas, muito comuns ao praticar esportes.<\/p>\n\n\n\n<figure class=\"wp-block-image size-large\"><img fetchpriority=\"high\" decoding=\"async\" width=\"640\" height=\"459\" src=\"https:\/\/canequin.com.br\/sites\/altipisos\/wp-content\/uploads\/2020\/02\/altipisos-piso-modular-3.png\" alt=\"\" class=\"wp-image-535\" srcset=\"https:\/\/canequin.com.br\/sites\/altipisos\/wp-content\/uploads\/2020\/02\/altipisos-piso-modular-3.png 640w, https:\/\/canequin.com.br\/sites\/altipisos\/wp-content\/uploads\/2020\/02\/altipisos-piso-modular-3-300x215.png 300w\" sizes=\"(max-width: 640px) 100vw, 640px\" \/><\/figure>\n\n\n\n<h2 class=\"wp-block-heading\">4 &#8211; Valoriza\u00e7\u00e3o do condom\u00ednio, escola ou clube<\/h2>\n\n\n\n<p>Com a aplica\u00e7\u00e3o do Piso Modular em uma quadra esportiva, a qualidade do piso e a variedade de cores tornam o espa\u00e7o atrativo para moradores e frequentadores do espa\u00e7o. A valoriza\u00e7\u00e3o pode acontecer no aumento no pre\u00e7o de venda dos apartamentos do condom\u00ednio, ainda na mensalidade do clube ou escola.<\/p>\n\n\n\n<figure class=\"wp-block-image size-large\"><img decoding=\"async\" src=\"https:\/\/canequin.com.br\/sites\/altipisos\/wp-content\/uploads\/2019\/07\/piso-modular-2.jpeg\" alt=\"\" class=\"wp-image-314\"\/><\/figure>\n\n\n\n<figure class=\"wp-block-image size-large\"><img decoding=\"async\" src=\"https:\/\/canequin.com.br\/sites\/altipisos\/wp-content\/uploads\/2019\/07\/piso-modular-1.jpeg\" alt=\"\" class=\"wp-image-313\"\/><\/figure>\n\n\n\n<h2 class=\"wp-block-heading\">5 &#8211; Quadra esportiva de qualidade e pouca manuten\u00e7\u00e3o<\/h2>\n\n\n\n<p>Os Pisos Modulares s\u00e3o feitos de polipropileno (n\u00e3o reciclado), possuem prote\u00e7\u00e3o U.V. e uma baixa absor\u00e7\u00e3o de calor. Depois de prontos, s\u00e3o 100% recicl\u00e1veis e a frequencia de manuten\u00e7\u00e3o \u00e9 baixa. O Piso Modular n\u00e3o desbota com o tempo e \u00e9 imune a umidade e fungos. Al\u00e9m disso, oferecemos 10 anos de garantia e o seu ciclo de vida \u00e9 de 20 anos.<\/p>\n\n\n\n<figure class=\"wp-block-image size-large\"><img decoding=\"async\" src=\"https:\/\/canequin.com.br\/sites\/altipisos\/wp-content\/uploads\/2019\/07\/piso-modular-11.jpeg\" alt=\"\" class=\"wp-image-323\"\/><\/figure>\n\n\n\n<p>Preparamos um post bem completo sobre o Piso Modular.\u00a0<a href=\"https:\/\/canequin.com.br\/sites\/altipisos\/conheca-os-beneficios-do-piso-modular-para-sua-quadra-esportiva\/\">CLIQUE AQUI para acessar o conte\u00fado<\/a>.<\/p>\n\n\n\n<p><\/p>\n\n\n\n<h3 class=\"wp-block-heading\">Quer saber mais sobre Piso modular para sua quadra esportiva?<\/h3>\n\n\n\n<p>Se tiver alguma d\u00favida sobre os pisos modulares, entre em contato com a gente, n\u00f3s queremos te ajudar. Voce pode ligar no (48) 3346-3454.<\/p>\n\n\n\n\n\n<p>A ALTIPISOS possui uma equipe especializada e trabalha com produtos de alta qualidade.<\/p>\n\n\n\n<h3 class=\"wp-block-heading\">Voce tamb\u00e9m pode falar com a gente pelo WhatsApp!<\/h3>\n\n\n\n<p>Entre em contato com a gente pelo WhatsApp atrav\u00e9s do (48) 98816-9587.<\/p>\n\n\n","protected":false},"excerpt":{"rendered":"<p>Separamos 5 motivos que far\u00e3o voce decidir instalar o Piso Modular na quadra esportiva da sua escola, clube ou condom\u00ednio, na pr\u00f3xima reforma ou manuten\u00e7\u00e3o. Acompanhe a leitura. 1 &#8211; Reforma sem sujeira S\u00f3 de pensar no transtorno que reformar qualquer ambiente pode trazer, j\u00e1 d\u00e1 uma vontade de desistir, n\u00e3o \u00e9 mesmo? Principalmente para [&hellip;]<\/p>\n","protected":false},"author":3,"featured_media":534,"comment_status":"open","ping_status":"open","sticky":false,"template":"","format":"standard","meta":{"footnotes":""},"categories":[7,15],"tags":[],"class_list":["post-533","post","type-post","status-publish","format-standard","has-post-thumbnail","hentry","category-todos","category-piso-modular"],"yoast_head":"<!-- This site is optimized with the Yoast SEO plugin v27.5 - https:\/\/yoast.com\/product\/yoast-seo-wordpress\/ -->\n<title>5 motivos para escolher o piso modular - Altipisos<\/title>\n<meta name=\"robots\" content=\"index, follow, max-snippet:-1, max-image-preview:large, max-video-preview:-1\" \/>\n<link rel=\"canonical\" href=\"https:\/\/canequin.com.br\/sites\/altipisos\/5-motivos-para-escolher-o-piso-modular\/\" \/>\n<meta property=\"og:locale\" content=\"pt_BR\" \/>\n<meta property=\"og:type\" content=\"article\" \/>\n<meta property=\"og:title\" content=\"5 motivos para escolher o piso modular - Altipisos\" \/>\n<meta property=\"og:description\" content=\"Separamos 5 motivos que far\u00e3o voce decidir instalar o Piso Modular na quadra esportiva da sua escola, clube ou condom\u00ednio, na pr\u00f3xima reforma ou manuten\u00e7\u00e3o. Acompanhe a leitura. 1 &#8211; Reforma sem sujeira S\u00f3 de pensar no transtorno que reformar qualquer ambiente pode trazer, j\u00e1 d\u00e1 uma vontade de desistir, n\u00e3o \u00e9 mesmo? Principalmente para [&hellip;]\" \/>\n<meta property=\"og:url\" content=\"https:\/\/canequin.com.br\/sites\/altipisos\/5-motivos-para-escolher-o-piso-modular\/\" \/>\n<meta property=\"og:site_name\" content=\"Altipisos\" \/>\n<meta property=\"article:published_time\" content=\"2019-06-14T23:29:06+00:00\" \/>\n<meta property=\"og:image\" content=\"https:\/\/canequin.com.br\/sites\/altipisos\/wp-content\/uploads\/2020\/02\/altipisos-piso-modular-2.jpeg\" \/>\n\t<meta property=\"og:image:width\" content=\"1170\" \/>\n\t<meta property=\"og:image:height\" content=\"650\" \/>\n\t<meta property=\"og:image:type\" content=\"image\/jpeg\" \/>\n<meta name=\"author\" content=\"Altipisos\" \/>\n<meta name=\"twitter:card\" content=\"summary_large_image\" \/>\n<meta name=\"twitter:label1\" content=\"Escrito por\" \/>\n\t<meta name=\"twitter:data1\" content=\"Altipisos\" \/>\n\t<meta name=\"twitter:label2\" content=\"Est. tempo de leitura\" \/>\n\t<meta name=\"twitter:data2\" content=\"2 minutos\" \/>\n<script type=\"application\/ld+json\" class=\"yoast-schema-graph\">{\"@context\":\"https:\\\/\\\/schema.org\",\"@graph\":[{\"@type\":\"Article\",\"@id\":\"https:\\\/\\\/canequin.com.br\\\/sites\\\/altipisos\\\/5-motivos-para-escolher-o-piso-modular\\\/#article\",\"isPartOf\":{\"@id\":\"https:\\\/\\\/canequin.com.br\\\/sites\\\/altipisos\\\/5-motivos-para-escolher-o-piso-modular\\\/\"},\"author\":{\"name\":\"Altipisos\",\"@id\":\"https:\\\/\\\/canequin.com.br\\\/sites\\\/altipisos\\\/#\\\/schema\\\/person\\\/53e4967078c19153e5c78f0833af3d11\"},\"headline\":\"5 motivos para escolher o piso modular\",\"datePublished\":\"2019-06-14T23:29:06+00:00\",\"mainEntityOfPage\":{\"@id\":\"https:\\\/\\\/canequin.com.br\\\/sites\\\/altipisos\\\/5-motivos-para-escolher-o-piso-modular\\\/\"},\"wordCount\":488,\"commentCount\":0,\"image\":{\"@id\":\"https:\\\/\\\/canequin.com.br\\\/sites\\\/altipisos\\\/5-motivos-para-escolher-o-piso-modular\\\/#primaryimage\"},\"thumbnailUrl\":\"https:\\\/\\\/canequin.com.br\\\/sites\\\/altipisos\\\/wp-content\\\/uploads\\\/2020\\\/02\\\/altipisos-piso-modular-2.jpeg\",\"articleSection\":[\"Blog\",\"Piso Modular\"],\"inLanguage\":\"pt-BR\",\"potentialAction\":[{\"@type\":\"CommentAction\",\"name\":\"Comment\",\"target\":[\"https:\\\/\\\/canequin.com.br\\\/sites\\\/altipisos\\\/5-motivos-para-escolher-o-piso-modular\\\/#respond\"]}]},{\"@type\":\"WebPage\",\"@id\":\"https:\\\/\\\/canequin.com.br\\\/sites\\\/altipisos\\\/5-motivos-para-escolher-o-piso-modular\\\/\",\"url\":\"https:\\\/\\\/canequin.com.br\\\/sites\\\/altipisos\\\/5-motivos-para-escolher-o-piso-modular\\\/\",\"name\":\"5 motivos para escolher o piso modular - Altipisos\",\"isPartOf\":{\"@id\":\"https:\\\/\\\/canequin.com.br\\\/sites\\\/altipisos\\\/#website\"},\"primaryImageOfPage\":{\"@id\":\"https:\\\/\\\/canequin.com.br\\\/sites\\\/altipisos\\\/5-motivos-para-escolher-o-piso-modular\\\/#primaryimage\"},\"image\":{\"@id\":\"https:\\\/\\\/canequin.com.br\\\/sites\\\/altipisos\\\/5-motivos-para-escolher-o-piso-modular\\\/#primaryimage\"},\"thumbnailUrl\":\"https:\\\/\\\/canequin.com.br\\\/sites\\\/altipisos\\\/wp-content\\\/uploads\\\/2020\\\/02\\\/altipisos-piso-modular-2.jpeg\",\"datePublished\":\"2019-06-14T23:29:06+00:00\",\"author\":{\"@id\":\"https:\\\/\\\/canequin.com.br\\\/sites\\\/altipisos\\\/#\\\/schema\\\/person\\\/53e4967078c19153e5c78f0833af3d11\"},\"breadcrumb\":{\"@id\":\"https:\\\/\\\/canequin.com.br\\\/sites\\\/altipisos\\\/5-motivos-para-escolher-o-piso-modular\\\/#breadcrumb\"},\"inLanguage\":\"pt-BR\",\"potentialAction\":[{\"@type\":\"ReadAction\",\"target\":[\"https:\\\/\\\/canequin.com.br\\\/sites\\\/altipisos\\\/5-motivos-para-escolher-o-piso-modular\\\/\"]}]},{\"@type\":\"ImageObject\",\"inLanguage\":\"pt-BR\",\"@id\":\"https:\\\/\\\/canequin.com.br\\\/sites\\\/altipisos\\\/5-motivos-para-escolher-o-piso-modular\\\/#primaryimage\",\"url\":\"https:\\\/\\\/canequin.com.br\\\/sites\\\/altipisos\\\/wp-content\\\/uploads\\\/2020\\\/02\\\/altipisos-piso-modular-2.jpeg\",\"contentUrl\":\"https:\\\/\\\/canequin.com.br\\\/sites\\\/altipisos\\\/wp-content\\\/uploads\\\/2020\\\/02\\\/altipisos-piso-modular-2.jpeg\",\"width\":1170,\"height\":650},{\"@type\":\"BreadcrumbList\",\"@id\":\"https:\\\/\\\/canequin.com.br\\\/sites\\\/altipisos\\\/5-motivos-para-escolher-o-piso-modular\\\/#breadcrumb\",\"itemListElement\":[{\"@type\":\"ListItem\",\"position\":1,\"name\":\"In\u00edcio\",\"item\":\"https:\\\/\\\/canequin.com.br\\\/sites\\\/altipisos\\\/\"},{\"@type\":\"ListItem\",\"position\":2,\"name\":\"5 motivos para escolher o piso modular\"}]},{\"@type\":\"WebSite\",\"@id\":\"https:\\\/\\\/canequin.com.br\\\/sites\\\/altipisos\\\/#website\",\"url\":\"https:\\\/\\\/canequin.com.br\\\/sites\\\/altipisos\\\/\",\"name\":\"Altipisos\",\"description\":\"\",\"potentialAction\":[{\"@type\":\"SearchAction\",\"target\":{\"@type\":\"EntryPoint\",\"urlTemplate\":\"https:\\\/\\\/canequin.com.br\\\/sites\\\/altipisos\\\/?s={search_term_string}\"},\"query-input\":{\"@type\":\"PropertyValueSpecification\",\"valueRequired\":true,\"valueName\":\"search_term_string\"}}],\"inLanguage\":\"pt-BR\"},{\"@type\":\"Person\",\"@id\":\"https:\\\/\\\/canequin.com.br\\\/sites\\\/altipisos\\\/#\\\/schema\\\/person\\\/53e4967078c19153e5c78f0833af3d11\",\"name\":\"Altipisos\",\"url\":\"https:\\\/\\\/canequin.com.br\\\/sites\\\/altipisos\\\/author\\\/altipisos\\\/\"}]}<\/script>\n<!-- \/ Yoast SEO plugin. -->","yoast_head_json":{"title":"5 motivos para escolher o piso modular - Altipisos","robots":{"index":"index","follow":"follow","max-snippet":"max-snippet:-1","max-image-preview":"max-image-preview:large","max-video-preview":"max-video-preview:-1"},"canonical":"https:\/\/canequin.com.br\/sites\/altipisos\/5-motivos-para-escolher-o-piso-modular\/","og_locale":"pt_BR","og_type":"article","og_title":"5 motivos para escolher o piso modular - Altipisos","og_description":"Separamos 5 motivos que far\u00e3o voce decidir instalar o Piso Modular na quadra esportiva da sua escola, clube ou condom\u00ednio, na pr\u00f3xima reforma ou manuten\u00e7\u00e3o. Acompanhe a leitura. 1 &#8211; Reforma sem sujeira S\u00f3 de pensar no transtorno que reformar qualquer ambiente pode trazer, j\u00e1 d\u00e1 uma vontade de desistir, n\u00e3o \u00e9 mesmo? Principalmente para [&hellip;]","og_url":"https:\/\/canequin.com.br\/sites\/altipisos\/5-motivos-para-escolher-o-piso-modular\/","og_site_name":"Altipisos","article_published_time":"2019-06-14T23:29:06+00:00","og_image":[{"width":1170,"height":650,"url":"https:\/\/canequin.com.br\/sites\/altipisos\/wp-content\/uploads\/2020\/02\/altipisos-piso-modular-2.jpeg","type":"image\/jpeg"}],"author":"Altipisos","twitter_card":"summary_large_image","twitter_misc":{"Escrito por":"Altipisos","Est. tempo de leitura":"2 minutos"},"schema":{"@context":"https:\/\/schema.org","@graph":[{"@type":"Article","@id":"https:\/\/canequin.com.br\/sites\/altipisos\/5-motivos-para-escolher-o-piso-modular\/#article","isPartOf":{"@id":"https:\/\/canequin.com.br\/sites\/altipisos\/5-motivos-para-escolher-o-piso-modular\/"},"author":{"name":"Altipisos","@id":"https:\/\/canequin.com.br\/sites\/altipisos\/#\/schema\/person\/53e4967078c19153e5c78f0833af3d11"},"headline":"5 motivos para escolher o piso modular","datePublished":"2019-06-14T23:29:06+00:00","mainEntityOfPage":{"@id":"https:\/\/canequin.com.br\/sites\/altipisos\/5-motivos-para-escolher-o-piso-modular\/"},"wordCount":488,"commentCount":0,"image":{"@id":"https:\/\/canequin.com.br\/sites\/altipisos\/5-motivos-para-escolher-o-piso-modular\/#primaryimage"},"thumbnailUrl":"https:\/\/canequin.com.br\/sites\/altipisos\/wp-content\/uploads\/2020\/02\/altipisos-piso-modular-2.jpeg","articleSection":["Blog","Piso Modular"],"inLanguage":"pt-BR","potentialAction":[{"@type":"CommentAction","name":"Comment","target":["https:\/\/canequin.com.br\/sites\/altipisos\/5-motivos-para-escolher-o-piso-modular\/#respond"]}]},{"@type":"WebPage","@id":"https:\/\/canequin.com.br\/sites\/altipisos\/5-motivos-para-escolher-o-piso-modular\/","url":"https:\/\/canequin.com.br\/sites\/altipisos\/5-motivos-para-escolher-o-piso-modular\/","name":"5 motivos para escolher o piso modular - Altipisos","isPartOf":{"@id":"https:\/\/canequin.com.br\/sites\/altipisos\/#website"},"primaryImageOfPage":{"@id":"https:\/\/canequin.com.br\/sites\/altipisos\/5-motivos-para-escolher-o-piso-modular\/#primaryimage"},"image":{"@id":"https:\/\/canequin.com.br\/sites\/altipisos\/5-motivos-para-escolher-o-piso-modular\/#primaryimage"},"thumbnailUrl":"https:\/\/canequin.com.br\/sites\/altipisos\/wp-content\/uploads\/2020\/02\/altipisos-piso-modular-2.jpeg","datePublished":"2019-06-14T23:29:06+00:00","author":{"@id":"https:\/\/canequin.com.br\/sites\/altipisos\/#\/schema\/person\/53e4967078c19153e5c78f0833af3d11"},"breadcrumb":{"@id":"https:\/\/canequin.com.br\/sites\/altipisos\/5-motivos-para-escolher-o-piso-modular\/#breadcrumb"},"inLanguage":"pt-BR","potentialAction":[{"@type":"ReadAction","target":["https:\/\/canequin.com.br\/sites\/altipisos\/5-motivos-para-escolher-o-piso-modular\/"]}]},{"@type":"ImageObject","inLanguage":"pt-BR","@id":"https:\/\/canequin.com.br\/sites\/altipisos\/5-motivos-para-escolher-o-piso-modular\/#primaryimage","url":"https:\/\/canequin.com.br\/sites\/altipisos\/wp-content\/uploads\/2020\/02\/altipisos-piso-modular-2.jpeg","contentUrl":"https:\/\/canequin.com.br\/sites\/altipisos\/wp-content\/uploads\/2020\/02\/altipisos-piso-modular-2.jpeg","width":1170,"height":650},{"@type":"BreadcrumbList","@id":"https:\/\/canequin.com.br\/sites\/altipisos\/5-motivos-para-escolher-o-piso-modular\/#breadcrumb","itemListElement":[{"@type":"ListItem","position":1,"name":"In\u00edcio","item":"https:\/\/canequin.com.br\/sites\/altipisos\/"},{"@type":"ListItem","position":2,"name":"5 motivos para escolher o piso modular"}]},{"@type":"WebSite","@id":"https:\/\/canequin.com.br\/sites\/altipisos\/#website","url":"https:\/\/canequin.com.br\/sites\/altipisos\/","name":"Altipisos","description":"","potentialAction":[{"@type":"SearchAction","target":{"@type":"EntryPoint","urlTemplate":"https:\/\/canequin.com.br\/sites\/altipisos\/?s={search_term_string}"},"query-input":{"@type":"PropertyValueSpecification","valueRequired":true,"valueName":"search_term_string"}}],"inLanguage":"pt-BR"},{"@type":"Person","@id":"https:\/\/canequin.com.br\/sites\/altipisos\/#\/schema\/person\/53e4967078c19153e5c78f0833af3d11","name":"Altipisos","url":"https:\/\/canequin.com.br\/sites\/altipisos\/author\/altipisos\/"}]}},"lang":"pt","translations":{"pt":533},"pll_sync_post":[],"_links":{"self":[{"href":"https:\/\/canequin.com.br\/sites\/altipisos\/wp-json\/wp\/v2\/posts\/533","targetHints":{"allow":["GET"]}}],"collection":[{"href":"https:\/\/canequin.com.br\/sites\/altipisos\/wp-json\/wp\/v2\/posts"}],"about":[{"href":"https:\/\/canequin.com.br\/sites\/altipisos\/wp-json\/wp\/v2\/types\/post"}],"author":[{"embeddable":true,"href":"https:\/\/canequin.com.br\/sites\/altipisos\/wp-json\/wp\/v2\/users\/3"}],"replies":[{"embeddable":true,"href":"https:\/\/canequin.com.br\/sites\/altipisos\/wp-json\/wp\/v2\/comments?post=533"}],"version-history":[{"count":0,"href":"https:\/\/canequin.com.br\/sites\/altipisos\/wp-json\/wp\/v2\/posts\/533\/revisions"}],"wp:featuredmedia":[{"embeddable":true,"href":"https:\/\/canequin.com.br\/sites\/altipisos\/wp-json\/wp\/v2\/media\/534"}],"wp:attachment":[{"href":"https:\/\/canequin.com.br\/sites\/altipisos\/wp-json\/wp\/v2\/media?parent=533"}],"wp:term":[{"taxonomy":"category","embeddable":true,"href":"https:\/\/canequin.com.br\/sites\/altipisos\/wp-json\/wp\/v2\/categories?post=533"},{"taxonomy":"post_tag","embeddable":true,"href":"https:\/\/canequin.com.br\/sites\/altipisos\/wp-json\/wp\/v2\/tags?post=533"}],"curies":[{"name":"wp","href":"https:\/\/api.w.org\/{rel}","templated":true}]}}