{"id":4862,"date":"2024-12-02T10:22:49","date_gmt":"2024-12-02T13:22:49","guid":{"rendered":"https:\/\/canequin.com.br\/sites\/altipisos\/?p=4862"},"modified":"2024-12-02T18:01:22","modified_gmt":"2024-12-02T21:01:22","slug":"ferias-coletivas-aproveite-para-reformar-o-piso-dos-seus-ambientes","status":"publish","type":"post","link":"https:\/\/canequin.com.br\/sites\/altipisos\/ferias-coletivas-aproveite-para-reformar-o-piso-dos-seus-ambientes\/","title":{"rendered":"F\u00e9rias coletivas: Aproveite para reformar o piso dos seus ambientes"},"content":{"rendered":"<p>As f\u00e9rias coletivas s\u00e3o o momento ideal para realizar manuten\u00e7\u00f5es e reformas em ambientes escolares e recreativos, j\u00e1 que a aus\u00eancia de aulas e atividades reduz o impacto no uso dos espa\u00e7os. Aproveitar esse per\u00edodo para modernizar quadras esportivas e playgrounds com pisos modulares <a href=\"https:\/\/canequin.com.br\/sites\/altipisos\/sobre-nos\/\">Altipisos<\/a> \u00e9 uma decis\u00e3o estrat\u00e9gica que combina agilidade, seguran\u00e7a e durabilidade.<\/p>\n<p><b>Por que reformar durante as f\u00e9rias coletivas?<\/b><\/p>\n<p>Durante as f\u00e9rias escolares ou coletivas, as quadras e \u00e1reas de atividade ficam menos ocupadas, permitindo que reformas sejam realizadas de maneira r\u00e1pida e sem interfer\u00eancias no cronograma das aulas. Al\u00e9m disso, esse per\u00edodo oferece um tempo valioso para reestruturar espa\u00e7os, proporcionando um ambiente renovado para a volta das atividades.<\/p>\n<p>Os <a href=\"https:\/\/canequin.com.br\/sites\/altipisos\/produtos\/\">pisos modulares<\/a>, como os oferecidos pela Altipisos, s\u00e3o a solu\u00e7\u00e3o perfeita para essas reformas, pois oferecem instala\u00e7\u00e3o pr\u00e1tica, limpa e sem grandes interven\u00e7\u00f5es, o que reduz o tempo e os custos da obra.<\/p>\n<p><b>Benef\u00edcios de usar pisos modulares para quadras e playgrounds<\/b><\/p>\n<p><b>Instala\u00e7\u00e3o r\u00e1pida\u00a0\u00a0<\/b><\/p>\n<p>Os <a href=\"https:\/\/canequin.com.br\/sites\/altipisos\/categoria\/piso-modular\/\">pisos modulares<\/a> s\u00e3o projetados para serem aplicados sobre uma superf\u00edcie j\u00e1 existente, sem a necessidade de remo\u00e7\u00f5es complexas. Isso significa que, durante as f\u00e9rias, \u00e9 poss\u00edvel instalar um novo piso em quadras ou playgrounds em quest\u00e3o de dias, garantindo que tudo esteja pronto antes do retorno das atividades.<\/p>\n<p><b>Durabilidade e baixa manuten\u00e7\u00e3o<\/b><\/p>\n<p>Feitos para suportar o uso intenso, os pisos modulares s\u00e3o resistentes aos raios UV, varia\u00e7\u00f5es de temperatura e desgaste di\u00e1rio. Sua <a href=\"https:\/\/canequin.com.br\/sites\/altipisos\/categoria\/manutencao\/\">manuten\u00e7\u00e3o<\/a> \u00e9 simples e qualquer dano pode ser resolvido com a substitui\u00e7\u00e3o de m\u00f3dulos individuais, sem a necessidade de reformas extensas.<\/p>\n<p><b>Seguran\u00e7a em primeiro lugar<\/b><\/p>\n<p>Para ambientes escolares e de atividade infantil, a seguran\u00e7a \u00e9 uma prioridade. Os pisos modulares possuem tecnologia de absor\u00e7\u00e3o de impacto, reduzindo o risco de les\u00f5es durante quedas e proporcionando uma superf\u00edcie superficial que aumenta a seguran\u00e7a em jogos e brincadeiras.<\/p>\n<p><b>Personaliza\u00e7\u00e3o\u00a0<\/b><\/p>\n<p>Uma das grandes vantagens dos pisos modulares \u00e9 a possibilidade de <a href=\"https:\/\/canequin.com.br\/sites\/altipisos\/piso-modular\/a-versatilidade-dos-pisos-sport-in-aplicacoes-em-diferentes-esportes\/\">personaliza\u00e7\u00e3o<\/a>. Escolas e clubes podem optar por n\u00facleos e padr\u00f5es que combinem com sua identidade visual ou que criem \u00e1reas de atividade l\u00fadicas e interativas, tornando o espa\u00e7o mais atraente para os alunos.<\/p>\n<p><b>Pisos modulares: investimento de longo prazo<\/b><\/p>\n<p>Ao optar por pisos modulares para reformar quadras e <a href=\"https:\/\/canequin.com.br\/sites\/altipisos\/categoria\/playground\/\">playgrounds<\/a>, voc\u00ea est\u00e1 investindo em um produto de alta durabilidade e f\u00e1cil manuten\u00e7\u00e3o. Isso significa menos gastos com reformas futuras e um ambiente seguro e confort\u00e1vel para os usu\u00e1rios. Com garantia de at\u00e9 10 anos, os pisos Altipisos oferecem um \u00f3timo custo-benef\u00edcio, transformando qualquer espa\u00e7o em um local de divers\u00e3o e pr\u00e1tica esportiva de alta qualidade.<\/p>\n<p><b>Transforme o ambiente da sua escola durante as f\u00e9rias<\/b><\/p>\n<p>Se voc\u00ea est\u00e1 pensando em renovar as quadras e playgrounds durante o per\u00edodo de <a href=\"https:\/\/canequin.com.br\/sites\/altipisos\/playground\/transforme-as-ferias-das-criancas-com-a-linha-toy-floor-da-altipisos\/\">f\u00e9rias<\/a> coletivas, os pisos modulares da Altipisos s\u00e3o a solu\u00e7\u00e3o ideal para garantir uma reforma r\u00e1pida, eficiente e rigorosa. Aproveite para renovar o espa\u00e7o e surpreender os alunos com uma estrutura moderna e segura no retorno \u00e0s aulas!<\/p>\n<p>Entre em contato <a href=\"https:\/\/canequin.com.br\/sites\/altipisos\/contato\/\">conosco<\/a> e solicite um or\u00e7amento personalizado para transformar seu ambiente com os pisos modulares Altipisos!<\/p>\n","protected":false},"excerpt":{"rendered":"<p>Renove seu espa\u00e7o de forma r\u00e1pida e eficiente com solu\u00e7\u00f5es seguras, resistentes e de f\u00e1cil manuten\u00e7\u00e3o. Ideal para transformar ambientes escolares durante as f\u00e9rias, garantindo qualidade e seguran\u00e7a no retorno das atividades. Confira as vantagens e planeje a transforma\u00e7\u00e3o completa da sua \u00e1rea de recrea\u00e7\u00e3o!<\/p>\n","protected":false},"author":1,"featured_media":4863,"comment_status":"closed","ping_status":"closed","sticky":false,"template":"","format":"standard","meta":{"footnotes":""},"categories":[312,11,12],"tags":[212,1018,16,344,1020,1022,330,1024,1026,1028],"class_list":["post-4862","post","type-post","status-publish","format-standard","has-post-thumbnail","hentry","category-playground","category-quadras-esportivas","category-reformas","tag-altipisos","tag-piso-escolar","tag-piso-modular","tag-piso-para-criancas","tag-piso-para-escolas","tag-piso-seguro","tag-pisos-modulares","tag-play-soft","tag-reforma-de-quadra-escolar","tag-reforma-piso"],"yoast_head":"<!-- This site is optimized with the Yoast SEO plugin v27.5 - https:\/\/yoast.com\/product\/yoast-seo-wordpress\/ -->\n<title>F\u00e9rias coletivas: Aproveite para reformar o piso dos seus ambientes - Altipisos<\/title>\n<meta name=\"description\" content=\"Renove seu espa\u00e7o de forma r\u00e1pida e eficiente com solu\u00e7\u00f5es seguras, resistentes e de f\u00e1cil manuten\u00e7\u00e3o. Ideal para transformar ambientes escolares durante as f\u00e9rias, garantindo qualidade e seguran\u00e7a no retorno das atividades. Confira as vantagens e planeje a transforma\u00e7\u00e3o completa da sua \u00e1rea de recrea\u00e7\u00e3o!\" \/>\n<meta name=\"robots\" content=\"index, follow, max-snippet:-1, max-image-preview:large, max-video-preview:-1\" \/>\n<link rel=\"canonical\" href=\"https:\/\/canequin.com.br\/sites\/altipisos\/ferias-coletivas-aproveite-para-reformar-o-piso-dos-seus-ambientes\/\" \/>\n<meta property=\"og:locale\" content=\"pt_BR\" \/>\n<meta property=\"og:type\" content=\"article\" \/>\n<meta property=\"og:title\" content=\"F\u00e9rias coletivas: Aproveite para reformar o piso dos seus ambientes - Altipisos\" \/>\n<meta property=\"og:description\" content=\"Renove seu espa\u00e7o de forma r\u00e1pida e eficiente com solu\u00e7\u00f5es seguras, resistentes e de f\u00e1cil manuten\u00e7\u00e3o. Ideal para transformar ambientes escolares durante as f\u00e9rias, garantindo qualidade e seguran\u00e7a no retorno das atividades. Confira as vantagens e planeje a transforma\u00e7\u00e3o completa da sua \u00e1rea de recrea\u00e7\u00e3o!\" \/>\n<meta property=\"og:url\" content=\"https:\/\/canequin.com.br\/sites\/altipisos\/ferias-coletivas-aproveite-para-reformar-o-piso-dos-seus-ambientes\/\" \/>\n<meta property=\"og:site_name\" content=\"Altipisos\" \/>\n<meta property=\"article:published_time\" content=\"2024-12-02T13:22:49+00:00\" \/>\n<meta property=\"article:modified_time\" content=\"2024-12-02T21:01:22+00:00\" \/>\n<meta property=\"og:image\" content=\"https:\/\/canequin.com.br\/sites\/altipisos\/wp-content\/uploads\/2024\/12\/Ferias-coletivas-Aproveite-para-reformar-o-piso-dos-seus-ambientes.webp\" \/>\n\t<meta property=\"og:image:width\" content=\"1280\" \/>\n\t<meta property=\"og:image:height\" content=\"853\" \/>\n\t<meta property=\"og:image:type\" content=\"image\/webp\" \/>\n<meta name=\"author\" content=\"alti@ADM\" \/>\n<meta name=\"twitter:card\" content=\"summary_large_image\" \/>\n<meta name=\"twitter:label1\" content=\"Escrito por\" \/>\n\t<meta name=\"twitter:data1\" content=\"alti@ADM\" \/>\n\t<meta name=\"twitter:label2\" content=\"Est. tempo de leitura\" \/>\n\t<meta name=\"twitter:data2\" content=\"3 minutos\" \/>\n<script type=\"application\/ld+json\" class=\"yoast-schema-graph\">{\"@context\":\"https:\\\/\\\/schema.org\",\"@graph\":[{\"@type\":\"Article\",\"@id\":\"https:\\\/\\\/canequin.com.br\\\/sites\\\/altipisos\\\/ferias-coletivas-aproveite-para-reformar-o-piso-dos-seus-ambientes\\\/#article\",\"isPartOf\":{\"@id\":\"https:\\\/\\\/canequin.com.br\\\/sites\\\/altipisos\\\/ferias-coletivas-aproveite-para-reformar-o-piso-dos-seus-ambientes\\\/\"},\"author\":{\"name\":\"alti@ADM\",\"@id\":\"https:\\\/\\\/canequin.com.br\\\/sites\\\/altipisos\\\/#\\\/schema\\\/person\\\/9421261177b7b5baadcedc02dd2de934\"},\"headline\":\"F\u00e9rias coletivas: Aproveite para reformar o piso dos seus ambientes\",\"datePublished\":\"2024-12-02T13:22:49+00:00\",\"dateModified\":\"2024-12-02T21:01:22+00:00\",\"mainEntityOfPage\":{\"@id\":\"https:\\\/\\\/canequin.com.br\\\/sites\\\/altipisos\\\/ferias-coletivas-aproveite-para-reformar-o-piso-dos-seus-ambientes\\\/\"},\"wordCount\":562,\"image\":{\"@id\":\"https:\\\/\\\/canequin.com.br\\\/sites\\\/altipisos\\\/ferias-coletivas-aproveite-para-reformar-o-piso-dos-seus-ambientes\\\/#primaryimage\"},\"thumbnailUrl\":\"https:\\\/\\\/canequin.com.br\\\/sites\\\/altipisos\\\/wp-content\\\/uploads\\\/2024\\\/12\\\/Ferias-coletivas-Aproveite-para-reformar-o-piso-dos-seus-ambientes.webp\",\"keywords\":[\"altipisos\",\"Piso escolar\",\"piso modular\",\"Piso para crian\u00e7as\",\"Piso para escolas\",\"Piso seguro\",\"pisos modulares\",\"Play soft\",\"Reforma de quadra escolar\",\"Reforma piso\"],\"articleSection\":[\"Playground\",\"Quadras Esportivas\",\"Reformas\"],\"inLanguage\":\"pt-BR\"},{\"@type\":\"WebPage\",\"@id\":\"https:\\\/\\\/canequin.com.br\\\/sites\\\/altipisos\\\/ferias-coletivas-aproveite-para-reformar-o-piso-dos-seus-ambientes\\\/\",\"url\":\"https:\\\/\\\/canequin.com.br\\\/sites\\\/altipisos\\\/ferias-coletivas-aproveite-para-reformar-o-piso-dos-seus-ambientes\\\/\",\"name\":\"F\u00e9rias coletivas: Aproveite para reformar o piso dos seus ambientes - Altipisos\",\"isPartOf\":{\"@id\":\"https:\\\/\\\/canequin.com.br\\\/sites\\\/altipisos\\\/#website\"},\"primaryImageOfPage\":{\"@id\":\"https:\\\/\\\/canequin.com.br\\\/sites\\\/altipisos\\\/ferias-coletivas-aproveite-para-reformar-o-piso-dos-seus-ambientes\\\/#primaryimage\"},\"image\":{\"@id\":\"https:\\\/\\\/canequin.com.br\\\/sites\\\/altipisos\\\/ferias-coletivas-aproveite-para-reformar-o-piso-dos-seus-ambientes\\\/#primaryimage\"},\"thumbnailUrl\":\"https:\\\/\\\/canequin.com.br\\\/sites\\\/altipisos\\\/wp-content\\\/uploads\\\/2024\\\/12\\\/Ferias-coletivas-Aproveite-para-reformar-o-piso-dos-seus-ambientes.webp\",\"datePublished\":\"2024-12-02T13:22:49+00:00\",\"dateModified\":\"2024-12-02T21:01:22+00:00\",\"author\":{\"@id\":\"https:\\\/\\\/canequin.com.br\\\/sites\\\/altipisos\\\/#\\\/schema\\\/person\\\/9421261177b7b5baadcedc02dd2de934\"},\"description\":\"Renove seu espa\u00e7o de forma r\u00e1pida e eficiente com solu\u00e7\u00f5es seguras, resistentes e de f\u00e1cil manuten\u00e7\u00e3o. Ideal para transformar ambientes escolares durante as f\u00e9rias, garantindo qualidade e seguran\u00e7a no retorno das atividades. Confira as vantagens e planeje a transforma\u00e7\u00e3o completa da sua \u00e1rea de recrea\u00e7\u00e3o!\",\"breadcrumb\":{\"@id\":\"https:\\\/\\\/canequin.com.br\\\/sites\\\/altipisos\\\/ferias-coletivas-aproveite-para-reformar-o-piso-dos-seus-ambientes\\\/#breadcrumb\"},\"inLanguage\":\"pt-BR\",\"potentialAction\":[{\"@type\":\"ReadAction\",\"target\":[\"https:\\\/\\\/canequin.com.br\\\/sites\\\/altipisos\\\/ferias-coletivas-aproveite-para-reformar-o-piso-dos-seus-ambientes\\\/\"]}]},{\"@type\":\"ImageObject\",\"inLanguage\":\"pt-BR\",\"@id\":\"https:\\\/\\\/canequin.com.br\\\/sites\\\/altipisos\\\/ferias-coletivas-aproveite-para-reformar-o-piso-dos-seus-ambientes\\\/#primaryimage\",\"url\":\"https:\\\/\\\/canequin.com.br\\\/sites\\\/altipisos\\\/wp-content\\\/uploads\\\/2024\\\/12\\\/Ferias-coletivas-Aproveite-para-reformar-o-piso-dos-seus-ambientes.webp\",\"contentUrl\":\"https:\\\/\\\/canequin.com.br\\\/sites\\\/altipisos\\\/wp-content\\\/uploads\\\/2024\\\/12\\\/Ferias-coletivas-Aproveite-para-reformar-o-piso-dos-seus-ambientes.webp\",\"width\":1280,\"height\":853},{\"@type\":\"BreadcrumbList\",\"@id\":\"https:\\\/\\\/canequin.com.br\\\/sites\\\/altipisos\\\/ferias-coletivas-aproveite-para-reformar-o-piso-dos-seus-ambientes\\\/#breadcrumb\",\"itemListElement\":[{\"@type\":\"ListItem\",\"position\":1,\"name\":\"In\u00edcio\",\"item\":\"https:\\\/\\\/canequin.com.br\\\/sites\\\/altipisos\\\/\"},{\"@type\":\"ListItem\",\"position\":2,\"name\":\"F\u00e9rias coletivas: Aproveite para reformar o piso dos seus ambientes\"}]},{\"@type\":\"WebSite\",\"@id\":\"https:\\\/\\\/canequin.com.br\\\/sites\\\/altipisos\\\/#website\",\"url\":\"https:\\\/\\\/canequin.com.br\\\/sites\\\/altipisos\\\/\",\"name\":\"Altipisos\",\"description\":\"\",\"potentialAction\":[{\"@type\":\"SearchAction\",\"target\":{\"@type\":\"EntryPoint\",\"urlTemplate\":\"https:\\\/\\\/canequin.com.br\\\/sites\\\/altipisos\\\/?s={search_term_string}\"},\"query-input\":{\"@type\":\"PropertyValueSpecification\",\"valueRequired\":true,\"valueName\":\"search_term_string\"}}],\"inLanguage\":\"pt-BR\"},{\"@type\":\"Person\",\"@id\":\"https:\\\/\\\/canequin.com.br\\\/sites\\\/altipisos\\\/#\\\/schema\\\/person\\\/9421261177b7b5baadcedc02dd2de934\",\"name\":\"alti@ADM\",\"sameAs\":[\"https:\\\/\\\/canequin.com.br\\\/sites\\\/altipisos\"],\"url\":\"https:\\\/\\\/canequin.com.br\\\/sites\\\/altipisos\\\/author\\\/altiadm\\\/\"}]}<\/script>\n<!-- \/ Yoast SEO plugin. -->","yoast_head_json":{"title":"F\u00e9rias coletivas: Aproveite para reformar o piso dos seus ambientes - Altipisos","description":"Renove seu espa\u00e7o de forma r\u00e1pida e eficiente com solu\u00e7\u00f5es seguras, resistentes e de f\u00e1cil manuten\u00e7\u00e3o. Ideal para transformar ambientes escolares durante as f\u00e9rias, garantindo qualidade e seguran\u00e7a no retorno das atividades. Confira as vantagens e planeje a transforma\u00e7\u00e3o completa da sua \u00e1rea de recrea\u00e7\u00e3o!","robots":{"index":"index","follow":"follow","max-snippet":"max-snippet:-1","max-image-preview":"max-image-preview:large","max-video-preview":"max-video-preview:-1"},"canonical":"https:\/\/canequin.com.br\/sites\/altipisos\/ferias-coletivas-aproveite-para-reformar-o-piso-dos-seus-ambientes\/","og_locale":"pt_BR","og_type":"article","og_title":"F\u00e9rias coletivas: Aproveite para reformar o piso dos seus ambientes - Altipisos","og_description":"Renove seu espa\u00e7o de forma r\u00e1pida e eficiente com solu\u00e7\u00f5es seguras, resistentes e de f\u00e1cil manuten\u00e7\u00e3o. Ideal para transformar ambientes escolares durante as f\u00e9rias, garantindo qualidade e seguran\u00e7a no retorno das atividades. Confira as vantagens e planeje a transforma\u00e7\u00e3o completa da sua \u00e1rea de recrea\u00e7\u00e3o!","og_url":"https:\/\/canequin.com.br\/sites\/altipisos\/ferias-coletivas-aproveite-para-reformar-o-piso-dos-seus-ambientes\/","og_site_name":"Altipisos","article_published_time":"2024-12-02T13:22:49+00:00","article_modified_time":"2024-12-02T21:01:22+00:00","og_image":[{"width":1280,"height":853,"url":"https:\/\/canequin.com.br\/sites\/altipisos\/wp-content\/uploads\/2024\/12\/Ferias-coletivas-Aproveite-para-reformar-o-piso-dos-seus-ambientes.webp","type":"image\/webp"}],"author":"alti@ADM","twitter_card":"summary_large_image","twitter_misc":{"Escrito por":"alti@ADM","Est. tempo de leitura":"3 minutos"},"schema":{"@context":"https:\/\/schema.org","@graph":[{"@type":"Article","@id":"https:\/\/canequin.com.br\/sites\/altipisos\/ferias-coletivas-aproveite-para-reformar-o-piso-dos-seus-ambientes\/#article","isPartOf":{"@id":"https:\/\/canequin.com.br\/sites\/altipisos\/ferias-coletivas-aproveite-para-reformar-o-piso-dos-seus-ambientes\/"},"author":{"name":"alti@ADM","@id":"https:\/\/canequin.com.br\/sites\/altipisos\/#\/schema\/person\/9421261177b7b5baadcedc02dd2de934"},"headline":"F\u00e9rias coletivas: Aproveite para reformar o piso dos seus ambientes","datePublished":"2024-12-02T13:22:49+00:00","dateModified":"2024-12-02T21:01:22+00:00","mainEntityOfPage":{"@id":"https:\/\/canequin.com.br\/sites\/altipisos\/ferias-coletivas-aproveite-para-reformar-o-piso-dos-seus-ambientes\/"},"wordCount":562,"image":{"@id":"https:\/\/canequin.com.br\/sites\/altipisos\/ferias-coletivas-aproveite-para-reformar-o-piso-dos-seus-ambientes\/#primaryimage"},"thumbnailUrl":"https:\/\/canequin.com.br\/sites\/altipisos\/wp-content\/uploads\/2024\/12\/Ferias-coletivas-Aproveite-para-reformar-o-piso-dos-seus-ambientes.webp","keywords":["altipisos","Piso escolar","piso modular","Piso para crian\u00e7as","Piso para escolas","Piso seguro","pisos modulares","Play soft","Reforma de quadra escolar","Reforma piso"],"articleSection":["Playground","Quadras Esportivas","Reformas"],"inLanguage":"pt-BR"},{"@type":"WebPage","@id":"https:\/\/canequin.com.br\/sites\/altipisos\/ferias-coletivas-aproveite-para-reformar-o-piso-dos-seus-ambientes\/","url":"https:\/\/canequin.com.br\/sites\/altipisos\/ferias-coletivas-aproveite-para-reformar-o-piso-dos-seus-ambientes\/","name":"F\u00e9rias coletivas: Aproveite para reformar o piso dos seus ambientes - Altipisos","isPartOf":{"@id":"https:\/\/canequin.com.br\/sites\/altipisos\/#website"},"primaryImageOfPage":{"@id":"https:\/\/canequin.com.br\/sites\/altipisos\/ferias-coletivas-aproveite-para-reformar-o-piso-dos-seus-ambientes\/#primaryimage"},"image":{"@id":"https:\/\/canequin.com.br\/sites\/altipisos\/ferias-coletivas-aproveite-para-reformar-o-piso-dos-seus-ambientes\/#primaryimage"},"thumbnailUrl":"https:\/\/canequin.com.br\/sites\/altipisos\/wp-content\/uploads\/2024\/12\/Ferias-coletivas-Aproveite-para-reformar-o-piso-dos-seus-ambientes.webp","datePublished":"2024-12-02T13:22:49+00:00","dateModified":"2024-12-02T21:01:22+00:00","author":{"@id":"https:\/\/canequin.com.br\/sites\/altipisos\/#\/schema\/person\/9421261177b7b5baadcedc02dd2de934"},"description":"Renove seu espa\u00e7o de forma r\u00e1pida e eficiente com solu\u00e7\u00f5es seguras, resistentes e de f\u00e1cil manuten\u00e7\u00e3o. Ideal para transformar ambientes escolares durante as f\u00e9rias, garantindo qualidade e seguran\u00e7a no retorno das atividades. Confira as vantagens e planeje a transforma\u00e7\u00e3o completa da sua \u00e1rea de recrea\u00e7\u00e3o!","breadcrumb":{"@id":"https:\/\/canequin.com.br\/sites\/altipisos\/ferias-coletivas-aproveite-para-reformar-o-piso-dos-seus-ambientes\/#breadcrumb"},"inLanguage":"pt-BR","potentialAction":[{"@type":"ReadAction","target":["https:\/\/canequin.com.br\/sites\/altipisos\/ferias-coletivas-aproveite-para-reformar-o-piso-dos-seus-ambientes\/"]}]},{"@type":"ImageObject","inLanguage":"pt-BR","@id":"https:\/\/canequin.com.br\/sites\/altipisos\/ferias-coletivas-aproveite-para-reformar-o-piso-dos-seus-ambientes\/#primaryimage","url":"https:\/\/canequin.com.br\/sites\/altipisos\/wp-content\/uploads\/2024\/12\/Ferias-coletivas-Aproveite-para-reformar-o-piso-dos-seus-ambientes.webp","contentUrl":"https:\/\/canequin.com.br\/sites\/altipisos\/wp-content\/uploads\/2024\/12\/Ferias-coletivas-Aproveite-para-reformar-o-piso-dos-seus-ambientes.webp","width":1280,"height":853},{"@type":"BreadcrumbList","@id":"https:\/\/canequin.com.br\/sites\/altipisos\/ferias-coletivas-aproveite-para-reformar-o-piso-dos-seus-ambientes\/#breadcrumb","itemListElement":[{"@type":"ListItem","position":1,"name":"In\u00edcio","item":"https:\/\/canequin.com.br\/sites\/altipisos\/"},{"@type":"ListItem","position":2,"name":"F\u00e9rias coletivas: Aproveite para reformar o piso dos seus ambientes"}]},{"@type":"WebSite","@id":"https:\/\/canequin.com.br\/sites\/altipisos\/#website","url":"https:\/\/canequin.com.br\/sites\/altipisos\/","name":"Altipisos","description":"","potentialAction":[{"@type":"SearchAction","target":{"@type":"EntryPoint","urlTemplate":"https:\/\/canequin.com.br\/sites\/altipisos\/?s={search_term_string}"},"query-input":{"@type":"PropertyValueSpecification","valueRequired":true,"valueName":"search_term_string"}}],"inLanguage":"pt-BR"},{"@type":"Person","@id":"https:\/\/canequin.com.br\/sites\/altipisos\/#\/schema\/person\/9421261177b7b5baadcedc02dd2de934","name":"alti@ADM","sameAs":["https:\/\/canequin.com.br\/sites\/altipisos"],"url":"https:\/\/canequin.com.br\/sites\/altipisos\/author\/altiadm\/"}]}},"lang":"pt","translations":{"pt":4862,"es":4867},"pll_sync_post":[],"_links":{"self":[{"href":"https:\/\/canequin.com.br\/sites\/altipisos\/wp-json\/wp\/v2\/posts\/4862","targetHints":{"allow":["GET"]}}],"collection":[{"href":"https:\/\/canequin.com.br\/sites\/altipisos\/wp-json\/wp\/v2\/posts"}],"about":[{"href":"https:\/\/canequin.com.br\/sites\/altipisos\/wp-json\/wp\/v2\/types\/post"}],"author":[{"embeddable":true,"href":"https:\/\/canequin.com.br\/sites\/altipisos\/wp-json\/wp\/v2\/users\/1"}],"replies":[{"embeddable":true,"href":"https:\/\/canequin.com.br\/sites\/altipisos\/wp-json\/wp\/v2\/comments?post=4862"}],"version-history":[{"count":0,"href":"https:\/\/canequin.com.br\/sites\/altipisos\/wp-json\/wp\/v2\/posts\/4862\/revisions"}],"wp:featuredmedia":[{"embeddable":true,"href":"https:\/\/canequin.com.br\/sites\/altipisos\/wp-json\/wp\/v2\/media\/4863"}],"wp:attachment":[{"href":"https:\/\/canequin.com.br\/sites\/altipisos\/wp-json\/wp\/v2\/media?parent=4862"}],"wp:term":[{"taxonomy":"category","embeddable":true,"href":"https:\/\/canequin.com.br\/sites\/altipisos\/wp-json\/wp\/v2\/categories?post=4862"},{"taxonomy":"post_tag","embeddable":true,"href":"https:\/\/canequin.com.br\/sites\/altipisos\/wp-json\/wp\/v2\/tags?post=4862"}],"curies":[{"name":"wp","href":"https:\/\/api.w.org\/{rel}","templated":true}]}}