{"id":4247,"date":"2024-09-17T10:08:25","date_gmt":"2024-09-17T13:08:25","guid":{"rendered":"https:\/\/canequin.com.br\/sites\/altipisos\/?p=4247"},"modified":"2024-09-17T10:08:25","modified_gmt":"2024-09-17T13:08:25","slug":"falcao-y-amandinha-conocen-de-cerca-altipisos","status":"publish","type":"post","link":"https:\/\/canequin.com.br\/sites\/altipisos\/es\/falcao-y-amandinha-conocen-de-cerca-altipisos\/","title":{"rendered":"\u00a1Falc\u00e3o y Amandinha conocen de cerca Altipisos!"},"content":{"rendered":"\r\n<p>El 13 de julio de 2023, Altipisos recibi\u00f3 en su sede a <a href=\"https:\/\/canequin.com.br\/sites\/altipisos\/blog\/voce-conhece-os-reis-do-futsal-falcao-e-amandinha-sao-altipisos\/\" target=\"_blank\" rel=\"noreferrer noopener\">Falc\u00e3o y Amandinha<\/a>, el Rey y la Reina del f\u00fatbol sala, para celebrar un hito especial, as\u00ed como para festejar el<strong> lanzamiento de un nuevo modelo de suelo modular<\/strong>. Ambos son embajadores de la marca y promueven el prop\u00f3sito y la pasi\u00f3n de Altipisos por el deporte.<\/p>\r\n\r\n\r\n\r\n<p>Con m\u00e1s de dos d\u00e9cadas de experiencia en canchas deportivas y l\u00edder en la producci\u00f3n de pavimentos modulares, Altipisos se ha convertido en una<strong> referencia nacional<\/strong> en el segmento, ofreciendo m\u00e1s eficiencia, durabilidad e innovaci\u00f3n para canchas deportivas y polideportivas. El f\u00fatbol sala, por ejemplo, es uno de los deportes que se beneficia de nuestra tecnolog\u00eda de alto rendimiento.<\/p>\r\n\r\n\r\n\r\n<p>En este art\u00edculo, explicaremos un poco m\u00e1s c\u00f3mo se produjo la visita de Falc\u00e3o y Amandinha, qu\u00e9 hito se alcanz\u00f3 y m\u00e1s sobre el nuevo producto de <a href=\"https:\/\/canequin.com.br\/sites\/altipisos\/blog\/24-anos-de-altipisos-conheca-essa-historia\/\" target=\"_blank\" rel=\"noreferrer noopener\">Altipisos<\/a>. \u00a1Compru\u00e9belo a continuaci\u00f3n!<\/p>\r\n\r\n\r\n\r\n<div class=\"wp-block-spacer\" style=\"height: 30px;\" aria-hidden=\"true\">\u00a0<\/div>\r\n\r\n\r\n\r\n<h2 class=\"wp-block-heading\">Celebraci\u00f3n de 400.000 m\u00b2 de suelos modulares<\/h2>\r\n\r\n\r\n\r\n<p>Uno de los momentos celebrados con Falc\u00e3o, Amandinha y todas las personas presentes en el evento fue la oficializaci\u00f3n del hito de <strong>400.000 m\u00b2 de pavimentos modulares fabricados<\/strong>. Este logro hist\u00f3rico representa la confianza y la preferencia de los clientes a lo largo de los a\u00f1os.<\/p>\r\n\r\n\r\n\r\n<p>Atendemos clientes en todo Brasil, ofreciendo excelencia y calidad en nuestros productos.<\/p>\r\n\r\n\r\n\r\n<p>El hito se registr\u00f3 con la <strong>firma de un suelo modular dorado<\/strong>, que representa el logro hist\u00f3rico de Altipisos.<\/p>\r\n\r\n\r\n\r\n<figure class=\"wp-block-image is-resized\"><img fetchpriority=\"high\" decoding=\"async\" src=\"https:\/\/lh6.googleusercontent.com\/KAIf19ZgDkQp7Z4SYUEaHMG0JHroefSY_iRjCs93N7u_6WKGfrLFec2kQNQFzp3kk6rU5gHHY0FnwLbJ9jpgi8LTPQHGNM5QUQYOAsxUvjrXDVCDdDfHqryoTL9KiHHGwruoid5Hvgw4UscJLlJoKkU\" alt=\"\" width=\"720\" height=\"720\" \/><\/figure>\r\n\r\n\r\n\r\n<p><em>Falc\u00e3o, Altivo Possamai (fundador de Altipisos) y Amandinha.<\/em><\/p>\r\n\r\n\r\n\r\n<div class=\"wp-block-spacer\" style=\"height: 15px;\" aria-hidden=\"true\">\u00a0<\/div>\r\n\r\n\r\n\r\n<h2 class=\"wp-block-heading\">Lanzamiento del nuevo modelo de suelo modular<\/h2>\r\n\r\n\r\n\r\n<p>La innovaci\u00f3n ha estado en el coraz\u00f3n de Altipisos desde su creaci\u00f3n. El suelo modular es un revestimiento <strong>formado por piezas prefabricadas<\/strong> que se encajan f\u00e1cilmente, como un rompecabezas gigante.<\/p>\r\n\r\n\r\n\r\n<p>Adem\u00e1s, el pavimento est\u00e1 fabricado con pl\u00e1stico de polipropileno, que ofrece<strong> una mayor resistencia a las zonas<\/strong> <a href=\"https:\/\/canequin.com.br\/sites\/altipisos\/blog\/o-piso-modular-e-ideal-para-quais-modalidades-esportivas\/\" target=\"_blank\" rel=\"noreferrer noopener\">deportivas<\/a><strong> interiores y exteriores<\/strong>. Todo ello con el objetivo de ofrecer a los clientes m\u00e1s durabilidad, innovaci\u00f3n y calidad.<\/p>\r\n\r\n\r\n\r\n<p>En el evento, anunciamos el lanzamiento del <strong>nuevo suelo modular 30&#215;30<\/strong>. Nuestro equipo de ingenier\u00eda deportiva perfeccion\u00f3 algunas t\u00e9cnicas y dio con este nuevo tama\u00f1o para pistas deportivas y parques infantiles al aire libre.<\/p>\r\n\r\n\r\n\r\n<p>El lanzamiento presenta las conocidas caracter\u00edsticas de Altipisos, como un fuerte agarre, una excelente amortiguaci\u00f3n de los impactos y resistencia a los factores clim\u00e1ticos.<\/p>\r\n\r\n\r\n\r\n<div class=\"wp-block-spacer\" style=\"height: 30px;\" aria-hidden=\"true\">\u00a0<\/div>\r\n\r\n\r\n\r\n<h2 class=\"wp-block-heading\">Primera visita de Falc\u00e3o a nuestra f\u00e1brica<\/h2>\r\n\r\n\r\n\r\n<p>Durante el evento, que tuvo lugar el 13 de julio, tuvimos la oportunidad de <strong>presentar nuestra f\u00e1brica a Falc\u00e3o por primera vez<\/strong>. El Rey del F\u00fatbol Sala es nuestro embajador desde hace alg\u00fan tiempo y est\u00e1bamos ansiosos por mostrarle las instalaciones y d\u00f3nde se produce el mejor suelo modular de Brasil.<\/p>\r\n\r\n\r\n\r\n<p>Amandinha, junto con Falc\u00e3o, tambi\u00e9n nos acompa\u00f1\u00f3 en la visita a la f\u00e1brica y pudo formar parte de la experiencia con nosotros.<\/p>\r\n\r\n\r\n\r\n<div class=\"wp-block-spacer\" style=\"height: 30px;\" aria-hidden=\"true\">\u00a0<\/div>\r\n\r\n\r\n\r\n<h2 class=\"wp-block-heading\">El privilegio de contar con Falc\u00e3o y Amandinha como embajadores de Altipisos<\/h2>\r\n\r\n\r\n\r\n<p>Es una gran alegr\u00eda tener a Falcao y Amandinha como embajadores de Altipisos. Somos unos completos<strong> apasionados del f\u00fatbol sala<\/strong> y sabemos lo importantes que son cada uno de ellos para este deporte, tanto a nivel nacional como internacional.<\/p>\r\n\r\n\r\n\r\n<p>Falc\u00e3o y Amandinha inspiran a ni\u00f1os y ni\u00f1as a seguir el camino del deporte, mostrando todos los valores y beneficios que ofrece el f\u00fatbol sala. Tambi\u00e9n <strong>ayudan a promover los beneficios del pavimento modular <\/strong>en escuelas y centros deportivos de todo Brasil.<\/p>\r\n\r\n\r\n\r\n<p>Junto con nuestro equipo, los jugadores pudieron probar y comprobar la eficacia, innovaci\u00f3n y seguridad que ofrecen los suelos modulares durante los partidos.<\/p>\r\n\r\n\r\n\r\n<p>La visita de Falcao y Amandinha a la sede de Altipisos es un gran placer, sobre todo porque simboliza todo nuestro cari\u00f1o y esfuerzo para proporcionar una infraestructura adecuada para el \u00e9xito de las m\u00e1s diversas disciplinas deportivas.<\/p>\r\n\r\n\r\n\r\n<p>Le invitamos a descubrir todas <a href=\"https:\/\/canequin.com.br\/sites\/altipisos\/produtos\/\" target=\"_blank\" rel=\"noreferrer noopener\"><strong>nuestras opciones de suelos modulares<\/strong><\/a>. Contamos con un equipo altamente cualificado que instalar\u00e1 todo el suelo de su pista en 48 horas.<\/p>\r\n","protected":false},"excerpt":{"rendered":"<p>El 13 de julio de 2023, Altipisos recibi\u00f3 en su sede a Falc\u00e3o y Amandinha, el Rey y la Reina del f\u00fatbol sala, para celebrar un hito especial, as\u00ed como para festejar el lanzamiento de un nuevo modelo de suelo modular. Ambos son embajadores de la marca y promueven el prop\u00f3sito y la pasi\u00f3n de [&hellip;]<\/p>\n","protected":false},"author":3,"featured_media":4246,"comment_status":"closed","ping_status":"closed","sticky":false,"template":"","format":"standard","meta":{"footnotes":""},"categories":[952,981],"tags":[990,987,984],"class_list":["post-4247","post","type-post","status-publish","format-standard","has-post-thumbnail","hentry","category-blog","category-novedades","tag-amandine","tag-evento-altipisos","tag-halcon"],"yoast_head":"<!-- This site is optimized with the Yoast SEO plugin v27.5 - https:\/\/yoast.com\/product\/yoast-seo-wordpress\/ -->\n<title>\u00a1Falc\u00e3o y Amandinha conocen de cerca Altipisos! - Altipisos<\/title>\n<meta name=\"robots\" content=\"index, follow, max-snippet:-1, max-image-preview:large, max-video-preview:-1\" \/>\n<link rel=\"canonical\" href=\"https:\/\/canequin.com.br\/sites\/altipisos\/es\/falcao-y-amandinha-conocen-de-cerca-altipisos\/\" \/>\n<meta property=\"og:locale\" content=\"pt_BR\" \/>\n<meta property=\"og:type\" content=\"article\" \/>\n<meta property=\"og:title\" content=\"\u00a1Falc\u00e3o y Amandinha conocen de cerca Altipisos! - Altipisos\" \/>\n<meta property=\"og:description\" content=\"El 13 de julio de 2023, Altipisos recibi\u00f3 en su sede a Falc\u00e3o y Amandinha, el Rey y la Reina del f\u00fatbol sala, para celebrar un hito especial, as\u00ed como para festejar el lanzamiento de un nuevo modelo de suelo modular. Ambos son embajadores de la marca y promueven el prop\u00f3sito y la pasi\u00f3n de [&hellip;]\" \/>\n<meta property=\"og:url\" content=\"https:\/\/canequin.com.br\/sites\/altipisos\/es\/falcao-y-amandinha-conocen-de-cerca-altipisos\/\" \/>\n<meta property=\"og:site_name\" content=\"Altipisos\" \/>\n<meta property=\"article:published_time\" content=\"2024-09-17T13:08:25+00:00\" \/>\n<meta property=\"og:image\" content=\"https:\/\/canequin.com.br\/sites\/altipisos\/wp-content\/uploads\/2023\/08\/Falcao-e-Amandinha-se-encontram-na-Altipisos.png\" \/>\n\t<meta property=\"og:image:width\" content=\"1081\" \/>\n\t<meta property=\"og:image:height\" content=\"839\" \/>\n\t<meta property=\"og:image:type\" content=\"image\/png\" \/>\n<meta name=\"author\" content=\"Altipisos\" \/>\n<meta name=\"twitter:card\" content=\"summary_large_image\" \/>\n<meta name=\"twitter:label1\" content=\"Escrito por\" \/>\n\t<meta name=\"twitter:data1\" content=\"Altipisos\" \/>\n\t<meta name=\"twitter:label2\" content=\"Est. tempo de leitura\" \/>\n\t<meta name=\"twitter:data2\" content=\"3 minutos\" \/>\n<script type=\"application\/ld+json\" class=\"yoast-schema-graph\">{\"@context\":\"https:\\\/\\\/schema.org\",\"@graph\":[{\"@type\":\"Article\",\"@id\":\"https:\\\/\\\/canequin.com.br\\\/sites\\\/altipisos\\\/es\\\/falcao-y-amandinha-conocen-de-cerca-altipisos\\\/#article\",\"isPartOf\":{\"@id\":\"https:\\\/\\\/canequin.com.br\\\/sites\\\/altipisos\\\/es\\\/falcao-y-amandinha-conocen-de-cerca-altipisos\\\/\"},\"author\":{\"name\":\"Altipisos\",\"@id\":\"https:\\\/\\\/canequin.com.br\\\/sites\\\/altipisos\\\/#\\\/schema\\\/person\\\/53e4967078c19153e5c78f0833af3d11\"},\"headline\":\"\u00a1Falc\u00e3o y Amandinha conocen de cerca Altipisos!\",\"datePublished\":\"2024-09-17T13:08:25+00:00\",\"mainEntityOfPage\":{\"@id\":\"https:\\\/\\\/canequin.com.br\\\/sites\\\/altipisos\\\/es\\\/falcao-y-amandinha-conocen-de-cerca-altipisos\\\/\"},\"wordCount\":697,\"image\":{\"@id\":\"https:\\\/\\\/canequin.com.br\\\/sites\\\/altipisos\\\/es\\\/falcao-y-amandinha-conocen-de-cerca-altipisos\\\/#primaryimage\"},\"thumbnailUrl\":\"https:\\\/\\\/canequin.com.br\\\/sites\\\/altipisos\\\/wp-content\\\/uploads\\\/2023\\\/08\\\/Falcao-e-Amandinha-se-encontram-na-Altipisos.png\",\"keywords\":[\"amandine\",\"evento altipisos\",\"halc\u00f3n\"],\"articleSection\":[\"Blog\",\"Novedades\"],\"inLanguage\":\"pt-BR\"},{\"@type\":\"WebPage\",\"@id\":\"https:\\\/\\\/canequin.com.br\\\/sites\\\/altipisos\\\/es\\\/falcao-y-amandinha-conocen-de-cerca-altipisos\\\/\",\"url\":\"https:\\\/\\\/canequin.com.br\\\/sites\\\/altipisos\\\/es\\\/falcao-y-amandinha-conocen-de-cerca-altipisos\\\/\",\"name\":\"\u00a1Falc\u00e3o y Amandinha conocen de cerca Altipisos! - Altipisos\",\"isPartOf\":{\"@id\":\"https:\\\/\\\/canequin.com.br\\\/sites\\\/altipisos\\\/#website\"},\"primaryImageOfPage\":{\"@id\":\"https:\\\/\\\/canequin.com.br\\\/sites\\\/altipisos\\\/es\\\/falcao-y-amandinha-conocen-de-cerca-altipisos\\\/#primaryimage\"},\"image\":{\"@id\":\"https:\\\/\\\/canequin.com.br\\\/sites\\\/altipisos\\\/es\\\/falcao-y-amandinha-conocen-de-cerca-altipisos\\\/#primaryimage\"},\"thumbnailUrl\":\"https:\\\/\\\/canequin.com.br\\\/sites\\\/altipisos\\\/wp-content\\\/uploads\\\/2023\\\/08\\\/Falcao-e-Amandinha-se-encontram-na-Altipisos.png\",\"datePublished\":\"2024-09-17T13:08:25+00:00\",\"author\":{\"@id\":\"https:\\\/\\\/canequin.com.br\\\/sites\\\/altipisos\\\/#\\\/schema\\\/person\\\/53e4967078c19153e5c78f0833af3d11\"},\"breadcrumb\":{\"@id\":\"https:\\\/\\\/canequin.com.br\\\/sites\\\/altipisos\\\/es\\\/falcao-y-amandinha-conocen-de-cerca-altipisos\\\/#breadcrumb\"},\"inLanguage\":\"pt-BR\",\"potentialAction\":[{\"@type\":\"ReadAction\",\"target\":[\"https:\\\/\\\/canequin.com.br\\\/sites\\\/altipisos\\\/es\\\/falcao-y-amandinha-conocen-de-cerca-altipisos\\\/\"]}]},{\"@type\":\"ImageObject\",\"inLanguage\":\"pt-BR\",\"@id\":\"https:\\\/\\\/canequin.com.br\\\/sites\\\/altipisos\\\/es\\\/falcao-y-amandinha-conocen-de-cerca-altipisos\\\/#primaryimage\",\"url\":\"https:\\\/\\\/canequin.com.br\\\/sites\\\/altipisos\\\/wp-content\\\/uploads\\\/2023\\\/08\\\/Falcao-e-Amandinha-se-encontram-na-Altipisos.png\",\"contentUrl\":\"https:\\\/\\\/canequin.com.br\\\/sites\\\/altipisos\\\/wp-content\\\/uploads\\\/2023\\\/08\\\/Falcao-e-Amandinha-se-encontram-na-Altipisos.png\",\"width\":1081,\"height\":839,\"caption\":\"Falc\u00e3o y Amandinha se enfrentan en Altipisos\"},{\"@type\":\"BreadcrumbList\",\"@id\":\"https:\\\/\\\/canequin.com.br\\\/sites\\\/altipisos\\\/es\\\/falcao-y-amandinha-conocen-de-cerca-altipisos\\\/#breadcrumb\",\"itemListElement\":[{\"@type\":\"ListItem\",\"position\":1,\"name\":\"In\u00edcio\",\"item\":\"https:\\\/\\\/canequin.com.br\\\/sites\\\/altipisos\\\/\"},{\"@type\":\"ListItem\",\"position\":2,\"name\":\"\u00a1Falc\u00e3o y Amandinha conocen de cerca Altipisos!\"}]},{\"@type\":\"WebSite\",\"@id\":\"https:\\\/\\\/canequin.com.br\\\/sites\\\/altipisos\\\/#website\",\"url\":\"https:\\\/\\\/canequin.com.br\\\/sites\\\/altipisos\\\/\",\"name\":\"Altipisos\",\"description\":\"\",\"potentialAction\":[{\"@type\":\"SearchAction\",\"target\":{\"@type\":\"EntryPoint\",\"urlTemplate\":\"https:\\\/\\\/canequin.com.br\\\/sites\\\/altipisos\\\/?s={search_term_string}\"},\"query-input\":{\"@type\":\"PropertyValueSpecification\",\"valueRequired\":true,\"valueName\":\"search_term_string\"}}],\"inLanguage\":\"pt-BR\"},{\"@type\":\"Person\",\"@id\":\"https:\\\/\\\/canequin.com.br\\\/sites\\\/altipisos\\\/#\\\/schema\\\/person\\\/53e4967078c19153e5c78f0833af3d11\",\"name\":\"Altipisos\",\"url\":\"https:\\\/\\\/canequin.com.br\\\/sites\\\/altipisos\\\/author\\\/altipisos\\\/\"}]}<\/script>\n<!-- \/ Yoast SEO plugin. -->","yoast_head_json":{"title":"\u00a1Falc\u00e3o y Amandinha conocen de cerca Altipisos! - Altipisos","robots":{"index":"index","follow":"follow","max-snippet":"max-snippet:-1","max-image-preview":"max-image-preview:large","max-video-preview":"max-video-preview:-1"},"canonical":"https:\/\/canequin.com.br\/sites\/altipisos\/es\/falcao-y-amandinha-conocen-de-cerca-altipisos\/","og_locale":"pt_BR","og_type":"article","og_title":"\u00a1Falc\u00e3o y Amandinha conocen de cerca Altipisos! - Altipisos","og_description":"El 13 de julio de 2023, Altipisos recibi\u00f3 en su sede a Falc\u00e3o y Amandinha, el Rey y la Reina del f\u00fatbol sala, para celebrar un hito especial, as\u00ed como para festejar el lanzamiento de un nuevo modelo de suelo modular. Ambos son embajadores de la marca y promueven el prop\u00f3sito y la pasi\u00f3n de [&hellip;]","og_url":"https:\/\/canequin.com.br\/sites\/altipisos\/es\/falcao-y-amandinha-conocen-de-cerca-altipisos\/","og_site_name":"Altipisos","article_published_time":"2024-09-17T13:08:25+00:00","og_image":[{"width":1081,"height":839,"url":"https:\/\/canequin.com.br\/sites\/altipisos\/wp-content\/uploads\/2023\/08\/Falcao-e-Amandinha-se-encontram-na-Altipisos.png","type":"image\/png"}],"author":"Altipisos","twitter_card":"summary_large_image","twitter_misc":{"Escrito por":"Altipisos","Est. tempo de leitura":"3 minutos"},"schema":{"@context":"https:\/\/schema.org","@graph":[{"@type":"Article","@id":"https:\/\/canequin.com.br\/sites\/altipisos\/es\/falcao-y-amandinha-conocen-de-cerca-altipisos\/#article","isPartOf":{"@id":"https:\/\/canequin.com.br\/sites\/altipisos\/es\/falcao-y-amandinha-conocen-de-cerca-altipisos\/"},"author":{"name":"Altipisos","@id":"https:\/\/canequin.com.br\/sites\/altipisos\/#\/schema\/person\/53e4967078c19153e5c78f0833af3d11"},"headline":"\u00a1Falc\u00e3o y Amandinha conocen de cerca Altipisos!","datePublished":"2024-09-17T13:08:25+00:00","mainEntityOfPage":{"@id":"https:\/\/canequin.com.br\/sites\/altipisos\/es\/falcao-y-amandinha-conocen-de-cerca-altipisos\/"},"wordCount":697,"image":{"@id":"https:\/\/canequin.com.br\/sites\/altipisos\/es\/falcao-y-amandinha-conocen-de-cerca-altipisos\/#primaryimage"},"thumbnailUrl":"https:\/\/canequin.com.br\/sites\/altipisos\/wp-content\/uploads\/2023\/08\/Falcao-e-Amandinha-se-encontram-na-Altipisos.png","keywords":["amandine","evento altipisos","halc\u00f3n"],"articleSection":["Blog","Novedades"],"inLanguage":"pt-BR"},{"@type":"WebPage","@id":"https:\/\/canequin.com.br\/sites\/altipisos\/es\/falcao-y-amandinha-conocen-de-cerca-altipisos\/","url":"https:\/\/canequin.com.br\/sites\/altipisos\/es\/falcao-y-amandinha-conocen-de-cerca-altipisos\/","name":"\u00a1Falc\u00e3o y Amandinha conocen de cerca Altipisos! - Altipisos","isPartOf":{"@id":"https:\/\/canequin.com.br\/sites\/altipisos\/#website"},"primaryImageOfPage":{"@id":"https:\/\/canequin.com.br\/sites\/altipisos\/es\/falcao-y-amandinha-conocen-de-cerca-altipisos\/#primaryimage"},"image":{"@id":"https:\/\/canequin.com.br\/sites\/altipisos\/es\/falcao-y-amandinha-conocen-de-cerca-altipisos\/#primaryimage"},"thumbnailUrl":"https:\/\/canequin.com.br\/sites\/altipisos\/wp-content\/uploads\/2023\/08\/Falcao-e-Amandinha-se-encontram-na-Altipisos.png","datePublished":"2024-09-17T13:08:25+00:00","author":{"@id":"https:\/\/canequin.com.br\/sites\/altipisos\/#\/schema\/person\/53e4967078c19153e5c78f0833af3d11"},"breadcrumb":{"@id":"https:\/\/canequin.com.br\/sites\/altipisos\/es\/falcao-y-amandinha-conocen-de-cerca-altipisos\/#breadcrumb"},"inLanguage":"pt-BR","potentialAction":[{"@type":"ReadAction","target":["https:\/\/canequin.com.br\/sites\/altipisos\/es\/falcao-y-amandinha-conocen-de-cerca-altipisos\/"]}]},{"@type":"ImageObject","inLanguage":"pt-BR","@id":"https:\/\/canequin.com.br\/sites\/altipisos\/es\/falcao-y-amandinha-conocen-de-cerca-altipisos\/#primaryimage","url":"https:\/\/canequin.com.br\/sites\/altipisos\/wp-content\/uploads\/2023\/08\/Falcao-e-Amandinha-se-encontram-na-Altipisos.png","contentUrl":"https:\/\/canequin.com.br\/sites\/altipisos\/wp-content\/uploads\/2023\/08\/Falcao-e-Amandinha-se-encontram-na-Altipisos.png","width":1081,"height":839,"caption":"Falc\u00e3o y Amandinha se enfrentan en Altipisos"},{"@type":"BreadcrumbList","@id":"https:\/\/canequin.com.br\/sites\/altipisos\/es\/falcao-y-amandinha-conocen-de-cerca-altipisos\/#breadcrumb","itemListElement":[{"@type":"ListItem","position":1,"name":"In\u00edcio","item":"https:\/\/canequin.com.br\/sites\/altipisos\/"},{"@type":"ListItem","position":2,"name":"\u00a1Falc\u00e3o y Amandinha conocen de cerca Altipisos!"}]},{"@type":"WebSite","@id":"https:\/\/canequin.com.br\/sites\/altipisos\/#website","url":"https:\/\/canequin.com.br\/sites\/altipisos\/","name":"Altipisos","description":"","potentialAction":[{"@type":"SearchAction","target":{"@type":"EntryPoint","urlTemplate":"https:\/\/canequin.com.br\/sites\/altipisos\/?s={search_term_string}"},"query-input":{"@type":"PropertyValueSpecification","valueRequired":true,"valueName":"search_term_string"}}],"inLanguage":"pt-BR"},{"@type":"Person","@id":"https:\/\/canequin.com.br\/sites\/altipisos\/#\/schema\/person\/53e4967078c19153e5c78f0833af3d11","name":"Altipisos","url":"https:\/\/canequin.com.br\/sites\/altipisos\/author\/altipisos\/"}]}},"lang":"es","translations":{"es":4247,"pt":2647,"en":5523},"pll_sync_post":[],"_links":{"self":[{"href":"https:\/\/canequin.com.br\/sites\/altipisos\/wp-json\/wp\/v2\/posts\/4247","targetHints":{"allow":["GET"]}}],"collection":[{"href":"https:\/\/canequin.com.br\/sites\/altipisos\/wp-json\/wp\/v2\/posts"}],"about":[{"href":"https:\/\/canequin.com.br\/sites\/altipisos\/wp-json\/wp\/v2\/types\/post"}],"author":[{"embeddable":true,"href":"https:\/\/canequin.com.br\/sites\/altipisos\/wp-json\/wp\/v2\/users\/3"}],"replies":[{"embeddable":true,"href":"https:\/\/canequin.com.br\/sites\/altipisos\/wp-json\/wp\/v2\/comments?post=4247"}],"version-history":[{"count":0,"href":"https:\/\/canequin.com.br\/sites\/altipisos\/wp-json\/wp\/v2\/posts\/4247\/revisions"}],"wp:featuredmedia":[{"embeddable":true,"href":"https:\/\/canequin.com.br\/sites\/altipisos\/wp-json\/wp\/v2\/media\/4246"}],"wp:attachment":[{"href":"https:\/\/canequin.com.br\/sites\/altipisos\/wp-json\/wp\/v2\/media?parent=4247"}],"wp:term":[{"taxonomy":"category","embeddable":true,"href":"https:\/\/canequin.com.br\/sites\/altipisos\/wp-json\/wp\/v2\/categories?post=4247"},{"taxonomy":"post_tag","embeddable":true,"href":"https:\/\/canequin.com.br\/sites\/altipisos\/wp-json\/wp\/v2\/tags?post=4247"}],"curies":[{"name":"wp","href":"https:\/\/api.w.org\/{rel}","templated":true}]}}