{"id":2647,"date":"2023-08-09T10:30:00","date_gmt":"2023-08-09T13:30:00","guid":{"rendered":"https:\/\/altipisos.com.br\/?p=2647"},"modified":"2023-08-09T10:30:00","modified_gmt":"2023-08-09T13:30:00","slug":"falcao-e-amandinha-na-altipisos","status":"publish","type":"post","link":"https:\/\/canequin.com.br\/sites\/altipisos\/falcao-e-amandinha-na-altipisos\/","title":{"rendered":"Falc\u00e3o e Amandinha conhecem de perto a Altipisos!"},"content":{"rendered":"\n<p>No dia 13 de julho de 2023, a Altipisos recebeu <a href=\"https:\/\/canequin.com.br\/sites\/altipisos\/blog\/voce-conhece-os-reis-do-futsal-falcao-e-amandinha-sao-altipisos\/\" target=\"_blank\" rel=\"noreferrer noopener\">Falc\u00e3o e Amandinha<\/a>, o Rei e a Rainha do futsal, em sua sede para comemorar uma marca especial, al\u00e9m de prestigiar o<strong> lan\u00e7amento de um novo modelo de piso modular<\/strong>. Ambos s\u00e3o embaixadores da marca e promovem o prop\u00f3sito e a paix\u00e3o da Altipisos pelo esporte.<\/p>\n\n\n\n<p>Com mais de duas d\u00e9cadas de experi\u00eancia em quadras esportivas e l\u00edder na produ\u00e7\u00e3o de pisos modulares, a Altipisos se tornou<strong> refer\u00eancia nacional<\/strong> no segmento, oferecendo mais efici\u00eancia, durabilidade e inova\u00e7\u00e3o para quadras esportivas e poliesportivas. O futsal, por exemplo, \u00e9 um dos esportes beneficiados com a nossa tecnologia de alta desempenho.<\/p>\n\n\n\n<p>Neste conte\u00fado, vamos explicar um pouco mais como aconteceu a visita do Falc\u00e3o e da Amandinha, qual foi a marca atingida e mais sobre a novidade da <a href=\"https:\/\/canequin.com.br\/sites\/altipisos\/blog\/24-anos-de-altipisos-conheca-essa-historia\/\" target=\"_blank\" rel=\"noreferrer noopener\">Altipisos<\/a>. Confira a seguir!<\/p>\n\n\n\n<div style=\"height:30px\" aria-hidden=\"true\" class=\"wp-block-spacer\"><\/div>\n\n\n\n<h2 class=\"wp-block-heading\">Comemora\u00e7\u00e3o de 400 mil m\u00b2 de piso modular<\/h2>\n\n\n\n<p>Um dos momentos comemorados com Falc\u00e3o, Amandinha e todas as pessoas presentes no evento foi a oficializa\u00e7\u00e3o da marca de <strong>400 mil m\u00b2 de piso modular fabricado<\/strong>. Esse efeito hist\u00f3rico representa a confian\u00e7a e prefer\u00eancia de clientes ao longo desses anos.&nbsp;<\/p>\n\n\n\n<p>Atendemos clientes de todo o Brasil, entregando excel\u00eancia e qualidade em nossos produtos.&nbsp;<\/p>\n\n\n\n<p>O marco foi registrado atrav\u00e9s da <strong>assinatura de um piso modular dourado<\/strong>, representando o feito hist\u00f3rico da Altipisos.&nbsp;<\/p>\n\n\n\n<figure class=\"wp-block-image is-resized\"><img fetchpriority=\"high\" decoding=\"async\" src=\"https:\/\/lh6.googleusercontent.com\/KAIf19ZgDkQp7Z4SYUEaHMG0JHroefSY_iRjCs93N7u_6WKGfrLFec2kQNQFzp3kk6rU5gHHY0FnwLbJ9jpgi8LTPQHGNM5QUQYOAsxUvjrXDVCDdDfHqryoTL9KiHHGwruoid5Hvgw4UscJLlJoKkU\" alt=\"\" width=\"720\" height=\"720\"\/><\/figure>\n\n\n\n<p><em>Falc\u00e3o, Altivo Possamai (fundador da Altipisos) e Amandinha.<\/em><\/p>\n\n\n\n<div style=\"height:15px\" aria-hidden=\"true\" class=\"wp-block-spacer\"><\/div>\n\n\n\n<h2 class=\"wp-block-heading\">Lan\u00e7amento do novo modelo de piso modular<\/h2>\n\n\n\n<p>A inova\u00e7\u00e3o est\u00e1 presente na ess\u00eancia da Altipisos desde o seu surgimento. O piso modular \u00e9 um revestimento <strong>composto por pe\u00e7as pr\u00e9-fabricadas<\/strong>, que s\u00e3o facilmente encaixadas umas nas outras, como se fosse um jogo de quebra-cabe\u00e7a gigante.&nbsp;<\/p>\n\n\n\n<p>Al\u00e9m disso, o piso \u00e9 produzido com pl\u00e1stico polipropileno, que oferece<strong> mais resist\u00eancia \u00e0s \u00e1reas internas e externas<\/strong> de <a href=\"https:\/\/canequin.com.br\/sites\/altipisos\/blog\/o-piso-modular-e-ideal-para-quais-modalidades-esportivas\/\" target=\"_blank\" rel=\"noreferrer noopener\">ambientes esportivos<\/a>. Tudo isso alinhado com o prop\u00f3sito de oferecer mais durabilidade, inova\u00e7\u00e3o e qualidade aos clientes.<\/p>\n\n\n\n<p>No evento, divulgamos o lan\u00e7amento do <strong>novo piso modular 30&#215;30<\/strong>. Nossa equipe de engenharia esportiva aprimorou algumas t\u00e9cnicas e chegou no resultado desse novo tamanho para quadras esportivas outdoor e playground.&nbsp;<\/p>\n\n\n\n<p>O lan\u00e7amento apresenta caracter\u00edsticas conhecidas da Altipisos, como forte ader\u00eancia, excelente amortecimento de impacto e resist\u00eancia a fatores clim\u00e1ticos.&nbsp;<\/p>\n\n\n\n<div style=\"height:30px\" aria-hidden=\"true\" class=\"wp-block-spacer\"><\/div>\n\n\n\n<h2 class=\"wp-block-heading\">A primeira visita de Falc\u00e3o em nossa f\u00e1brica<\/h2>\n\n\n\n<p>Durante o evento, que ocorreu no dia 13 de julho, tivemos a oportunidade de <strong>apresentar pela primeira vez a nossa f\u00e1brica ao Falc\u00e3o<\/strong>. O Rei do Futsal \u00e9 o nosso embaixador h\u00e1 um tempo e est\u00e1vamos ansiosos para mostrar as instala\u00e7\u00f5es e onde s\u00e3o produzidos os melhores pisos modulares do Brasil.<\/p>\n\n\n\n<p>Amandinha, juntamente com Falc\u00e3o, tamb\u00e9m nos acompanhou na caminhada pela f\u00e1brica e conseguiu fazer parte dessa experi\u00eancia conosco.&nbsp;<\/p>\n\n\n\n<div style=\"height:30px\" aria-hidden=\"true\" class=\"wp-block-spacer\"><\/div>\n\n\n\n<h2 class=\"wp-block-heading\">O privil\u00e9gio de ter Falc\u00e3o e Amandinha como embaixadores da Altipisos<\/h2>\n\n\n\n<p>\u00c9 uma grande alegria ter Falc\u00e3o e Amandinha como os embaixadores da Altipisos. Somos completamente<strong> apaixonados pelo futebol de sal\u00e3o<\/strong> e sabemos da import\u00e2ncia de cada um para a modalidade, tanto em territ\u00f3rio nacional quanto internacional.<\/p>\n\n\n\n<p>O Falc\u00e3o e a Amandinha inspiram meninos e meninas a seguirem no caminho do esporte, mostrando todos os valores e benef\u00edcios que o futsal oferece. Al\u00e9m disso, eles <strong>ajudam a promover os benef\u00edcios dos pisos modulares <\/strong>para escolas e centros esportivos em todo o Brasil.&nbsp;<\/p>\n\n\n\n<p>Juntamente com nossa equipe, os jogadores puderam testar e comprovar a efici\u00eancia, inova\u00e7\u00e3o e seguran\u00e7a que os pisos modulares oferecem durante os jogos.&nbsp;<\/p>\n\n\n\n<p>A visita de Falc\u00e3o e Amandinha \u00e0 sede da Altipisos \u00e9 uma enorme satisfa\u00e7\u00e3o, especialmente porque simboliza todo o nosso carinho e esfor\u00e7o em busca de oferecer uma infraestrutura adequada para o sucesso das mais diversas modalidades esportivas.&nbsp;<\/p>\n\n\n\n<p>Aproveitamos para te convidar a conhecer todas as <a href=\"https:\/\/canequin.com.br\/sites\/altipisos\/produtos\/\" target=\"_blank\" rel=\"noreferrer noopener\"><strong>nossas op\u00e7\u00f5es de pisos modulares<\/strong><\/a>. Contamos com uma equipe altamente capacitada, com instala\u00e7\u00e3o em 48h de todo o revestimento na sua quadra!<\/p>\n","protected":false},"excerpt":{"rendered":"<p>No dia 13 de julho de 2023, a Altipisos recebeu Falc\u00e3o e Amandinha, o Rei e a Rainha do futsal, em sua sede para comemorar uma marca especial, al\u00e9m de prestigiar o lan\u00e7amento de um novo modelo de piso modular. Ambos s\u00e3o embaixadores da marca e promovem o prop\u00f3sito e a paix\u00e3o da Altipisos pelo [&hellip;]<\/p>\n","protected":false},"author":3,"featured_media":2648,"comment_status":"closed","ping_status":"closed","sticky":false,"template":"","format":"standard","meta":{"footnotes":""},"categories":[7,8],"tags":[198,331,314],"class_list":["post-2647","post","type-post","status-publish","format-standard","has-post-thumbnail","hentry","category-todos","category-novidades","tag-amandinha","tag-evento-altipisos","tag-falcao"],"yoast_head":"<!-- This site is optimized with the Yoast SEO plugin v27.5 - https:\/\/yoast.com\/product\/yoast-seo-wordpress\/ -->\n<title>Falc\u00e3o e Amandinha conhecem de perto a Altipisos! - Altipisos<\/title>\n<meta name=\"description\" content=\"O evento reuniu Falc\u00e3o, Amandinha, uma comemora\u00e7\u00e3o de marco hist\u00f3rico e um lan\u00e7amento muito aguardado. Saiba tudo no blog da Altipisos!\" \/>\n<meta name=\"robots\" content=\"index, follow, max-snippet:-1, max-image-preview:large, max-video-preview:-1\" \/>\n<link rel=\"canonical\" href=\"https:\/\/canequin.com.br\/sites\/altipisos\/falcao-e-amandinha-na-altipisos\/\" \/>\n<meta property=\"og:locale\" content=\"pt_BR\" \/>\n<meta property=\"og:type\" content=\"article\" \/>\n<meta property=\"og:title\" content=\"Falc\u00e3o e Amandinha conhecem de perto a Altipisos! - Altipisos\" \/>\n<meta property=\"og:description\" content=\"O evento reuniu Falc\u00e3o, Amandinha, uma comemora\u00e7\u00e3o de marco hist\u00f3rico e um lan\u00e7amento muito aguardado. Saiba tudo no blog da Altipisos!\" \/>\n<meta property=\"og:url\" content=\"https:\/\/canequin.com.br\/sites\/altipisos\/falcao-e-amandinha-na-altipisos\/\" \/>\n<meta property=\"og:site_name\" content=\"Altipisos\" \/>\n<meta property=\"article:published_time\" content=\"2023-08-09T13:30:00+00:00\" \/>\n<meta property=\"og:image\" content=\"https:\/\/canequin.com.br\/sites\/altipisos\/wp-content\/uploads\/2023\/08\/Falcao-e-Amandinha-se-encontram-na-Altipisos.png\" \/>\n\t<meta property=\"og:image:width\" content=\"1081\" \/>\n\t<meta property=\"og:image:height\" content=\"839\" \/>\n\t<meta property=\"og:image:type\" content=\"image\/png\" \/>\n<meta name=\"author\" content=\"Altipisos\" \/>\n<meta name=\"twitter:card\" content=\"summary_large_image\" \/>\n<meta name=\"twitter:label1\" content=\"Escrito por\" \/>\n\t<meta name=\"twitter:data1\" content=\"Altipisos\" \/>\n\t<meta name=\"twitter:label2\" content=\"Est. tempo de leitura\" \/>\n\t<meta name=\"twitter:data2\" content=\"4 minutos\" \/>\n<script type=\"application\/ld+json\" class=\"yoast-schema-graph\">{\"@context\":\"https:\\\/\\\/schema.org\",\"@graph\":[{\"@type\":\"Article\",\"@id\":\"https:\\\/\\\/canequin.com.br\\\/sites\\\/altipisos\\\/falcao-e-amandinha-na-altipisos\\\/#article\",\"isPartOf\":{\"@id\":\"https:\\\/\\\/canequin.com.br\\\/sites\\\/altipisos\\\/falcao-e-amandinha-na-altipisos\\\/\"},\"author\":{\"name\":\"Altipisos\",\"@id\":\"https:\\\/\\\/canequin.com.br\\\/sites\\\/altipisos\\\/#\\\/schema\\\/person\\\/53e4967078c19153e5c78f0833af3d11\"},\"headline\":\"Falc\u00e3o e Amandinha conhecem de perto a Altipisos!\",\"datePublished\":\"2023-08-09T13:30:00+00:00\",\"mainEntityOfPage\":{\"@id\":\"https:\\\/\\\/canequin.com.br\\\/sites\\\/altipisos\\\/falcao-e-amandinha-na-altipisos\\\/\"},\"wordCount\":697,\"image\":{\"@id\":\"https:\\\/\\\/canequin.com.br\\\/sites\\\/altipisos\\\/falcao-e-amandinha-na-altipisos\\\/#primaryimage\"},\"thumbnailUrl\":\"https:\\\/\\\/canequin.com.br\\\/sites\\\/altipisos\\\/wp-content\\\/uploads\\\/2023\\\/08\\\/Falcao-e-Amandinha-se-encontram-na-Altipisos.png\",\"keywords\":[\"amandinha\",\"evento altipisos\",\"falc\u00e3o\"],\"articleSection\":[\"Blog\",\"Novidades\"],\"inLanguage\":\"pt-BR\"},{\"@type\":\"WebPage\",\"@id\":\"https:\\\/\\\/canequin.com.br\\\/sites\\\/altipisos\\\/falcao-e-amandinha-na-altipisos\\\/\",\"url\":\"https:\\\/\\\/canequin.com.br\\\/sites\\\/altipisos\\\/falcao-e-amandinha-na-altipisos\\\/\",\"name\":\"Falc\u00e3o e Amandinha conhecem de perto a Altipisos! - Altipisos\",\"isPartOf\":{\"@id\":\"https:\\\/\\\/canequin.com.br\\\/sites\\\/altipisos\\\/#website\"},\"primaryImageOfPage\":{\"@id\":\"https:\\\/\\\/canequin.com.br\\\/sites\\\/altipisos\\\/falcao-e-amandinha-na-altipisos\\\/#primaryimage\"},\"image\":{\"@id\":\"https:\\\/\\\/canequin.com.br\\\/sites\\\/altipisos\\\/falcao-e-amandinha-na-altipisos\\\/#primaryimage\"},\"thumbnailUrl\":\"https:\\\/\\\/canequin.com.br\\\/sites\\\/altipisos\\\/wp-content\\\/uploads\\\/2023\\\/08\\\/Falcao-e-Amandinha-se-encontram-na-Altipisos.png\",\"datePublished\":\"2023-08-09T13:30:00+00:00\",\"author\":{\"@id\":\"https:\\\/\\\/canequin.com.br\\\/sites\\\/altipisos\\\/#\\\/schema\\\/person\\\/53e4967078c19153e5c78f0833af3d11\"},\"description\":\"O evento reuniu Falc\u00e3o, Amandinha, uma comemora\u00e7\u00e3o de marco hist\u00f3rico e um lan\u00e7amento muito aguardado. Saiba tudo no blog da Altipisos!\",\"breadcrumb\":{\"@id\":\"https:\\\/\\\/canequin.com.br\\\/sites\\\/altipisos\\\/falcao-e-amandinha-na-altipisos\\\/#breadcrumb\"},\"inLanguage\":\"pt-BR\",\"potentialAction\":[{\"@type\":\"ReadAction\",\"target\":[\"https:\\\/\\\/canequin.com.br\\\/sites\\\/altipisos\\\/falcao-e-amandinha-na-altipisos\\\/\"]}]},{\"@type\":\"ImageObject\",\"inLanguage\":\"pt-BR\",\"@id\":\"https:\\\/\\\/canequin.com.br\\\/sites\\\/altipisos\\\/falcao-e-amandinha-na-altipisos\\\/#primaryimage\",\"url\":\"https:\\\/\\\/canequin.com.br\\\/sites\\\/altipisos\\\/wp-content\\\/uploads\\\/2023\\\/08\\\/Falcao-e-Amandinha-se-encontram-na-Altipisos.png\",\"contentUrl\":\"https:\\\/\\\/canequin.com.br\\\/sites\\\/altipisos\\\/wp-content\\\/uploads\\\/2023\\\/08\\\/Falcao-e-Amandinha-se-encontram-na-Altipisos.png\",\"width\":1081,\"height\":839,\"caption\":\"Falca\u0303o e Amandinha se encontram na Altipisos\"},{\"@type\":\"BreadcrumbList\",\"@id\":\"https:\\\/\\\/canequin.com.br\\\/sites\\\/altipisos\\\/falcao-e-amandinha-na-altipisos\\\/#breadcrumb\",\"itemListElement\":[{\"@type\":\"ListItem\",\"position\":1,\"name\":\"In\u00edcio\",\"item\":\"https:\\\/\\\/canequin.com.br\\\/sites\\\/altipisos\\\/\"},{\"@type\":\"ListItem\",\"position\":2,\"name\":\"Falc\u00e3o e Amandinha conhecem de perto a Altipisos!\"}]},{\"@type\":\"WebSite\",\"@id\":\"https:\\\/\\\/canequin.com.br\\\/sites\\\/altipisos\\\/#website\",\"url\":\"https:\\\/\\\/canequin.com.br\\\/sites\\\/altipisos\\\/\",\"name\":\"Altipisos\",\"description\":\"\",\"potentialAction\":[{\"@type\":\"SearchAction\",\"target\":{\"@type\":\"EntryPoint\",\"urlTemplate\":\"https:\\\/\\\/canequin.com.br\\\/sites\\\/altipisos\\\/?s={search_term_string}\"},\"query-input\":{\"@type\":\"PropertyValueSpecification\",\"valueRequired\":true,\"valueName\":\"search_term_string\"}}],\"inLanguage\":\"pt-BR\"},{\"@type\":\"Person\",\"@id\":\"https:\\\/\\\/canequin.com.br\\\/sites\\\/altipisos\\\/#\\\/schema\\\/person\\\/53e4967078c19153e5c78f0833af3d11\",\"name\":\"Altipisos\",\"url\":\"https:\\\/\\\/canequin.com.br\\\/sites\\\/altipisos\\\/author\\\/altipisos\\\/\"}]}<\/script>\n<!-- \/ Yoast SEO plugin. -->","yoast_head_json":{"title":"Falc\u00e3o e Amandinha conhecem de perto a Altipisos! - Altipisos","description":"O evento reuniu Falc\u00e3o, Amandinha, uma comemora\u00e7\u00e3o de marco hist\u00f3rico e um lan\u00e7amento muito aguardado. Saiba tudo no blog da Altipisos!","robots":{"index":"index","follow":"follow","max-snippet":"max-snippet:-1","max-image-preview":"max-image-preview:large","max-video-preview":"max-video-preview:-1"},"canonical":"https:\/\/canequin.com.br\/sites\/altipisos\/falcao-e-amandinha-na-altipisos\/","og_locale":"pt_BR","og_type":"article","og_title":"Falc\u00e3o e Amandinha conhecem de perto a Altipisos! - Altipisos","og_description":"O evento reuniu Falc\u00e3o, Amandinha, uma comemora\u00e7\u00e3o de marco hist\u00f3rico e um lan\u00e7amento muito aguardado. Saiba tudo no blog da Altipisos!","og_url":"https:\/\/canequin.com.br\/sites\/altipisos\/falcao-e-amandinha-na-altipisos\/","og_site_name":"Altipisos","article_published_time":"2023-08-09T13:30:00+00:00","og_image":[{"width":1081,"height":839,"url":"https:\/\/canequin.com.br\/sites\/altipisos\/wp-content\/uploads\/2023\/08\/Falcao-e-Amandinha-se-encontram-na-Altipisos.png","type":"image\/png"}],"author":"Altipisos","twitter_card":"summary_large_image","twitter_misc":{"Escrito por":"Altipisos","Est. tempo de leitura":"4 minutos"},"schema":{"@context":"https:\/\/schema.org","@graph":[{"@type":"Article","@id":"https:\/\/canequin.com.br\/sites\/altipisos\/falcao-e-amandinha-na-altipisos\/#article","isPartOf":{"@id":"https:\/\/canequin.com.br\/sites\/altipisos\/falcao-e-amandinha-na-altipisos\/"},"author":{"name":"Altipisos","@id":"https:\/\/canequin.com.br\/sites\/altipisos\/#\/schema\/person\/53e4967078c19153e5c78f0833af3d11"},"headline":"Falc\u00e3o e Amandinha conhecem de perto a Altipisos!","datePublished":"2023-08-09T13:30:00+00:00","mainEntityOfPage":{"@id":"https:\/\/canequin.com.br\/sites\/altipisos\/falcao-e-amandinha-na-altipisos\/"},"wordCount":697,"image":{"@id":"https:\/\/canequin.com.br\/sites\/altipisos\/falcao-e-amandinha-na-altipisos\/#primaryimage"},"thumbnailUrl":"https:\/\/canequin.com.br\/sites\/altipisos\/wp-content\/uploads\/2023\/08\/Falcao-e-Amandinha-se-encontram-na-Altipisos.png","keywords":["amandinha","evento altipisos","falc\u00e3o"],"articleSection":["Blog","Novidades"],"inLanguage":"pt-BR"},{"@type":"WebPage","@id":"https:\/\/canequin.com.br\/sites\/altipisos\/falcao-e-amandinha-na-altipisos\/","url":"https:\/\/canequin.com.br\/sites\/altipisos\/falcao-e-amandinha-na-altipisos\/","name":"Falc\u00e3o e Amandinha conhecem de perto a Altipisos! - Altipisos","isPartOf":{"@id":"https:\/\/canequin.com.br\/sites\/altipisos\/#website"},"primaryImageOfPage":{"@id":"https:\/\/canequin.com.br\/sites\/altipisos\/falcao-e-amandinha-na-altipisos\/#primaryimage"},"image":{"@id":"https:\/\/canequin.com.br\/sites\/altipisos\/falcao-e-amandinha-na-altipisos\/#primaryimage"},"thumbnailUrl":"https:\/\/canequin.com.br\/sites\/altipisos\/wp-content\/uploads\/2023\/08\/Falcao-e-Amandinha-se-encontram-na-Altipisos.png","datePublished":"2023-08-09T13:30:00+00:00","author":{"@id":"https:\/\/canequin.com.br\/sites\/altipisos\/#\/schema\/person\/53e4967078c19153e5c78f0833af3d11"},"description":"O evento reuniu Falc\u00e3o, Amandinha, uma comemora\u00e7\u00e3o de marco hist\u00f3rico e um lan\u00e7amento muito aguardado. Saiba tudo no blog da Altipisos!","breadcrumb":{"@id":"https:\/\/canequin.com.br\/sites\/altipisos\/falcao-e-amandinha-na-altipisos\/#breadcrumb"},"inLanguage":"pt-BR","potentialAction":[{"@type":"ReadAction","target":["https:\/\/canequin.com.br\/sites\/altipisos\/falcao-e-amandinha-na-altipisos\/"]}]},{"@type":"ImageObject","inLanguage":"pt-BR","@id":"https:\/\/canequin.com.br\/sites\/altipisos\/falcao-e-amandinha-na-altipisos\/#primaryimage","url":"https:\/\/canequin.com.br\/sites\/altipisos\/wp-content\/uploads\/2023\/08\/Falcao-e-Amandinha-se-encontram-na-Altipisos.png","contentUrl":"https:\/\/canequin.com.br\/sites\/altipisos\/wp-content\/uploads\/2023\/08\/Falcao-e-Amandinha-se-encontram-na-Altipisos.png","width":1081,"height":839,"caption":"Falca\u0303o e Amandinha se encontram na Altipisos"},{"@type":"BreadcrumbList","@id":"https:\/\/canequin.com.br\/sites\/altipisos\/falcao-e-amandinha-na-altipisos\/#breadcrumb","itemListElement":[{"@type":"ListItem","position":1,"name":"In\u00edcio","item":"https:\/\/canequin.com.br\/sites\/altipisos\/"},{"@type":"ListItem","position":2,"name":"Falc\u00e3o e Amandinha conhecem de perto a Altipisos!"}]},{"@type":"WebSite","@id":"https:\/\/canequin.com.br\/sites\/altipisos\/#website","url":"https:\/\/canequin.com.br\/sites\/altipisos\/","name":"Altipisos","description":"","potentialAction":[{"@type":"SearchAction","target":{"@type":"EntryPoint","urlTemplate":"https:\/\/canequin.com.br\/sites\/altipisos\/?s={search_term_string}"},"query-input":{"@type":"PropertyValueSpecification","valueRequired":true,"valueName":"search_term_string"}}],"inLanguage":"pt-BR"},{"@type":"Person","@id":"https:\/\/canequin.com.br\/sites\/altipisos\/#\/schema\/person\/53e4967078c19153e5c78f0833af3d11","name":"Altipisos","url":"https:\/\/canequin.com.br\/sites\/altipisos\/author\/altipisos\/"}]}},"lang":"pt","translations":{"pt":2647,"es":4247,"en":5523},"pll_sync_post":[],"_links":{"self":[{"href":"https:\/\/canequin.com.br\/sites\/altipisos\/wp-json\/wp\/v2\/posts\/2647","targetHints":{"allow":["GET"]}}],"collection":[{"href":"https:\/\/canequin.com.br\/sites\/altipisos\/wp-json\/wp\/v2\/posts"}],"about":[{"href":"https:\/\/canequin.com.br\/sites\/altipisos\/wp-json\/wp\/v2\/types\/post"}],"author":[{"embeddable":true,"href":"https:\/\/canequin.com.br\/sites\/altipisos\/wp-json\/wp\/v2\/users\/3"}],"replies":[{"embeddable":true,"href":"https:\/\/canequin.com.br\/sites\/altipisos\/wp-json\/wp\/v2\/comments?post=2647"}],"version-history":[{"count":0,"href":"https:\/\/canequin.com.br\/sites\/altipisos\/wp-json\/wp\/v2\/posts\/2647\/revisions"}],"wp:featuredmedia":[{"embeddable":true,"href":"https:\/\/canequin.com.br\/sites\/altipisos\/wp-json\/wp\/v2\/media\/2648"}],"wp:attachment":[{"href":"https:\/\/canequin.com.br\/sites\/altipisos\/wp-json\/wp\/v2\/media?parent=2647"}],"wp:term":[{"taxonomy":"category","embeddable":true,"href":"https:\/\/canequin.com.br\/sites\/altipisos\/wp-json\/wp\/v2\/categories?post=2647"},{"taxonomy":"post_tag","embeddable":true,"href":"https:\/\/canequin.com.br\/sites\/altipisos\/wp-json\/wp\/v2\/tags?post=2647"}],"curies":[{"name":"wp","href":"https:\/\/api.w.org\/{rel}","templated":true}]}}