{"id":1974,"date":"2022-09-02T14:45:31","date_gmt":"2022-09-02T17:45:31","guid":{"rendered":"https:\/\/altipisos.com.br\/?p=1974"},"modified":"2022-09-02T14:45:31","modified_gmt":"2022-09-02T17:45:31","slug":"como-e-feito-o-piso-modular","status":"publish","type":"post","link":"https:\/\/canequin.com.br\/sites\/altipisos\/como-e-feito-o-piso-modular\/","title":{"rendered":"Como \u00e9 feito o piso modular?"},"content":{"rendered":"\n<p>Que o piso modular \u00e9 a melhor op\u00e7\u00e3o para quadras e gin\u00e1sios esportivos, al\u00e9m de espa\u00e7os de recrea\u00e7\u00e3o, como playgrounds, voc\u00ea j\u00e1 sabe. O que garante a qualidade do revestimento \u00e9 justamente o seu material de alta tecnologia, que proporciona sua durabilidade, conforto e seguran\u00e7a, al\u00e9m de f\u00e1cil instala\u00e7\u00e3o.<\/p>\n\n\n\n<p>O revestimento \u00e9 indicado tanto para quadras externas como internas, nos modelos <a href=\"https:\/\/canequin.com.br\/sites\/altipisos\/blog\/qual-a-diferenca-entre-piso-modular-indoor-e-outdoor\/\">indoor ou outdoor<\/a>, e pode ser adaptado a qualquer modalidade esportiva.<\/p>\n\n\n\n<p>Mas voc\u00ea sabe como \u00e9 feito o piso modular? Para esclarecer essa d\u00favida, preparamos esse artigo, acompanhe!<\/p>\n\n\n\n<div style=\"height:40px\" aria-hidden=\"true\" class=\"wp-block-spacer\"><\/div>\n\n\n\n<h2 class=\"wp-block-heading\"><strong>Qual \u00e9 o material usado na fabrica\u00e7\u00e3o do piso modular?<\/strong><\/h2>\n\n\n\n<p>O <a href=\"https:\/\/canequin.com.br\/sites\/altipisos\/blog\/conheca-as-vantagens-do-revestimento-modular\/\">revestimento modular<\/a> \u00e9 feito de polipropileno virgem. Tamb\u00e9m conhecido como PP, o polipropileno \u00e9 um pol\u00edmero termopl\u00e1stico. Para te ajudar a entender melhor, vamos explicar esses conceitos:<\/p>\n\n\n\n<p>Um pol\u00edmero termopl\u00e1stico \u00e9 um pl\u00e1stico que, quando exposto a uma certa temperatura, se modifica. Quando frio, o pol\u00edmero termopl\u00e1stico se endurece. Quando quente, se torna l\u00edquido. Essa mudan\u00e7a de temperatura possibilita que o pl\u00e1stico se molde de diversas formas, atendendo v\u00e1rias necessidades.<\/p>\n\n\n\n<p>Al\u00e9m disso, o material \u00e9 at\u00f3xico, possui resist\u00eancia \u00e0 fadiga mec\u00e2nica e tem f\u00e1cil moldagem e colora\u00e7\u00e3o.<\/p>\n\n\n\n<div style=\"height:40px\" aria-hidden=\"true\" class=\"wp-block-spacer\"><\/div>\n\n\n\n<h3 class=\"wp-block-heading\"><strong>Composi\u00e7\u00e3o<\/strong><\/h3>\n\n\n\n<p>O material \u00e9 formado por uma composi\u00e7\u00e3o de polipropileno e aditivos que o torna muito resistente. S\u00e3o os aditivos que garantem o seu uso para diversas finalidades. Praticamente todos os pol\u00edmeros que s\u00e3o utilizados para a fabrica\u00e7\u00e3o de produtos t\u00eam em suas composi\u00e7\u00f5es um aditivo para melhorar seu desempenho. Dentre eles, o piso modular necessita:<\/p>\n\n\n\n<p>&#8211; Aditivo antioxidante: garante que o revestimento n\u00e3o perca a vida \u00fatil;<\/p>\n\n\n\n<p>&#8211; Aditivo antiest\u00e1tico: permite a tranquilidade dos usu\u00e1rios, pois n\u00e3o descarrega a energia&nbsp; no atleta;<\/p>\n\n\n\n<p>&#8211; Aditivo anti-UV: aumenta a resist\u00eancia \u00e0 a\u00e7\u00e3o dos raios UV;<\/p>\n\n\n\n<p>&#8211; Aditivo antif\u00fangico: garante qualidade e tempo de uso;<\/p>\n\n\n\n<p>&#8211; Aditivo de absor\u00e7\u00e3o de impacto: aumenta a flexibilidade e a capacidade de absor\u00e7\u00e3o de impacto;<\/p>\n\n\n\n<p>A variedade \u00e9 gigante, e tudo depende da sua utilidade. Conhecendo alguns dos principais aditivos d\u00e1 pra perceber por que s\u00e3o t\u00e3o importantes.<\/p>\n\n\n\n<div style=\"height:40px\" aria-hidden=\"true\" class=\"wp-block-spacer\"><\/div>\n\n\n\n<h2 class=\"wp-block-heading\"><strong>Piso totalmente recicl\u00e1vel<\/strong><\/h2>\n\n\n\n<p>O piso modular n\u00e3o \u00e9 feito de material reciclado, no entanto, \u00e9 totalmente recicl\u00e1vel e reutiliz\u00e1vel, com um ciclo de vida longo e substitu\u00edvel. Ao final de sua vida \u00fatil, \u00e9 triturado e reaproveitado como mat\u00e9ria-prima para novos produtos.<\/p>\n\n\n\n<p>Al\u00e9m disso, diferente de uma obra normal, a instala\u00e7\u00e3o do revestimento modular n\u00e3o deixa res\u00edduos, entulhos, materiais qu\u00edmicos e desperd\u00edcios de mat\u00e9ria-prima. Na instala\u00e7\u00e3o, como as pe\u00e7as j\u00e1 vem prontas, elas s\u00f3 precisam ser encaixadas uma nas outras. Isso torna o processo r\u00e1pido, pr\u00e1tico e n\u00e3o agride o meio ambiente.<\/p>\n\n\n\n<div style=\"height:40px\" aria-hidden=\"true\" class=\"wp-block-spacer\"><\/div>\n\n\n\n<h2 class=\"wp-block-heading\"><strong>Como \u00e9 a montagem do piso modular?<\/strong><\/h2>\n\n\n\n<p>Agora que voc\u00ea j\u00e1 sabe do que \u00e9 feito o piso modular, est\u00e1 na hora de entender como \u00e9 feita a instala\u00e7\u00e3o. A montagem \u00e9 r\u00e1pida e pr\u00e1tica porque \u00e9 um material que possui encaixes. Podemos dizer que funciona como um quebra-cabe\u00e7a, onde cada pe\u00e7a encaixa perfeitamente na outra.\u00a0<\/p>\n\n\n\n<div style=\"height:40px\" aria-hidden=\"true\" class=\"wp-block-spacer\"><\/div>\n\n\n\n<figure class=\"wp-block-image size-full\"><img fetchpriority=\"high\" decoding=\"async\" width=\"857\" height=\"1017\" src=\"https:\/\/canequin.com.br\/sites\/altipisos\/wp-content\/uploads\/2022\/09\/montagem-piso-modular-1-1.jpg\" alt=\"\" class=\"wp-image-1976\" srcset=\"https:\/\/canequin.com.br\/sites\/altipisos\/wp-content\/uploads\/2022\/09\/montagem-piso-modular-1-1.jpg 857w, https:\/\/canequin.com.br\/sites\/altipisos\/wp-content\/uploads\/2022\/09\/montagem-piso-modular-1-1-253x300.jpg 253w, https:\/\/canequin.com.br\/sites\/altipisos\/wp-content\/uploads\/2022\/09\/montagem-piso-modular-1-1-768x911.jpg 768w\" sizes=\"(max-width: 857px) 100vw, 857px\" \/><figcaption>A montagem \u00e9 r\u00e1pida e pr\u00e1tica.<\/figcaption><\/figure>\n\n\n\n<div style=\"height:40px\" aria-hidden=\"true\" class=\"wp-block-spacer\"><\/div>\n\n\n\n<p>Para a sua instala\u00e7\u00e3o s\u00f3 \u00e9 preciso que o piso da quadra esteja nivelado, garantindo que o revestimento&nbsp; fique bem firme. Se a sua quadra j\u00e1 est\u00e1 nivelada, em <a href=\"https:\/\/canequin.com.br\/sites\/altipisos\/blog\/piso-modular-quadra-nova-em-48-horas\/\">at\u00e9 48 horas<\/a> o local j\u00e1 estar\u00e1 pronto para uso.<\/p>\n\n\n\n<p><a href=\"https:\/\/canequin.com.br\/sites\/altipisos\/blog\/como-reformar-a-quadra-da-escola-de-forma-rapida\/\">Reformas<\/a> em geral costumam ser trabalhosas, necessitando interditar o local e causando sujeira por toda parte. Com o revestimento modular n\u00e3o tem reforma, nem resto de obra e muito menos barulho! E sim, uma quadra perfeita para o uso rapidamente.<\/p>\n\n\n\n<p>Confira o v\u00eddeo com a instala\u00e7\u00e3o do piso na Arena Jaragu\u00e1:<\/p>\n\n\n\n<figure class=\"wp-block-embed is-type-video is-provider-youtube wp-block-embed-youtube wp-embed-aspect-16-9 wp-has-aspect-ratio\"><div class=\"wp-block-embed__wrapper\">\n<iframe title=\"Altipisos - Jaragu\u00e1 do Sul.\" width=\"800\" height=\"450\" src=\"https:\/\/www.youtube.com\/embed\/ECn4xUHXC0M?feature=oembed\" frameborder=\"0\" allow=\"accelerometer; autoplay; clipboard-write; encrypted-media; gyroscope; picture-in-picture; web-share\" referrerpolicy=\"strict-origin-when-cross-origin\" allowfullscreen><\/iframe>\n<\/div><\/figure>\n\n\n\n<div style=\"height:40px\" aria-hidden=\"true\" class=\"wp-block-spacer\"><\/div>\n\n\n\n<p>Seja em quadras, playgrounds ou outros ambientes, escolha sempre um <a href=\"https:\/\/canequin.com.br\/sites\/altipisos\/blog\/piso-modular-por-que-e-a-opcao-mais-segura\/\">piso seguro<\/a> e com boa durabilidade, como o modular.<\/p>\n\n\n\n<p>Na Altipisos voc\u00ea encontra o <a href=\"https:\/\/canequin.com.br\/sites\/altipisos\/produtos\/piso-modular\/\">revestimento<\/a> ideal para a sua necessidade. Nossa instala\u00e7\u00e3o \u00e9 r\u00e1pida, em at\u00e9 48 horas, sem sujeiras e grandes transtornos. Quer saber mais sobre o piso modular? Conhe\u00e7a nossos <a href=\"https:\/\/canequin.com.br\/sites\/altipisos\/produtos\/\">produtos<\/a> e, se preferir, entre em <a href=\"https:\/\/canequin.com.br\/sites\/altipisos\/contato\/\">contato<\/a>.<\/p>\n","protected":false},"excerpt":{"rendered":"<p>Que o piso modular \u00e9 a melhor op\u00e7\u00e3o para quadras e gin\u00e1sios esportivos, al\u00e9m de espa\u00e7os de recrea\u00e7\u00e3o, como playgrounds, voc\u00ea j\u00e1 sabe. O que garante a qualidade do revestimento \u00e9 justamente o seu material de alta tecnologia, que proporciona sua durabilidade, conforto e seguran\u00e7a, al\u00e9m de f\u00e1cil instala\u00e7\u00e3o. O revestimento \u00e9 indicado tanto para [&hellip;]<\/p>\n","protected":false},"author":3,"featured_media":1975,"comment_status":"closed","ping_status":"closed","sticky":false,"template":"","format":"standard","meta":{"footnotes":""},"categories":[7,15],"tags":[116,90,17,74,210],"class_list":["post-1974","post","type-post","status-publish","format-standard","has-post-thumbnail","hentry","category-todos","category-piso-modular","tag-piso","tag-polipropileno","tag-quadra","tag-revestimento","tag-revestimento-modular"],"yoast_head":"<!-- This site is optimized with the Yoast SEO plugin v27.5 - https:\/\/yoast.com\/product\/yoast-seo-wordpress\/ -->\n<title>Como \u00e9 feito o piso modular? - Altipisos<\/title>\n<meta name=\"description\" content=\"Voc\u00ea sabe como \u00e9 feito o piso modular? Confira esse texto e saiba como \u00e9 feito e qual material usado na sua fabrica\u00e7\u00e3o.\" \/>\n<meta name=\"robots\" content=\"index, follow, max-snippet:-1, max-image-preview:large, max-video-preview:-1\" \/>\n<link rel=\"canonical\" href=\"https:\/\/canequin.com.br\/sites\/altipisos\/como-e-feito-o-piso-modular\/\" \/>\n<meta property=\"og:locale\" content=\"pt_BR\" \/>\n<meta property=\"og:type\" content=\"article\" \/>\n<meta property=\"og:title\" content=\"Como \u00e9 feito o piso modular? - Altipisos\" \/>\n<meta property=\"og:description\" content=\"Voc\u00ea sabe como \u00e9 feito o piso modular? Confira esse texto e saiba como \u00e9 feito e qual material usado na sua fabrica\u00e7\u00e3o.\" \/>\n<meta property=\"og:url\" content=\"https:\/\/canequin.com.br\/sites\/altipisos\/como-e-feito-o-piso-modular\/\" \/>\n<meta property=\"og:site_name\" content=\"Altipisos\" \/>\n<meta property=\"article:published_time\" content=\"2022-09-02T17:45:31+00:00\" \/>\n<meta property=\"og:image\" content=\"https:\/\/canequin.com.br\/sites\/altipisos\/wp-content\/uploads\/2022\/09\/piso-modular-1-1.jpg\" \/>\n\t<meta property=\"og:image:width\" content=\"857\" \/>\n\t<meta property=\"og:image:height\" content=\"763\" \/>\n\t<meta property=\"og:image:type\" content=\"image\/jpeg\" \/>\n<meta name=\"author\" content=\"Altipisos\" \/>\n<meta name=\"twitter:card\" content=\"summary_large_image\" \/>\n<meta name=\"twitter:label1\" content=\"Escrito por\" \/>\n\t<meta name=\"twitter:data1\" content=\"Altipisos\" \/>\n\t<meta name=\"twitter:label2\" content=\"Est. tempo de leitura\" \/>\n\t<meta name=\"twitter:data2\" content=\"4 minutos\" \/>\n<script type=\"application\/ld+json\" class=\"yoast-schema-graph\">{\"@context\":\"https:\\\/\\\/schema.org\",\"@graph\":[{\"@type\":\"Article\",\"@id\":\"https:\\\/\\\/canequin.com.br\\\/sites\\\/altipisos\\\/como-e-feito-o-piso-modular\\\/#article\",\"isPartOf\":{\"@id\":\"https:\\\/\\\/canequin.com.br\\\/sites\\\/altipisos\\\/como-e-feito-o-piso-modular\\\/\"},\"author\":{\"name\":\"Altipisos\",\"@id\":\"https:\\\/\\\/canequin.com.br\\\/sites\\\/altipisos\\\/#\\\/schema\\\/person\\\/53e4967078c19153e5c78f0833af3d11\"},\"headline\":\"Como \u00e9 feito o piso modular?\",\"datePublished\":\"2022-09-02T17:45:31+00:00\",\"mainEntityOfPage\":{\"@id\":\"https:\\\/\\\/canequin.com.br\\\/sites\\\/altipisos\\\/como-e-feito-o-piso-modular\\\/\"},\"wordCount\":702,\"image\":{\"@id\":\"https:\\\/\\\/canequin.com.br\\\/sites\\\/altipisos\\\/como-e-feito-o-piso-modular\\\/#primaryimage\"},\"thumbnailUrl\":\"https:\\\/\\\/canequin.com.br\\\/sites\\\/altipisos\\\/wp-content\\\/uploads\\\/2022\\\/09\\\/piso-modular-1-1.jpg\",\"keywords\":[\"piso\",\"polipropileno\",\"quadra\",\"revestimento\",\"revestimento modular\"],\"articleSection\":[\"Blog\",\"Piso Modular\"],\"inLanguage\":\"pt-BR\"},{\"@type\":\"WebPage\",\"@id\":\"https:\\\/\\\/canequin.com.br\\\/sites\\\/altipisos\\\/como-e-feito-o-piso-modular\\\/\",\"url\":\"https:\\\/\\\/canequin.com.br\\\/sites\\\/altipisos\\\/como-e-feito-o-piso-modular\\\/\",\"name\":\"Como \u00e9 feito o piso modular? - Altipisos\",\"isPartOf\":{\"@id\":\"https:\\\/\\\/canequin.com.br\\\/sites\\\/altipisos\\\/#website\"},\"primaryImageOfPage\":{\"@id\":\"https:\\\/\\\/canequin.com.br\\\/sites\\\/altipisos\\\/como-e-feito-o-piso-modular\\\/#primaryimage\"},\"image\":{\"@id\":\"https:\\\/\\\/canequin.com.br\\\/sites\\\/altipisos\\\/como-e-feito-o-piso-modular\\\/#primaryimage\"},\"thumbnailUrl\":\"https:\\\/\\\/canequin.com.br\\\/sites\\\/altipisos\\\/wp-content\\\/uploads\\\/2022\\\/09\\\/piso-modular-1-1.jpg\",\"datePublished\":\"2022-09-02T17:45:31+00:00\",\"author\":{\"@id\":\"https:\\\/\\\/canequin.com.br\\\/sites\\\/altipisos\\\/#\\\/schema\\\/person\\\/53e4967078c19153e5c78f0833af3d11\"},\"description\":\"Voc\u00ea sabe como \u00e9 feito o piso modular? Confira esse texto e saiba como \u00e9 feito e qual material usado na sua fabrica\u00e7\u00e3o.\",\"breadcrumb\":{\"@id\":\"https:\\\/\\\/canequin.com.br\\\/sites\\\/altipisos\\\/como-e-feito-o-piso-modular\\\/#breadcrumb\"},\"inLanguage\":\"pt-BR\",\"potentialAction\":[{\"@type\":\"ReadAction\",\"target\":[\"https:\\\/\\\/canequin.com.br\\\/sites\\\/altipisos\\\/como-e-feito-o-piso-modular\\\/\"]}]},{\"@type\":\"ImageObject\",\"inLanguage\":\"pt-BR\",\"@id\":\"https:\\\/\\\/canequin.com.br\\\/sites\\\/altipisos\\\/como-e-feito-o-piso-modular\\\/#primaryimage\",\"url\":\"https:\\\/\\\/canequin.com.br\\\/sites\\\/altipisos\\\/wp-content\\\/uploads\\\/2022\\\/09\\\/piso-modular-1-1.jpg\",\"contentUrl\":\"https:\\\/\\\/canequin.com.br\\\/sites\\\/altipisos\\\/wp-content\\\/uploads\\\/2022\\\/09\\\/piso-modular-1-1.jpg\",\"width\":857,\"height\":763,\"caption\":\"piso modular\"},{\"@type\":\"BreadcrumbList\",\"@id\":\"https:\\\/\\\/canequin.com.br\\\/sites\\\/altipisos\\\/como-e-feito-o-piso-modular\\\/#breadcrumb\",\"itemListElement\":[{\"@type\":\"ListItem\",\"position\":1,\"name\":\"In\u00edcio\",\"item\":\"https:\\\/\\\/canequin.com.br\\\/sites\\\/altipisos\\\/\"},{\"@type\":\"ListItem\",\"position\":2,\"name\":\"Como \u00e9 feito o piso modular?\"}]},{\"@type\":\"WebSite\",\"@id\":\"https:\\\/\\\/canequin.com.br\\\/sites\\\/altipisos\\\/#website\",\"url\":\"https:\\\/\\\/canequin.com.br\\\/sites\\\/altipisos\\\/\",\"name\":\"Altipisos\",\"description\":\"\",\"potentialAction\":[{\"@type\":\"SearchAction\",\"target\":{\"@type\":\"EntryPoint\",\"urlTemplate\":\"https:\\\/\\\/canequin.com.br\\\/sites\\\/altipisos\\\/?s={search_term_string}\"},\"query-input\":{\"@type\":\"PropertyValueSpecification\",\"valueRequired\":true,\"valueName\":\"search_term_string\"}}],\"inLanguage\":\"pt-BR\"},{\"@type\":\"Person\",\"@id\":\"https:\\\/\\\/canequin.com.br\\\/sites\\\/altipisos\\\/#\\\/schema\\\/person\\\/53e4967078c19153e5c78f0833af3d11\",\"name\":\"Altipisos\",\"url\":\"https:\\\/\\\/canequin.com.br\\\/sites\\\/altipisos\\\/author\\\/altipisos\\\/\"}]}<\/script>\n<!-- \/ Yoast SEO plugin. -->","yoast_head_json":{"title":"Como \u00e9 feito o piso modular? - Altipisos","description":"Voc\u00ea sabe como \u00e9 feito o piso modular? Confira esse texto e saiba como \u00e9 feito e qual material usado na sua fabrica\u00e7\u00e3o.","robots":{"index":"index","follow":"follow","max-snippet":"max-snippet:-1","max-image-preview":"max-image-preview:large","max-video-preview":"max-video-preview:-1"},"canonical":"https:\/\/canequin.com.br\/sites\/altipisos\/como-e-feito-o-piso-modular\/","og_locale":"pt_BR","og_type":"article","og_title":"Como \u00e9 feito o piso modular? - Altipisos","og_description":"Voc\u00ea sabe como \u00e9 feito o piso modular? Confira esse texto e saiba como \u00e9 feito e qual material usado na sua fabrica\u00e7\u00e3o.","og_url":"https:\/\/canequin.com.br\/sites\/altipisos\/como-e-feito-o-piso-modular\/","og_site_name":"Altipisos","article_published_time":"2022-09-02T17:45:31+00:00","og_image":[{"width":857,"height":763,"url":"https:\/\/canequin.com.br\/sites\/altipisos\/wp-content\/uploads\/2022\/09\/piso-modular-1-1.jpg","type":"image\/jpeg"}],"author":"Altipisos","twitter_card":"summary_large_image","twitter_misc":{"Escrito por":"Altipisos","Est. tempo de leitura":"4 minutos"},"schema":{"@context":"https:\/\/schema.org","@graph":[{"@type":"Article","@id":"https:\/\/canequin.com.br\/sites\/altipisos\/como-e-feito-o-piso-modular\/#article","isPartOf":{"@id":"https:\/\/canequin.com.br\/sites\/altipisos\/como-e-feito-o-piso-modular\/"},"author":{"name":"Altipisos","@id":"https:\/\/canequin.com.br\/sites\/altipisos\/#\/schema\/person\/53e4967078c19153e5c78f0833af3d11"},"headline":"Como \u00e9 feito o piso modular?","datePublished":"2022-09-02T17:45:31+00:00","mainEntityOfPage":{"@id":"https:\/\/canequin.com.br\/sites\/altipisos\/como-e-feito-o-piso-modular\/"},"wordCount":702,"image":{"@id":"https:\/\/canequin.com.br\/sites\/altipisos\/como-e-feito-o-piso-modular\/#primaryimage"},"thumbnailUrl":"https:\/\/canequin.com.br\/sites\/altipisos\/wp-content\/uploads\/2022\/09\/piso-modular-1-1.jpg","keywords":["piso","polipropileno","quadra","revestimento","revestimento modular"],"articleSection":["Blog","Piso Modular"],"inLanguage":"pt-BR"},{"@type":"WebPage","@id":"https:\/\/canequin.com.br\/sites\/altipisos\/como-e-feito-o-piso-modular\/","url":"https:\/\/canequin.com.br\/sites\/altipisos\/como-e-feito-o-piso-modular\/","name":"Como \u00e9 feito o piso modular? - Altipisos","isPartOf":{"@id":"https:\/\/canequin.com.br\/sites\/altipisos\/#website"},"primaryImageOfPage":{"@id":"https:\/\/canequin.com.br\/sites\/altipisos\/como-e-feito-o-piso-modular\/#primaryimage"},"image":{"@id":"https:\/\/canequin.com.br\/sites\/altipisos\/como-e-feito-o-piso-modular\/#primaryimage"},"thumbnailUrl":"https:\/\/canequin.com.br\/sites\/altipisos\/wp-content\/uploads\/2022\/09\/piso-modular-1-1.jpg","datePublished":"2022-09-02T17:45:31+00:00","author":{"@id":"https:\/\/canequin.com.br\/sites\/altipisos\/#\/schema\/person\/53e4967078c19153e5c78f0833af3d11"},"description":"Voc\u00ea sabe como \u00e9 feito o piso modular? Confira esse texto e saiba como \u00e9 feito e qual material usado na sua fabrica\u00e7\u00e3o.","breadcrumb":{"@id":"https:\/\/canequin.com.br\/sites\/altipisos\/como-e-feito-o-piso-modular\/#breadcrumb"},"inLanguage":"pt-BR","potentialAction":[{"@type":"ReadAction","target":["https:\/\/canequin.com.br\/sites\/altipisos\/como-e-feito-o-piso-modular\/"]}]},{"@type":"ImageObject","inLanguage":"pt-BR","@id":"https:\/\/canequin.com.br\/sites\/altipisos\/como-e-feito-o-piso-modular\/#primaryimage","url":"https:\/\/canequin.com.br\/sites\/altipisos\/wp-content\/uploads\/2022\/09\/piso-modular-1-1.jpg","contentUrl":"https:\/\/canequin.com.br\/sites\/altipisos\/wp-content\/uploads\/2022\/09\/piso-modular-1-1.jpg","width":857,"height":763,"caption":"piso modular"},{"@type":"BreadcrumbList","@id":"https:\/\/canequin.com.br\/sites\/altipisos\/como-e-feito-o-piso-modular\/#breadcrumb","itemListElement":[{"@type":"ListItem","position":1,"name":"In\u00edcio","item":"https:\/\/canequin.com.br\/sites\/altipisos\/"},{"@type":"ListItem","position":2,"name":"Como \u00e9 feito o piso modular?"}]},{"@type":"WebSite","@id":"https:\/\/canequin.com.br\/sites\/altipisos\/#website","url":"https:\/\/canequin.com.br\/sites\/altipisos\/","name":"Altipisos","description":"","potentialAction":[{"@type":"SearchAction","target":{"@type":"EntryPoint","urlTemplate":"https:\/\/canequin.com.br\/sites\/altipisos\/?s={search_term_string}"},"query-input":{"@type":"PropertyValueSpecification","valueRequired":true,"valueName":"search_term_string"}}],"inLanguage":"pt-BR"},{"@type":"Person","@id":"https:\/\/canequin.com.br\/sites\/altipisos\/#\/schema\/person\/53e4967078c19153e5c78f0833af3d11","name":"Altipisos","url":"https:\/\/canequin.com.br\/sites\/altipisos\/author\/altipisos\/"}]}},"lang":"pt","translations":{"pt":1974},"pll_sync_post":[],"_links":{"self":[{"href":"https:\/\/canequin.com.br\/sites\/altipisos\/wp-json\/wp\/v2\/posts\/1974","targetHints":{"allow":["GET"]}}],"collection":[{"href":"https:\/\/canequin.com.br\/sites\/altipisos\/wp-json\/wp\/v2\/posts"}],"about":[{"href":"https:\/\/canequin.com.br\/sites\/altipisos\/wp-json\/wp\/v2\/types\/post"}],"author":[{"embeddable":true,"href":"https:\/\/canequin.com.br\/sites\/altipisos\/wp-json\/wp\/v2\/users\/3"}],"replies":[{"embeddable":true,"href":"https:\/\/canequin.com.br\/sites\/altipisos\/wp-json\/wp\/v2\/comments?post=1974"}],"version-history":[{"count":0,"href":"https:\/\/canequin.com.br\/sites\/altipisos\/wp-json\/wp\/v2\/posts\/1974\/revisions"}],"wp:featuredmedia":[{"embeddable":true,"href":"https:\/\/canequin.com.br\/sites\/altipisos\/wp-json\/wp\/v2\/media\/1975"}],"wp:attachment":[{"href":"https:\/\/canequin.com.br\/sites\/altipisos\/wp-json\/wp\/v2\/media?parent=1974"}],"wp:term":[{"taxonomy":"category","embeddable":true,"href":"https:\/\/canequin.com.br\/sites\/altipisos\/wp-json\/wp\/v2\/categories?post=1974"},{"taxonomy":"post_tag","embeddable":true,"href":"https:\/\/canequin.com.br\/sites\/altipisos\/wp-json\/wp\/v2\/tags?post=1974"}],"curies":[{"name":"wp","href":"https:\/\/api.w.org\/{rel}","templated":true}]}}