{"id":1892,"date":"2022-07-08T10:19:49","date_gmt":"2022-07-08T13:19:49","guid":{"rendered":"https:\/\/altipisos.com.br\/?p=1892"},"modified":"2022-07-08T10:19:49","modified_gmt":"2022-07-08T13:19:49","slug":"como-reformar-a-quadra-da-escola-de-forma-rapida","status":"publish","type":"post","link":"https:\/\/canequin.com.br\/sites\/altipisos\/como-reformar-a-quadra-da-escola-de-forma-rapida\/","title":{"rendered":"Como reformar a quadra da escola de forma r\u00e1pida"},"content":{"rendered":"\n<p>Para o bom desenvolvimento das crian\u00e7as e dos adolescentes, a quadra da escola \u00e9 um espa\u00e7o essencial. \u00c9 nesse local que s\u00e3o realizadas as pr\u00e1ticas esportivas e momentos de recrea\u00e7\u00e3o, t\u00e3o importantes para os alunos.&nbsp;<\/p>\n\n\n\n<p>T\u00e3o necess\u00e1rio quanto essas pr\u00e1ticas, \u00e9 garantir que esse espa\u00e7o tenha uma estrutura de qualidade, permitindo um \u00f3timo aproveitamento e a seguran\u00e7a dessas atividades. Por isso, \u00e9 necess\u00e1rio que manuten\u00e7\u00f5es sejam realizadas periodicamente.&nbsp;<\/p>\n\n\n\n<p>Uma dica \u00e9 aproveitar as f\u00e9rias de inverno para realizar a reforma da quadra da escola. Hoje, a Altipisos vai te contar como fazer isso de forma r\u00e1pida, com o <a href=\"https:\/\/canequin.com.br\/sites\/altipisos\/blog\/piso-modular-quadra-nova-em-48-horas\/\">piso modular<\/a>. Continue a leitura!<\/p>\n\n\n\n<div style=\"height:40px\" aria-hidden=\"true\" class=\"wp-block-spacer\"><\/div>\n\n\n\n<h2 class=\"wp-block-heading\"><strong>Quando reformar a quadra da escola?&nbsp;<\/strong><\/h2>\n\n\n\n<p>O tempo de uso e as intemp\u00e9ries interferem na durabilidade do espa\u00e7o. Para saber se \u00e9 o momento de <a href=\"https:\/\/canequin.com.br\/sites\/altipisos\/blog\/reforma-da-quadra-poliesportiva-como-fazer-e-quais-as-vantagens\/\">reformar<\/a>, observe alguns poss\u00edveis problemas:<\/p>\n\n\n\n<div style=\"height:40px\" aria-hidden=\"true\" class=\"wp-block-spacer\"><\/div>\n\n\n\n<h3 class=\"wp-block-heading\"><strong>1. Piso desnivelado<\/strong><\/h3>\n\n\n\n<p>O desn\u00edvel do piso pode ocorrer pelo d\u00e9ficit de terraplanagem adequada. Normalmente, essa falha ocorre por consequ\u00eancia de um mau planejamento na constru\u00e7\u00e3o da \u00e1rea, podendo causar empo\u00e7amentos de \u00e1gua no ch\u00e3o, prejudicando a seguran\u00e7a dos usu\u00e1rios.<\/p>\n\n\n\n<div style=\"height:40px\" aria-hidden=\"true\" class=\"wp-block-spacer\"><\/div>\n\n\n\n<h3 class=\"wp-block-heading\"><strong>2. Concreto quebrado<\/strong><\/h3>\n\n\n\n<p>Para chegar ao ponto do concreto quebrar, alguns fatores espec\u00edficos s\u00e3o suspeitos, como problemas na funda\u00e7\u00e3o, aus\u00eancia de pintura impermeabilizante, empo\u00e7amentos de \u00e1gua e a presen\u00e7a de objetos pesados concentrados em alguns pontos.<\/p>\n\n\n\n<div style=\"height:40px\" aria-hidden=\"true\" class=\"wp-block-spacer\"><\/div>\n\n\n\n<h3 class=\"wp-block-heading\"><strong>3. Problemas na pintura&nbsp;<\/strong><\/h3>\n\n\n\n<p>A incid\u00eancia de chuva e sol no local pode provocar falhas nas demarca\u00e7\u00f5es e enferrujar os e postes de metal. Restaurar o local atrav\u00e9s da pintura \u00e9 a \u00fanica solu\u00e7\u00e3o.<\/p>\n\n\n\n<div style=\"height:40px\" aria-hidden=\"true\" class=\"wp-block-spacer\"><\/div>\n\n\n\n<h3 class=\"wp-block-heading\"><strong>4. Redes danificadas<\/strong><\/h3>\n\n\n\n<p>O uso constante pode danificar as redes da <a href=\"https:\/\/canequin.com.br\/sites\/altipisos\/blog\/a-importancia-de-uma-quadra-esportiva-em-escolas-e-universidades\/\">quadra<\/a>. Como esse \u00e9 o principal acess\u00f3rio de alguns esportes, como <a href=\"https:\/\/canequin.com.br\/sites\/altipisos\/blog\/como-e-feito-o-piso-da-quadra-de-volei\/\">v\u00f4lei<\/a>, t\u00eanis e futebol, sua est\u00e9tica pode ser prejudicada, al\u00e9m de perder sua fun\u00e7\u00e3o.&nbsp;<\/p>\n\n\n\n<div style=\"height:40px\" aria-hidden=\"true\" class=\"wp-block-spacer\"><\/div>\n\n\n\n<h2 class=\"wp-block-heading\"><strong>Como planejar a reforma&nbsp;<\/strong><\/h2>\n\n\n\n<p>Voc\u00ea j\u00e1 deve ter percebido que \u00e9 uma \u00f3tima estrat\u00e9gia aproveitar as f\u00e9rias de inverno para realizar manuten\u00e7\u00f5es. Nesse per\u00edodo, entre em contato com as empresas necess\u00e1rias \u2014 tanto para a reforma quanto para outros reparos, e crie um cronograma, para evitar que a obra se estenda at\u00e9 a volta \u00e0s aulas.<\/p>\n\n\n\n<p>Se voc\u00ea precisa restaurar a quadra, saiba que, com o <a href=\"https:\/\/canequin.com.br\/sites\/altipisos\/blog\/5-motivos-para-escolher-o-piso-modular\/\">piso modular<\/a> da Altipisos, fica muito mais f\u00e1cil. Somente com um piso nivelado a sua escola, em at\u00e9 48 horas, ter\u00e1 uma quadra pronta para o uso, sem barulho, demora ou sujeira de obra. Saiba mais sobre como fazer a reforma!<\/p>\n\n\n\n<div style=\"height:40px\" aria-hidden=\"true\" class=\"wp-block-spacer\"><\/div>\n\n\n\n<div class=\"wp-block-image\"><figure class=\"aligncenter size-full\"><img fetchpriority=\"high\" decoding=\"async\" width=\"857\" height=\"376\" src=\"https:\/\/canequin.com.br\/sites\/altipisos\/wp-content\/uploads\/2022\/07\/reforma02-1-1.jpeg\" alt=\"\" class=\"wp-image-1896\" srcset=\"https:\/\/canequin.com.br\/sites\/altipisos\/wp-content\/uploads\/2022\/07\/reforma02-1-1.jpeg 857w, https:\/\/canequin.com.br\/sites\/altipisos\/wp-content\/uploads\/2022\/07\/reforma02-1-1-300x132.jpeg 300w, https:\/\/canequin.com.br\/sites\/altipisos\/wp-content\/uploads\/2022\/07\/reforma02-1-1-768x337.jpeg 768w\" sizes=\"(max-width: 857px) 100vw, 857px\" \/><figcaption>Aproveitar as f\u00e9rias de inverno para realizar a reforma \u00e9 uma \u00f3tima estrat\u00e9gia.<\/figcaption><\/figure><\/div>\n\n\n\n<div style=\"height:40px\" aria-hidden=\"true\" class=\"wp-block-spacer\"><\/div>\n\n\n\n<h2 class=\"wp-block-heading\"><strong>Como fazer a reforma da quadra da escola<\/strong><\/h2>\n\n\n\n<p>Essas dicas v\u00e3o te auxiliar a saber como realizar a reforma, confira:&nbsp;<\/p>\n\n\n\n<div style=\"height:40px\" aria-hidden=\"true\" class=\"wp-block-spacer\"><\/div>\n\n\n\n<h3 class=\"wp-block-heading\"><strong>1. Substitua itens danificados<\/strong><\/h3>\n\n\n\n<p>Avalie como est\u00e1 o estado de conserva\u00e7\u00e3o das redes, traves do gol, bolas e outros materiais esportivos. Caso haja algum defeito, substitua-o por outro.<\/p>\n\n\n\n<div style=\"height:40px\" aria-hidden=\"true\" class=\"wp-block-spacer\"><\/div>\n\n\n\n<h3 class=\"wp-block-heading\"><strong>2. Impermeabiliza\u00e7\u00e3o do piso<\/strong><\/h3>\n\n\n\n<p>Essa solu\u00e7\u00e3o protege o piso contra infiltra\u00e7\u00e3o de \u00e1gua e garante a seguran\u00e7a do que estiver abaixo dele. O ideal \u00e9 usar tintas espec\u00edficas, com maior resist\u00eancia ao sol e \u00e0 chuva.<\/p>\n\n\n\n<div style=\"height:40px\" aria-hidden=\"true\" class=\"wp-block-spacer\"><\/div>\n\n\n\n<h3 class=\"wp-block-heading\"><strong>3 . Mantenha o local&nbsp; iluminado&nbsp;<\/strong><\/h3>\n\n\n\n<p>Se o espa\u00e7o estiver com pouca ilumina\u00e7\u00e3o, \u00e9 poss\u00edvel trocar as l\u00e2mpadas da \u00e1rea. Aposte em refletores com luzes de LED, principalmente para quem treina \u00e0 noite.<\/p>\n\n\n\n<div style=\"height:40px\" aria-hidden=\"true\" class=\"wp-block-spacer\"><\/div>\n\n\n\n<h3 class=\"wp-block-heading\"><strong>4. Renove a pintura<\/strong><\/h3>\n\n\n\n<p>As demarca\u00e7\u00f5es no piso s\u00e3o muito importantes para a execu\u00e7\u00e3o dos esportes. Use uma tinta acr\u00edlica resistente aos raios UV. O processo deve ser repetido anualmente.<\/p>\n\n\n\n<div style=\"height:40px\" aria-hidden=\"true\" class=\"wp-block-spacer\"><\/div>\n\n\n\n<h3 class=\"wp-block-heading\"><strong>5. Troque o piso<\/strong><\/h3>\n\n\n\n<p>O piso \u00e9 uma das partes mais importantes da quadra da escola. Optando pelo <a href=\"https:\/\/canequin.com.br\/sites\/altipisos\/blog\/3-principais-lugares-para-instalacao-de-piso-modular\/\">piso modular<\/a>, a reforma estar\u00e1 pronta em menos de 48 horas e o melhor, sem detritos e sem sujeira de obra. Esse piso\u00a0 pode ser instalado em \u00e1reas internas e externas. Para a sua instala\u00e7\u00e3o \u00e9 necess\u00e1rio que o piso j\u00e1 existente esteja nivelado.\u00a0<\/p>\n\n\n\n<div style=\"height:40px\" aria-hidden=\"true\" class=\"wp-block-spacer\"><\/div>\n\n\n\n<div class=\"wp-block-image\"><figure class=\"aligncenter size-full\"><img decoding=\"async\" width=\"857\" height=\"643\" src=\"https:\/\/canequin.com.br\/sites\/altipisos\/wp-content\/uploads\/2022\/07\/reforma01-1-1.jpeg\" alt=\"\" class=\"wp-image-1895\" srcset=\"https:\/\/canequin.com.br\/sites\/altipisos\/wp-content\/uploads\/2022\/07\/reforma01-1-1.jpeg 857w, https:\/\/canequin.com.br\/sites\/altipisos\/wp-content\/uploads\/2022\/07\/reforma01-1-1-300x225.jpeg 300w, https:\/\/canequin.com.br\/sites\/altipisos\/wp-content\/uploads\/2022\/07\/reforma01-1-1-768x576.jpeg 768w\" sizes=\"(max-width: 857px) 100vw, 857px\" \/><figcaption>Com o piso modular a reforma estar\u00e1 pronta em menos de 48 horas.<\/figcaption><\/figure><\/div>\n\n\n\n<div style=\"height:40px\" aria-hidden=\"true\" class=\"wp-block-spacer\"><\/div>\n\n\n\n<h2 class=\"wp-block-heading\"><strong>Por que escolher o piso modular<\/strong><\/h2>\n\n\n\n<p>Est\u00e1 com o prazo apertado e precisa reformar a \u00e1rea de esportes antes da volta \u00e0s aulas? Calma, com o piso modular isso \u00e9 poss\u00edvel em tempo recorde. A tecnologia garante uma quadra nova em 48 horas. Al\u00e9m da r\u00e1pida instala\u00e7\u00e3o, o piso modular \u00e9 antiderrapante, resistente \u00e0s intemp\u00e9ries e atende diversos esportes.<\/p>\n\n\n\n<p>Al\u00e9m disso, ele pode ser instalado tanto em espa\u00e7os fechados como ao ar livre, podendo ser <a href=\"https:\/\/canequin.com.br\/sites\/altipisos\/blog\/qual-a-diferenca-entre-piso-modular-indoor-e-outdoor\/\">indoor ou outdoor<\/a>.<\/p>\n\n\n\n<div style=\"height:40px\" aria-hidden=\"true\" class=\"wp-block-spacer\"><\/div>\n\n\n\n<p>Ap\u00f3s essa leitura voc\u00ea j\u00e1 percebeu as vantagens de aproveitar as <a href=\"https:\/\/canequin.com.br\/sites\/altipisos\/blog\/ferias-escolares-aproveite-para-reformar-a-quadra\/\">f\u00e9rias<\/a> para reparar a quadra da escola. Ao longo do ano, problemas surgem, e esse per\u00edodo de pausa nas atividades escolares \u00e9 a oportunidade para realizar manuten\u00e7\u00f5es necess\u00e1rias.<\/p>\n\n\n\n<p>Precisa reformar a quadra? Se sim, conte conosco! <a href=\"https:\/\/canequin.com.br\/sites\/altipisos\/contato\/\">Entre em contato<\/a> e solicite um or\u00e7amento.<\/p>\n","protected":false},"excerpt":{"rendered":"<p>Para o bom desenvolvimento das crian\u00e7as e dos adolescentes, a quadra da escola \u00e9 um espa\u00e7o essencial. \u00c9 nesse local que s\u00e3o realizadas as pr\u00e1ticas esportivas e momentos de recrea\u00e7\u00e3o, t\u00e3o importantes para os alunos.&nbsp; T\u00e3o necess\u00e1rio quanto essas pr\u00e1ticas, \u00e9 garantir que esse espa\u00e7o tenha uma estrutura de qualidade, permitindo um \u00f3timo aproveitamento e [&hellip;]<\/p>\n","protected":false},"author":3,"featured_media":1893,"comment_status":"open","ping_status":"open","sticky":false,"template":"","format":"standard","meta":{"footnotes":""},"categories":[7,11],"tags":[260,261,262,116,16,17,234],"class_list":["post-1892","post","type-post","status-publish","format-standard","has-post-thumbnail","hentry","category-todos","category-quadras-esportivas","tag-escola","tag-ferias","tag-ferias-de-inverno","tag-piso","tag-piso-modular","tag-quadra","tag-reforma"],"yoast_head":"<!-- This site is optimized with the Yoast SEO plugin v27.5 - https:\/\/yoast.com\/product\/yoast-seo-wordpress\/ -->\n<title>Como reformar a quadra da escola de forma r\u00e1pida - Altipisos<\/title>\n<meta name=\"description\" content=\"Aproveite as f\u00e9rias de inverno e aproveite para reformar a quadra da escola de forma r\u00e1pida com o piso modular.\" \/>\n<meta name=\"robots\" content=\"index, follow, max-snippet:-1, max-image-preview:large, max-video-preview:-1\" \/>\n<link rel=\"canonical\" href=\"https:\/\/canequin.com.br\/sites\/altipisos\/como-reformar-a-quadra-da-escola-de-forma-rapida\/\" \/>\n<meta property=\"og:locale\" content=\"pt_BR\" \/>\n<meta property=\"og:type\" content=\"article\" \/>\n<meta property=\"og:title\" content=\"Como reformar a quadra da escola de forma r\u00e1pida - Altipisos\" \/>\n<meta property=\"og:description\" content=\"Aproveite as f\u00e9rias de inverno e aproveite para reformar a quadra da escola de forma r\u00e1pida com o piso modular.\" \/>\n<meta property=\"og:url\" content=\"https:\/\/canequin.com.br\/sites\/altipisos\/como-reformar-a-quadra-da-escola-de-forma-rapida\/\" \/>\n<meta property=\"og:site_name\" content=\"Altipisos\" \/>\n<meta property=\"article:published_time\" content=\"2022-07-08T13:19:49+00:00\" \/>\n<meta property=\"og:image\" content=\"https:\/\/canequin.com.br\/sites\/altipisos\/wp-content\/uploads\/2022\/07\/quadra-da-escola02-1-1.jpeg\" \/>\n\t<meta property=\"og:image:width\" content=\"857\" \/>\n\t<meta property=\"og:image:height\" content=\"642\" \/>\n\t<meta property=\"og:image:type\" content=\"image\/jpeg\" \/>\n<meta name=\"author\" content=\"Altipisos\" \/>\n<meta name=\"twitter:card\" content=\"summary_large_image\" \/>\n<meta name=\"twitter:label1\" content=\"Escrito por\" \/>\n\t<meta name=\"twitter:data1\" content=\"Altipisos\" \/>\n\t<meta name=\"twitter:label2\" content=\"Est. tempo de leitura\" \/>\n\t<meta name=\"twitter:data2\" content=\"5 minutos\" \/>\n<script type=\"application\/ld+json\" class=\"yoast-schema-graph\">{\"@context\":\"https:\\\/\\\/schema.org\",\"@graph\":[{\"@type\":\"Article\",\"@id\":\"https:\\\/\\\/canequin.com.br\\\/sites\\\/altipisos\\\/como-reformar-a-quadra-da-escola-de-forma-rapida\\\/#article\",\"isPartOf\":{\"@id\":\"https:\\\/\\\/canequin.com.br\\\/sites\\\/altipisos\\\/como-reformar-a-quadra-da-escola-de-forma-rapida\\\/\"},\"author\":{\"name\":\"Altipisos\",\"@id\":\"https:\\\/\\\/canequin.com.br\\\/sites\\\/altipisos\\\/#\\\/schema\\\/person\\\/53e4967078c19153e5c78f0833af3d11\"},\"headline\":\"Como reformar a quadra da escola de forma r\u00e1pida\",\"datePublished\":\"2022-07-08T13:19:49+00:00\",\"mainEntityOfPage\":{\"@id\":\"https:\\\/\\\/canequin.com.br\\\/sites\\\/altipisos\\\/como-reformar-a-quadra-da-escola-de-forma-rapida\\\/\"},\"wordCount\":819,\"commentCount\":0,\"image\":{\"@id\":\"https:\\\/\\\/canequin.com.br\\\/sites\\\/altipisos\\\/como-reformar-a-quadra-da-escola-de-forma-rapida\\\/#primaryimage\"},\"thumbnailUrl\":\"https:\\\/\\\/canequin.com.br\\\/sites\\\/altipisos\\\/wp-content\\\/uploads\\\/2022\\\/07\\\/quadra-da-escola02-1-1.jpeg\",\"keywords\":[\"escola\",\"f\u00e9rias\",\"f\u00e9rias de inverno\",\"piso\",\"piso modular\",\"quadra\",\"reforma\"],\"articleSection\":[\"Blog\",\"Quadras Esportivas\"],\"inLanguage\":\"pt-BR\",\"potentialAction\":[{\"@type\":\"CommentAction\",\"name\":\"Comment\",\"target\":[\"https:\\\/\\\/canequin.com.br\\\/sites\\\/altipisos\\\/como-reformar-a-quadra-da-escola-de-forma-rapida\\\/#respond\"]}]},{\"@type\":\"WebPage\",\"@id\":\"https:\\\/\\\/canequin.com.br\\\/sites\\\/altipisos\\\/como-reformar-a-quadra-da-escola-de-forma-rapida\\\/\",\"url\":\"https:\\\/\\\/canequin.com.br\\\/sites\\\/altipisos\\\/como-reformar-a-quadra-da-escola-de-forma-rapida\\\/\",\"name\":\"Como reformar a quadra da escola de forma r\u00e1pida - Altipisos\",\"isPartOf\":{\"@id\":\"https:\\\/\\\/canequin.com.br\\\/sites\\\/altipisos\\\/#website\"},\"primaryImageOfPage\":{\"@id\":\"https:\\\/\\\/canequin.com.br\\\/sites\\\/altipisos\\\/como-reformar-a-quadra-da-escola-de-forma-rapida\\\/#primaryimage\"},\"image\":{\"@id\":\"https:\\\/\\\/canequin.com.br\\\/sites\\\/altipisos\\\/como-reformar-a-quadra-da-escola-de-forma-rapida\\\/#primaryimage\"},\"thumbnailUrl\":\"https:\\\/\\\/canequin.com.br\\\/sites\\\/altipisos\\\/wp-content\\\/uploads\\\/2022\\\/07\\\/quadra-da-escola02-1-1.jpeg\",\"datePublished\":\"2022-07-08T13:19:49+00:00\",\"author\":{\"@id\":\"https:\\\/\\\/canequin.com.br\\\/sites\\\/altipisos\\\/#\\\/schema\\\/person\\\/53e4967078c19153e5c78f0833af3d11\"},\"description\":\"Aproveite as f\u00e9rias de inverno e aproveite para reformar a quadra da escola de forma r\u00e1pida com o piso modular.\",\"breadcrumb\":{\"@id\":\"https:\\\/\\\/canequin.com.br\\\/sites\\\/altipisos\\\/como-reformar-a-quadra-da-escola-de-forma-rapida\\\/#breadcrumb\"},\"inLanguage\":\"pt-BR\",\"potentialAction\":[{\"@type\":\"ReadAction\",\"target\":[\"https:\\\/\\\/canequin.com.br\\\/sites\\\/altipisos\\\/como-reformar-a-quadra-da-escola-de-forma-rapida\\\/\"]}]},{\"@type\":\"ImageObject\",\"inLanguage\":\"pt-BR\",\"@id\":\"https:\\\/\\\/canequin.com.br\\\/sites\\\/altipisos\\\/como-reformar-a-quadra-da-escola-de-forma-rapida\\\/#primaryimage\",\"url\":\"https:\\\/\\\/canequin.com.br\\\/sites\\\/altipisos\\\/wp-content\\\/uploads\\\/2022\\\/07\\\/quadra-da-escola02-1-1.jpeg\",\"contentUrl\":\"https:\\\/\\\/canequin.com.br\\\/sites\\\/altipisos\\\/wp-content\\\/uploads\\\/2022\\\/07\\\/quadra-da-escola02-1-1.jpeg\",\"width\":857,\"height\":642,\"caption\":\"quadra da escola\"},{\"@type\":\"BreadcrumbList\",\"@id\":\"https:\\\/\\\/canequin.com.br\\\/sites\\\/altipisos\\\/como-reformar-a-quadra-da-escola-de-forma-rapida\\\/#breadcrumb\",\"itemListElement\":[{\"@type\":\"ListItem\",\"position\":1,\"name\":\"In\u00edcio\",\"item\":\"https:\\\/\\\/canequin.com.br\\\/sites\\\/altipisos\\\/\"},{\"@type\":\"ListItem\",\"position\":2,\"name\":\"Como reformar a quadra da escola de forma r\u00e1pida\"}]},{\"@type\":\"WebSite\",\"@id\":\"https:\\\/\\\/canequin.com.br\\\/sites\\\/altipisos\\\/#website\",\"url\":\"https:\\\/\\\/canequin.com.br\\\/sites\\\/altipisos\\\/\",\"name\":\"Altipisos\",\"description\":\"\",\"potentialAction\":[{\"@type\":\"SearchAction\",\"target\":{\"@type\":\"EntryPoint\",\"urlTemplate\":\"https:\\\/\\\/canequin.com.br\\\/sites\\\/altipisos\\\/?s={search_term_string}\"},\"query-input\":{\"@type\":\"PropertyValueSpecification\",\"valueRequired\":true,\"valueName\":\"search_term_string\"}}],\"inLanguage\":\"pt-BR\"},{\"@type\":\"Person\",\"@id\":\"https:\\\/\\\/canequin.com.br\\\/sites\\\/altipisos\\\/#\\\/schema\\\/person\\\/53e4967078c19153e5c78f0833af3d11\",\"name\":\"Altipisos\",\"url\":\"https:\\\/\\\/canequin.com.br\\\/sites\\\/altipisos\\\/author\\\/altipisos\\\/\"}]}<\/script>\n<!-- \/ Yoast SEO plugin. -->","yoast_head_json":{"title":"Como reformar a quadra da escola de forma r\u00e1pida - Altipisos","description":"Aproveite as f\u00e9rias de inverno e aproveite para reformar a quadra da escola de forma r\u00e1pida com o piso modular.","robots":{"index":"index","follow":"follow","max-snippet":"max-snippet:-1","max-image-preview":"max-image-preview:large","max-video-preview":"max-video-preview:-1"},"canonical":"https:\/\/canequin.com.br\/sites\/altipisos\/como-reformar-a-quadra-da-escola-de-forma-rapida\/","og_locale":"pt_BR","og_type":"article","og_title":"Como reformar a quadra da escola de forma r\u00e1pida - Altipisos","og_description":"Aproveite as f\u00e9rias de inverno e aproveite para reformar a quadra da escola de forma r\u00e1pida com o piso modular.","og_url":"https:\/\/canequin.com.br\/sites\/altipisos\/como-reformar-a-quadra-da-escola-de-forma-rapida\/","og_site_name":"Altipisos","article_published_time":"2022-07-08T13:19:49+00:00","og_image":[{"width":857,"height":642,"url":"https:\/\/canequin.com.br\/sites\/altipisos\/wp-content\/uploads\/2022\/07\/quadra-da-escola02-1-1.jpeg","type":"image\/jpeg"}],"author":"Altipisos","twitter_card":"summary_large_image","twitter_misc":{"Escrito por":"Altipisos","Est. tempo de leitura":"5 minutos"},"schema":{"@context":"https:\/\/schema.org","@graph":[{"@type":"Article","@id":"https:\/\/canequin.com.br\/sites\/altipisos\/como-reformar-a-quadra-da-escola-de-forma-rapida\/#article","isPartOf":{"@id":"https:\/\/canequin.com.br\/sites\/altipisos\/como-reformar-a-quadra-da-escola-de-forma-rapida\/"},"author":{"name":"Altipisos","@id":"https:\/\/canequin.com.br\/sites\/altipisos\/#\/schema\/person\/53e4967078c19153e5c78f0833af3d11"},"headline":"Como reformar a quadra da escola de forma r\u00e1pida","datePublished":"2022-07-08T13:19:49+00:00","mainEntityOfPage":{"@id":"https:\/\/canequin.com.br\/sites\/altipisos\/como-reformar-a-quadra-da-escola-de-forma-rapida\/"},"wordCount":819,"commentCount":0,"image":{"@id":"https:\/\/canequin.com.br\/sites\/altipisos\/como-reformar-a-quadra-da-escola-de-forma-rapida\/#primaryimage"},"thumbnailUrl":"https:\/\/canequin.com.br\/sites\/altipisos\/wp-content\/uploads\/2022\/07\/quadra-da-escola02-1-1.jpeg","keywords":["escola","f\u00e9rias","f\u00e9rias de inverno","piso","piso modular","quadra","reforma"],"articleSection":["Blog","Quadras Esportivas"],"inLanguage":"pt-BR","potentialAction":[{"@type":"CommentAction","name":"Comment","target":["https:\/\/canequin.com.br\/sites\/altipisos\/como-reformar-a-quadra-da-escola-de-forma-rapida\/#respond"]}]},{"@type":"WebPage","@id":"https:\/\/canequin.com.br\/sites\/altipisos\/como-reformar-a-quadra-da-escola-de-forma-rapida\/","url":"https:\/\/canequin.com.br\/sites\/altipisos\/como-reformar-a-quadra-da-escola-de-forma-rapida\/","name":"Como reformar a quadra da escola de forma r\u00e1pida - Altipisos","isPartOf":{"@id":"https:\/\/canequin.com.br\/sites\/altipisos\/#website"},"primaryImageOfPage":{"@id":"https:\/\/canequin.com.br\/sites\/altipisos\/como-reformar-a-quadra-da-escola-de-forma-rapida\/#primaryimage"},"image":{"@id":"https:\/\/canequin.com.br\/sites\/altipisos\/como-reformar-a-quadra-da-escola-de-forma-rapida\/#primaryimage"},"thumbnailUrl":"https:\/\/canequin.com.br\/sites\/altipisos\/wp-content\/uploads\/2022\/07\/quadra-da-escola02-1-1.jpeg","datePublished":"2022-07-08T13:19:49+00:00","author":{"@id":"https:\/\/canequin.com.br\/sites\/altipisos\/#\/schema\/person\/53e4967078c19153e5c78f0833af3d11"},"description":"Aproveite as f\u00e9rias de inverno e aproveite para reformar a quadra da escola de forma r\u00e1pida com o piso modular.","breadcrumb":{"@id":"https:\/\/canequin.com.br\/sites\/altipisos\/como-reformar-a-quadra-da-escola-de-forma-rapida\/#breadcrumb"},"inLanguage":"pt-BR","potentialAction":[{"@type":"ReadAction","target":["https:\/\/canequin.com.br\/sites\/altipisos\/como-reformar-a-quadra-da-escola-de-forma-rapida\/"]}]},{"@type":"ImageObject","inLanguage":"pt-BR","@id":"https:\/\/canequin.com.br\/sites\/altipisos\/como-reformar-a-quadra-da-escola-de-forma-rapida\/#primaryimage","url":"https:\/\/canequin.com.br\/sites\/altipisos\/wp-content\/uploads\/2022\/07\/quadra-da-escola02-1-1.jpeg","contentUrl":"https:\/\/canequin.com.br\/sites\/altipisos\/wp-content\/uploads\/2022\/07\/quadra-da-escola02-1-1.jpeg","width":857,"height":642,"caption":"quadra da escola"},{"@type":"BreadcrumbList","@id":"https:\/\/canequin.com.br\/sites\/altipisos\/como-reformar-a-quadra-da-escola-de-forma-rapida\/#breadcrumb","itemListElement":[{"@type":"ListItem","position":1,"name":"In\u00edcio","item":"https:\/\/canequin.com.br\/sites\/altipisos\/"},{"@type":"ListItem","position":2,"name":"Como reformar a quadra da escola de forma r\u00e1pida"}]},{"@type":"WebSite","@id":"https:\/\/canequin.com.br\/sites\/altipisos\/#website","url":"https:\/\/canequin.com.br\/sites\/altipisos\/","name":"Altipisos","description":"","potentialAction":[{"@type":"SearchAction","target":{"@type":"EntryPoint","urlTemplate":"https:\/\/canequin.com.br\/sites\/altipisos\/?s={search_term_string}"},"query-input":{"@type":"PropertyValueSpecification","valueRequired":true,"valueName":"search_term_string"}}],"inLanguage":"pt-BR"},{"@type":"Person","@id":"https:\/\/canequin.com.br\/sites\/altipisos\/#\/schema\/person\/53e4967078c19153e5c78f0833af3d11","name":"Altipisos","url":"https:\/\/canequin.com.br\/sites\/altipisos\/author\/altipisos\/"}]}},"lang":"pt","translations":{"pt":1892},"pll_sync_post":[],"_links":{"self":[{"href":"https:\/\/canequin.com.br\/sites\/altipisos\/wp-json\/wp\/v2\/posts\/1892","targetHints":{"allow":["GET"]}}],"collection":[{"href":"https:\/\/canequin.com.br\/sites\/altipisos\/wp-json\/wp\/v2\/posts"}],"about":[{"href":"https:\/\/canequin.com.br\/sites\/altipisos\/wp-json\/wp\/v2\/types\/post"}],"author":[{"embeddable":true,"href":"https:\/\/canequin.com.br\/sites\/altipisos\/wp-json\/wp\/v2\/users\/3"}],"replies":[{"embeddable":true,"href":"https:\/\/canequin.com.br\/sites\/altipisos\/wp-json\/wp\/v2\/comments?post=1892"}],"version-history":[{"count":0,"href":"https:\/\/canequin.com.br\/sites\/altipisos\/wp-json\/wp\/v2\/posts\/1892\/revisions"}],"wp:featuredmedia":[{"embeddable":true,"href":"https:\/\/canequin.com.br\/sites\/altipisos\/wp-json\/wp\/v2\/media\/1893"}],"wp:attachment":[{"href":"https:\/\/canequin.com.br\/sites\/altipisos\/wp-json\/wp\/v2\/media?parent=1892"}],"wp:term":[{"taxonomy":"category","embeddable":true,"href":"https:\/\/canequin.com.br\/sites\/altipisos\/wp-json\/wp\/v2\/categories?post=1892"},{"taxonomy":"post_tag","embeddable":true,"href":"https:\/\/canequin.com.br\/sites\/altipisos\/wp-json\/wp\/v2\/tags?post=1892"}],"curies":[{"name":"wp","href":"https:\/\/api.w.org\/{rel}","templated":true}]}}