{"id":1867,"date":"2022-06-13T17:42:37","date_gmt":"2022-06-13T20:42:37","guid":{"rendered":"https:\/\/altipisos.com.br\/?p=1867"},"modified":"2022-06-13T17:42:37","modified_gmt":"2022-06-13T20:42:37","slug":"perspectivas-de-negocios-e-interesse-pelo-piso-modular-na-bett-brasil","status":"publish","type":"post","link":"https:\/\/canequin.com.br\/sites\/altipisos\/perspectivas-de-negocios-e-interesse-pelo-piso-modular-na-bett-brasil\/","title":{"rendered":"Perspectivas de neg\u00f3cios e interesse pelo piso modular na Bett Brasil"},"content":{"rendered":"\n<p>Sempre atentos a tudo que envolve educa\u00e7\u00e3o, a Altipisos esteve presente no maior evento de educa\u00e7\u00e3o e tecnologia da Am\u00e9rica Latina, o <a href=\"https:\/\/brasil.bettshow.com\/\">Bett Brasil 2022<\/a>, que ocorreu de 10 a 13 de maio, em S\u00e3o Paulo. Em mais um ano, levamos ao encontro o que h\u00e1 de melhor em piso modular, pisos esportivos, recreativos e engenharia esportiva.<\/p>\n\n\n\n<p>Anualmente, o evento congrega mais de 270 empresas nacionais e internacionais e mais de 20 startups do setor. Esse ano, a feira superou a expectativa de p\u00fablico, com mais de 30 mil visitantes e participantes da comunidade educacional de todos os estados brasileiros.<\/p>\n\n\n\n<p>Com o tema \u201cCocriando a Educa\u00e7\u00e3o do Futuro\u201d, o prop\u00f3sito do encontro foi buscar inspira\u00e7\u00e3o, discutir o futuro da educa\u00e7\u00e3o e o papel que a tecnologia e a inova\u00e7\u00e3o desempenham na forma\u00e7\u00e3o de todos os educadores e estudantes.&nbsp;<\/p>\n\n\n\n<p>Saiba mais sobre como foi o evento\u00a0 e a participa\u00e7\u00e3o da Altipisos. Continue a leitura!<\/p>\n\n\n\n<div style=\"height:40px\" aria-hidden=\"true\" class=\"wp-block-spacer\"><\/div>\n\n\n\n<h2 class=\"wp-block-heading\"><strong>Como foi a Bett Brasil 2022<\/strong><\/h2>\n\n\n\n<p>A edi\u00e7\u00e3o que marcou a volta da feira ao modelo presencial, teve como objetivo incentivar o di\u00e1logo sobre a educa\u00e7\u00e3o ao longo da vida de forma inclusiva, equitativa e de qualidade. Foram quatro dias de palestras e workshops com conte\u00fado inspirador e a presen\u00e7a de grandes nomes da educa\u00e7\u00e3o nacional e internacional.<\/p>\n\n\n\n<p>Os expositores ofereceram atividades e experi\u00eancias para o p\u00fablico, com demonstra\u00e7\u00f5es de produtos, servi\u00e7os e solu\u00e7\u00f5es inovadoras que devem chegar \u00e0s <a href=\"https:\/\/canequin.com.br\/sites\/altipisos\/blog\/quadra-poliesportiva-em-escolas\/\">escolas<\/a> de todo o pa\u00eds nos pr\u00f3ximos anos.&nbsp;<\/p>\n\n\n\n<p>Elisabeth Possamai, gerente de marketing da Altipisos, destaca que a <a href=\"https:\/\/canequin.com.br\/sites\/altipisos\/blog\/bett-brasil-2022-altipisos-e-presenca-confirmada\/\">participa\u00e7\u00e3o no encontro<\/a> mais uma vez foi gratificante, \u201cn\u00e3o paramos um minuto sequer atendendo as quase mil pessoas que passaram por nosso estande. Agora entendemos por que ele \u00e9 o maior evento de educa\u00e7\u00e3o e tecnologia da Am\u00e9rica Latina\u201d.<\/p>\n\n\n\n<div style=\"height:40px\" aria-hidden=\"true\" class=\"wp-block-spacer\"><\/div>\n\n\n\n<figure class=\"wp-block-image size-full\"><img fetchpriority=\"high\" decoding=\"async\" width=\"857\" height=\"635\" src=\"https:\/\/canequin.com.br\/sites\/altipisos\/wp-content\/uploads\/2022\/06\/piso-modular-Bett-Brasil-01-1-1-1.jpeg\" alt=\"\" class=\"wp-image-1870\" srcset=\"https:\/\/canequin.com.br\/sites\/altipisos\/wp-content\/uploads\/2022\/06\/piso-modular-Bett-Brasil-01-1-1-1.jpeg 857w, https:\/\/canequin.com.br\/sites\/altipisos\/wp-content\/uploads\/2022\/06\/piso-modular-Bett-Brasil-01-1-1-1-300x222.jpeg 300w, https:\/\/canequin.com.br\/sites\/altipisos\/wp-content\/uploads\/2022\/06\/piso-modular-Bett-Brasil-01-1-1-1-768x569.jpeg 768w\" sizes=\"(max-width: 857px) 100vw, 857px\" \/><figcaption>Em mais um ano, a Altipisos levou ao encontro o que h\u00e1 de melhor em piso modular<\/figcaption><\/figure>\n\n\n\n<h2 class=\"wp-block-heading\"><strong>Interesse pelo piso modular e perspectivas de neg\u00f3cios futuros<\/strong><\/h2>\n\n\n\n<p>N\u00f3s, da Altipisos, estamos preocupados em oferecer a melhor estrutura para a <a href=\"https:\/\/canequin.com.br\/sites\/altipisos\/blog\/quais-esportes-praticar-em-quadras-esportivas\/\">pr\u00e1tica de esportes<\/a> e espa\u00e7os de lazer nos ambientes educacionais. Temos no\u00e7\u00e3o do qu\u00e3o a educa\u00e7\u00e3o \u00e9 transformadora na vida de jovens e adultos e estamos sempre buscando fazer a diferen\u00e7a na vida das pessoas e contribuir para um mundo com mais qualidade de vida, educa\u00e7\u00e3o e sa\u00fade.&nbsp;<\/p>\n\n\n\n<p>Para n\u00f3s, o encontro superou todas as expectativas e comprovou o interesse cada vez maior pela <a href=\"https:\/\/canequin.com.br\/sites\/altipisos\/blog\/a-importancia-de-uma-quadra-esportiva-em-escolas-e-universidades\/\">pr\u00e1tica de esportes<\/a> na educa\u00e7\u00e3o e pelo piso modular. O n\u00edvel de visita\u00e7\u00e3o no estande da Altipisos foi excelente e com certeza estaremos com mais novidades para a Bett Brasil 2023.<\/p>\n\n\n\n<p>\u201cComo o piso modular \u00e9 ainda uma novidade no mercado, os gestores que passaram em nosso estande ficaram impactados com tamanha solu\u00e7\u00e3o para substituir a pintura anual de quadras&nbsp; e trocas de piso em playground, no qual o nosso piso acaba trazendo a solu\u00e7\u00e3o que muitos estavam em busca. A feira nos deu uma \u00f3tima perspectiva de neg\u00f3cios para o futuro, pois realizamos importantes contatos\u201d, pontuou Elisabeth.<\/p>\n\n\n\n<div style=\"height:40px\" aria-hidden=\"true\" class=\"wp-block-spacer\"><\/div>\n\n\n\n<p>Se voc\u00ea passou pela feira, esperamos que tenha aproveitado as novidades, a troca de conhecimento e oportunidades. Aguardamos voc\u00ea no pr\u00f3ximo ano!<\/p>\n\n\n\n<p>Com <a href=\"https:\/\/canequin.com.br\/sites\/altipisos\/blog\/altipisos-completa-23-anos-conheca-a-nossa-historia\/\">23 anos no mercado<\/a>, somos especialistas em piso modular e aproveitamos a ocasi\u00e3o para apresentar nossas melhores solu\u00e7\u00f5es em <a href=\"https:\/\/canequin.com.br\/sites\/altipisos\/produtos\/\">pisos esportivos<\/a> Quer saber mais sobre nossos servi\u00e7os? Acesse <a href=\"https:\/\/canequin.com.br\/sites\/altipisos\/sobre-nos\/\">nossa p\u00e1gina<\/a>.<\/p>\n","protected":false},"excerpt":{"rendered":"<p>Sempre atentos a tudo que envolve educa\u00e7\u00e3o, a Altipisos esteve presente no maior evento de educa\u00e7\u00e3o e tecnologia da Am\u00e9rica Latina, o Bett Brasil 2022, que ocorreu de 10 a 13 de maio, em S\u00e3o Paulo. Em mais um ano, levamos ao encontro o que h\u00e1 de melhor em piso modular, pisos esportivos, recreativos e [&hellip;]<\/p>\n","protected":false},"author":3,"featured_media":1868,"comment_status":"open","ping_status":"open","sticky":false,"template":"","format":"standard","meta":{"footnotes":""},"categories":[7],"tags":[212,241,256,184,243,244],"class_list":["post-1867","post","type-post","status-publish","format-standard","has-post-thumbnail","hentry","category-todos","tag-altipisos","tag-educacao","tag-encontro","tag-esportes","tag-evento","tag-feira"],"yoast_head":"<!-- This site is optimized with the Yoast SEO plugin v27.5 - https:\/\/yoast.com\/product\/yoast-seo-wordpress\/ -->\n<title>Perspectivas de neg\u00f3cios e interesse pelo piso modular na Bett Brasil<\/title>\n<meta name=\"description\" content=\"Saiba como foi a participa\u00e7\u00e3o da Altipisos na Bett Brasil 2022, as perspectivas de neg\u00f3cios e interesse pelo piso modular.\" \/>\n<meta name=\"robots\" content=\"index, follow, max-snippet:-1, max-image-preview:large, max-video-preview:-1\" \/>\n<link rel=\"canonical\" href=\"https:\/\/canequin.com.br\/sites\/altipisos\/perspectivas-de-negocios-e-interesse-pelo-piso-modular-na-bett-brasil\/\" \/>\n<meta property=\"og:locale\" content=\"pt_BR\" \/>\n<meta property=\"og:type\" content=\"article\" \/>\n<meta property=\"og:title\" content=\"Perspectivas de neg\u00f3cios e interesse pelo piso modular na Bett Brasil\" \/>\n<meta property=\"og:description\" content=\"Saiba como foi a participa\u00e7\u00e3o da Altipisos na Bett Brasil 2022, as perspectivas de neg\u00f3cios e interesse pelo piso modular.\" \/>\n<meta property=\"og:url\" content=\"https:\/\/canequin.com.br\/sites\/altipisos\/perspectivas-de-negocios-e-interesse-pelo-piso-modular-na-bett-brasil\/\" \/>\n<meta property=\"og:site_name\" content=\"Altipisos\" \/>\n<meta property=\"article:published_time\" content=\"2022-06-13T20:42:37+00:00\" \/>\n<meta property=\"og:image\" content=\"https:\/\/canequin.com.br\/sites\/altipisos\/wp-content\/uploads\/2022\/06\/piso-modular-Bett-Brasil-02-1-1-1.jpeg\" \/>\n\t<meta property=\"og:image:width\" content=\"857\" \/>\n\t<meta property=\"og:image:height\" content=\"643\" \/>\n\t<meta property=\"og:image:type\" content=\"image\/jpeg\" \/>\n<meta name=\"author\" content=\"Altipisos\" \/>\n<meta name=\"twitter:card\" content=\"summary_large_image\" \/>\n<meta name=\"twitter:label1\" content=\"Escrito por\" \/>\n\t<meta name=\"twitter:data1\" content=\"Altipisos\" \/>\n\t<meta name=\"twitter:label2\" content=\"Est. tempo de leitura\" \/>\n\t<meta name=\"twitter:data2\" content=\"4 minutos\" \/>\n<script type=\"application\/ld+json\" class=\"yoast-schema-graph\">{\"@context\":\"https:\\\/\\\/schema.org\",\"@graph\":[{\"@type\":\"Article\",\"@id\":\"https:\\\/\\\/canequin.com.br\\\/sites\\\/altipisos\\\/perspectivas-de-negocios-e-interesse-pelo-piso-modular-na-bett-brasil\\\/#article\",\"isPartOf\":{\"@id\":\"https:\\\/\\\/canequin.com.br\\\/sites\\\/altipisos\\\/perspectivas-de-negocios-e-interesse-pelo-piso-modular-na-bett-brasil\\\/\"},\"author\":{\"name\":\"Altipisos\",\"@id\":\"https:\\\/\\\/canequin.com.br\\\/sites\\\/altipisos\\\/#\\\/schema\\\/person\\\/53e4967078c19153e5c78f0833af3d11\"},\"headline\":\"Perspectivas de neg\u00f3cios e interesse pelo piso modular na Bett Brasil\",\"datePublished\":\"2022-06-13T20:42:37+00:00\",\"mainEntityOfPage\":{\"@id\":\"https:\\\/\\\/canequin.com.br\\\/sites\\\/altipisos\\\/perspectivas-de-negocios-e-interesse-pelo-piso-modular-na-bett-brasil\\\/\"},\"wordCount\":598,\"commentCount\":0,\"image\":{\"@id\":\"https:\\\/\\\/canequin.com.br\\\/sites\\\/altipisos\\\/perspectivas-de-negocios-e-interesse-pelo-piso-modular-na-bett-brasil\\\/#primaryimage\"},\"thumbnailUrl\":\"https:\\\/\\\/canequin.com.br\\\/sites\\\/altipisos\\\/wp-content\\\/uploads\\\/2022\\\/06\\\/piso-modular-Bett-Brasil-02-1-1-1.jpeg\",\"keywords\":[\"altipisos\",\"educa\u00e7\u00e3o\",\"encontro\",\"esportes\",\"evento\",\"feira\"],\"articleSection\":[\"Blog\"],\"inLanguage\":\"pt-BR\",\"potentialAction\":[{\"@type\":\"CommentAction\",\"name\":\"Comment\",\"target\":[\"https:\\\/\\\/canequin.com.br\\\/sites\\\/altipisos\\\/perspectivas-de-negocios-e-interesse-pelo-piso-modular-na-bett-brasil\\\/#respond\"]}]},{\"@type\":\"WebPage\",\"@id\":\"https:\\\/\\\/canequin.com.br\\\/sites\\\/altipisos\\\/perspectivas-de-negocios-e-interesse-pelo-piso-modular-na-bett-brasil\\\/\",\"url\":\"https:\\\/\\\/canequin.com.br\\\/sites\\\/altipisos\\\/perspectivas-de-negocios-e-interesse-pelo-piso-modular-na-bett-brasil\\\/\",\"name\":\"Perspectivas de neg\u00f3cios e interesse pelo piso modular na Bett Brasil\",\"isPartOf\":{\"@id\":\"https:\\\/\\\/canequin.com.br\\\/sites\\\/altipisos\\\/#website\"},\"primaryImageOfPage\":{\"@id\":\"https:\\\/\\\/canequin.com.br\\\/sites\\\/altipisos\\\/perspectivas-de-negocios-e-interesse-pelo-piso-modular-na-bett-brasil\\\/#primaryimage\"},\"image\":{\"@id\":\"https:\\\/\\\/canequin.com.br\\\/sites\\\/altipisos\\\/perspectivas-de-negocios-e-interesse-pelo-piso-modular-na-bett-brasil\\\/#primaryimage\"},\"thumbnailUrl\":\"https:\\\/\\\/canequin.com.br\\\/sites\\\/altipisos\\\/wp-content\\\/uploads\\\/2022\\\/06\\\/piso-modular-Bett-Brasil-02-1-1-1.jpeg\",\"datePublished\":\"2022-06-13T20:42:37+00:00\",\"author\":{\"@id\":\"https:\\\/\\\/canequin.com.br\\\/sites\\\/altipisos\\\/#\\\/schema\\\/person\\\/53e4967078c19153e5c78f0833af3d11\"},\"description\":\"Saiba como foi a participa\u00e7\u00e3o da Altipisos na Bett Brasil 2022, as perspectivas de neg\u00f3cios e interesse pelo piso modular.\",\"breadcrumb\":{\"@id\":\"https:\\\/\\\/canequin.com.br\\\/sites\\\/altipisos\\\/perspectivas-de-negocios-e-interesse-pelo-piso-modular-na-bett-brasil\\\/#breadcrumb\"},\"inLanguage\":\"pt-BR\",\"potentialAction\":[{\"@type\":\"ReadAction\",\"target\":[\"https:\\\/\\\/canequin.com.br\\\/sites\\\/altipisos\\\/perspectivas-de-negocios-e-interesse-pelo-piso-modular-na-bett-brasil\\\/\"]}]},{\"@type\":\"ImageObject\",\"inLanguage\":\"pt-BR\",\"@id\":\"https:\\\/\\\/canequin.com.br\\\/sites\\\/altipisos\\\/perspectivas-de-negocios-e-interesse-pelo-piso-modular-na-bett-brasil\\\/#primaryimage\",\"url\":\"https:\\\/\\\/canequin.com.br\\\/sites\\\/altipisos\\\/wp-content\\\/uploads\\\/2022\\\/06\\\/piso-modular-Bett-Brasil-02-1-1-1.jpeg\",\"contentUrl\":\"https:\\\/\\\/canequin.com.br\\\/sites\\\/altipisos\\\/wp-content\\\/uploads\\\/2022\\\/06\\\/piso-modular-Bett-Brasil-02-1-1-1.jpeg\",\"width\":857,\"height\":643,\"caption\":\"piso modular\"},{\"@type\":\"BreadcrumbList\",\"@id\":\"https:\\\/\\\/canequin.com.br\\\/sites\\\/altipisos\\\/perspectivas-de-negocios-e-interesse-pelo-piso-modular-na-bett-brasil\\\/#breadcrumb\",\"itemListElement\":[{\"@type\":\"ListItem\",\"position\":1,\"name\":\"In\u00edcio\",\"item\":\"https:\\\/\\\/canequin.com.br\\\/sites\\\/altipisos\\\/\"},{\"@type\":\"ListItem\",\"position\":2,\"name\":\"Perspectivas de neg\u00f3cios e interesse pelo piso modular na Bett Brasil\"}]},{\"@type\":\"WebSite\",\"@id\":\"https:\\\/\\\/canequin.com.br\\\/sites\\\/altipisos\\\/#website\",\"url\":\"https:\\\/\\\/canequin.com.br\\\/sites\\\/altipisos\\\/\",\"name\":\"Altipisos\",\"description\":\"\",\"potentialAction\":[{\"@type\":\"SearchAction\",\"target\":{\"@type\":\"EntryPoint\",\"urlTemplate\":\"https:\\\/\\\/canequin.com.br\\\/sites\\\/altipisos\\\/?s={search_term_string}\"},\"query-input\":{\"@type\":\"PropertyValueSpecification\",\"valueRequired\":true,\"valueName\":\"search_term_string\"}}],\"inLanguage\":\"pt-BR\"},{\"@type\":\"Person\",\"@id\":\"https:\\\/\\\/canequin.com.br\\\/sites\\\/altipisos\\\/#\\\/schema\\\/person\\\/53e4967078c19153e5c78f0833af3d11\",\"name\":\"Altipisos\",\"url\":\"https:\\\/\\\/canequin.com.br\\\/sites\\\/altipisos\\\/author\\\/altipisos\\\/\"}]}<\/script>\n<!-- \/ Yoast SEO plugin. -->","yoast_head_json":{"title":"Perspectivas de neg\u00f3cios e interesse pelo piso modular na Bett Brasil","description":"Saiba como foi a participa\u00e7\u00e3o da Altipisos na Bett Brasil 2022, as perspectivas de neg\u00f3cios e interesse pelo piso modular.","robots":{"index":"index","follow":"follow","max-snippet":"max-snippet:-1","max-image-preview":"max-image-preview:large","max-video-preview":"max-video-preview:-1"},"canonical":"https:\/\/canequin.com.br\/sites\/altipisos\/perspectivas-de-negocios-e-interesse-pelo-piso-modular-na-bett-brasil\/","og_locale":"pt_BR","og_type":"article","og_title":"Perspectivas de neg\u00f3cios e interesse pelo piso modular na Bett Brasil","og_description":"Saiba como foi a participa\u00e7\u00e3o da Altipisos na Bett Brasil 2022, as perspectivas de neg\u00f3cios e interesse pelo piso modular.","og_url":"https:\/\/canequin.com.br\/sites\/altipisos\/perspectivas-de-negocios-e-interesse-pelo-piso-modular-na-bett-brasil\/","og_site_name":"Altipisos","article_published_time":"2022-06-13T20:42:37+00:00","og_image":[{"width":857,"height":643,"url":"https:\/\/canequin.com.br\/sites\/altipisos\/wp-content\/uploads\/2022\/06\/piso-modular-Bett-Brasil-02-1-1-1.jpeg","type":"image\/jpeg"}],"author":"Altipisos","twitter_card":"summary_large_image","twitter_misc":{"Escrito por":"Altipisos","Est. tempo de leitura":"4 minutos"},"schema":{"@context":"https:\/\/schema.org","@graph":[{"@type":"Article","@id":"https:\/\/canequin.com.br\/sites\/altipisos\/perspectivas-de-negocios-e-interesse-pelo-piso-modular-na-bett-brasil\/#article","isPartOf":{"@id":"https:\/\/canequin.com.br\/sites\/altipisos\/perspectivas-de-negocios-e-interesse-pelo-piso-modular-na-bett-brasil\/"},"author":{"name":"Altipisos","@id":"https:\/\/canequin.com.br\/sites\/altipisos\/#\/schema\/person\/53e4967078c19153e5c78f0833af3d11"},"headline":"Perspectivas de neg\u00f3cios e interesse pelo piso modular na Bett Brasil","datePublished":"2022-06-13T20:42:37+00:00","mainEntityOfPage":{"@id":"https:\/\/canequin.com.br\/sites\/altipisos\/perspectivas-de-negocios-e-interesse-pelo-piso-modular-na-bett-brasil\/"},"wordCount":598,"commentCount":0,"image":{"@id":"https:\/\/canequin.com.br\/sites\/altipisos\/perspectivas-de-negocios-e-interesse-pelo-piso-modular-na-bett-brasil\/#primaryimage"},"thumbnailUrl":"https:\/\/canequin.com.br\/sites\/altipisos\/wp-content\/uploads\/2022\/06\/piso-modular-Bett-Brasil-02-1-1-1.jpeg","keywords":["altipisos","educa\u00e7\u00e3o","encontro","esportes","evento","feira"],"articleSection":["Blog"],"inLanguage":"pt-BR","potentialAction":[{"@type":"CommentAction","name":"Comment","target":["https:\/\/canequin.com.br\/sites\/altipisos\/perspectivas-de-negocios-e-interesse-pelo-piso-modular-na-bett-brasil\/#respond"]}]},{"@type":"WebPage","@id":"https:\/\/canequin.com.br\/sites\/altipisos\/perspectivas-de-negocios-e-interesse-pelo-piso-modular-na-bett-brasil\/","url":"https:\/\/canequin.com.br\/sites\/altipisos\/perspectivas-de-negocios-e-interesse-pelo-piso-modular-na-bett-brasil\/","name":"Perspectivas de neg\u00f3cios e interesse pelo piso modular na Bett Brasil","isPartOf":{"@id":"https:\/\/canequin.com.br\/sites\/altipisos\/#website"},"primaryImageOfPage":{"@id":"https:\/\/canequin.com.br\/sites\/altipisos\/perspectivas-de-negocios-e-interesse-pelo-piso-modular-na-bett-brasil\/#primaryimage"},"image":{"@id":"https:\/\/canequin.com.br\/sites\/altipisos\/perspectivas-de-negocios-e-interesse-pelo-piso-modular-na-bett-brasil\/#primaryimage"},"thumbnailUrl":"https:\/\/canequin.com.br\/sites\/altipisos\/wp-content\/uploads\/2022\/06\/piso-modular-Bett-Brasil-02-1-1-1.jpeg","datePublished":"2022-06-13T20:42:37+00:00","author":{"@id":"https:\/\/canequin.com.br\/sites\/altipisos\/#\/schema\/person\/53e4967078c19153e5c78f0833af3d11"},"description":"Saiba como foi a participa\u00e7\u00e3o da Altipisos na Bett Brasil 2022, as perspectivas de neg\u00f3cios e interesse pelo piso modular.","breadcrumb":{"@id":"https:\/\/canequin.com.br\/sites\/altipisos\/perspectivas-de-negocios-e-interesse-pelo-piso-modular-na-bett-brasil\/#breadcrumb"},"inLanguage":"pt-BR","potentialAction":[{"@type":"ReadAction","target":["https:\/\/canequin.com.br\/sites\/altipisos\/perspectivas-de-negocios-e-interesse-pelo-piso-modular-na-bett-brasil\/"]}]},{"@type":"ImageObject","inLanguage":"pt-BR","@id":"https:\/\/canequin.com.br\/sites\/altipisos\/perspectivas-de-negocios-e-interesse-pelo-piso-modular-na-bett-brasil\/#primaryimage","url":"https:\/\/canequin.com.br\/sites\/altipisos\/wp-content\/uploads\/2022\/06\/piso-modular-Bett-Brasil-02-1-1-1.jpeg","contentUrl":"https:\/\/canequin.com.br\/sites\/altipisos\/wp-content\/uploads\/2022\/06\/piso-modular-Bett-Brasil-02-1-1-1.jpeg","width":857,"height":643,"caption":"piso modular"},{"@type":"BreadcrumbList","@id":"https:\/\/canequin.com.br\/sites\/altipisos\/perspectivas-de-negocios-e-interesse-pelo-piso-modular-na-bett-brasil\/#breadcrumb","itemListElement":[{"@type":"ListItem","position":1,"name":"In\u00edcio","item":"https:\/\/canequin.com.br\/sites\/altipisos\/"},{"@type":"ListItem","position":2,"name":"Perspectivas de neg\u00f3cios e interesse pelo piso modular na Bett Brasil"}]},{"@type":"WebSite","@id":"https:\/\/canequin.com.br\/sites\/altipisos\/#website","url":"https:\/\/canequin.com.br\/sites\/altipisos\/","name":"Altipisos","description":"","potentialAction":[{"@type":"SearchAction","target":{"@type":"EntryPoint","urlTemplate":"https:\/\/canequin.com.br\/sites\/altipisos\/?s={search_term_string}"},"query-input":{"@type":"PropertyValueSpecification","valueRequired":true,"valueName":"search_term_string"}}],"inLanguage":"pt-BR"},{"@type":"Person","@id":"https:\/\/canequin.com.br\/sites\/altipisos\/#\/schema\/person\/53e4967078c19153e5c78f0833af3d11","name":"Altipisos","url":"https:\/\/canequin.com.br\/sites\/altipisos\/author\/altipisos\/"}]}},"lang":"pt","translations":{"pt":1867},"pll_sync_post":[],"_links":{"self":[{"href":"https:\/\/canequin.com.br\/sites\/altipisos\/wp-json\/wp\/v2\/posts\/1867","targetHints":{"allow":["GET"]}}],"collection":[{"href":"https:\/\/canequin.com.br\/sites\/altipisos\/wp-json\/wp\/v2\/posts"}],"about":[{"href":"https:\/\/canequin.com.br\/sites\/altipisos\/wp-json\/wp\/v2\/types\/post"}],"author":[{"embeddable":true,"href":"https:\/\/canequin.com.br\/sites\/altipisos\/wp-json\/wp\/v2\/users\/3"}],"replies":[{"embeddable":true,"href":"https:\/\/canequin.com.br\/sites\/altipisos\/wp-json\/wp\/v2\/comments?post=1867"}],"version-history":[{"count":0,"href":"https:\/\/canequin.com.br\/sites\/altipisos\/wp-json\/wp\/v2\/posts\/1867\/revisions"}],"wp:featuredmedia":[{"embeddable":true,"href":"https:\/\/canequin.com.br\/sites\/altipisos\/wp-json\/wp\/v2\/media\/1868"}],"wp:attachment":[{"href":"https:\/\/canequin.com.br\/sites\/altipisos\/wp-json\/wp\/v2\/media?parent=1867"}],"wp:term":[{"taxonomy":"category","embeddable":true,"href":"https:\/\/canequin.com.br\/sites\/altipisos\/wp-json\/wp\/v2\/categories?post=1867"},{"taxonomy":"post_tag","embeddable":true,"href":"https:\/\/canequin.com.br\/sites\/altipisos\/wp-json\/wp\/v2\/tags?post=1867"}],"curies":[{"name":"wp","href":"https:\/\/api.w.org\/{rel}","templated":true}]}}