{"id":1622,"date":"2022-02-24T16:42:46","date_gmt":"2022-02-24T19:42:46","guid":{"rendered":"https:\/\/altipisos.com.br\/?p=1622"},"modified":"2022-02-24T16:42:46","modified_gmt":"2022-02-24T19:42:46","slug":"acidentes-em-quadras-de-quem-e-a-culpa","status":"publish","type":"post","link":"https:\/\/canequin.com.br\/sites\/altipisos\/acidentes-em-quadras-de-quem-e-a-culpa\/","title":{"rendered":"Acidentes em quadras: de quem \u00e9 a culpa?"},"content":{"rendered":"\n<p>As <a href=\"https:\/\/canequin.com.br\/sites\/altipisos\/blog\/saiba-como-fazer-um-projeto-de-quadra-esportiva\/\">quadras esportivas<\/a> s\u00e3o sem d\u00favida uma das principais op\u00e7\u00f5es de lazer para muitos brasileiros. Seja nos clubes esportivos, nos condom\u00ednios ou at\u00e9 mesmo nas universidades, esses espa\u00e7os est\u00e3o sempre sujeitos a <strong>uso<\/strong> e <strong>exposi\u00e7\u00e3o constantes<\/strong> \u2014 o que pode acarretar em acidentes em quadras.<\/p>\n\n\n\n<p>Cada caso de acidentes em quadras apresentar\u00e1 suas particularidades, por vezes ser\u00e1 um erro honesto de um determinado esportista, por outras ser\u00e1 a falta de manuten\u00e7\u00e3o do piso da quadra ou demais <a href=\"https:\/\/canequin.com.br\/sites\/altipisos\/blog\/como-comprar-equipamentos-esportivos\/\">equipamentos<\/a> oriundos a ela. Mas a verdade \u00e9 que o elemento causador do acidente <strong>jamais ser\u00e1 identificado em um primeiro momento<\/strong>.<\/p>\n\n\n\n<p>Independente do grau de severidade do acidente, o atendimento de primeiros-socorros sempre deve ganhar prioridade, j\u00e1 que a preserva\u00e7\u00e3o da sa\u00fade dos usu\u00e1rios da quadra \u00e9 de suma import\u00e2ncia, e demais preju\u00edzos materiais podem ser recuperados posteriormente.&nbsp;<\/p>\n\n\n\n<p>O que n\u00e3o impede as pessoas envolvidas de buscarem um culpado logo ap\u00f3s o ocorrido. Mas afinal, como podemos identificar o fator causador dos acidentes em quadras?<\/p>\n\n\n\n<p>Para responder essa pergunta, n\u00f3s da <strong>Altipisos <\/strong>preparamos o texto de hoje, no qual nos debru\u00e7amos sobre as contradi\u00e7\u00f5es que podem surgir em decorr\u00eancia de acidentes em quadras, como identificar os fatores contribuintes para cada caso e quem deve arcar com a responsabilidade.<\/p>\n\n\n\n<p>Se interessou pelo tema? Ent\u00e3o acompanhe conosco!<\/p>\n\n\n\n<p>Boa leitura!<\/p>\n\n\n\n<div style=\"height:40px\" aria-hidden=\"true\" class=\"wp-block-spacer\"><\/div>\n\n\n\n<h2 class=\"wp-block-heading\"><strong>O que s\u00e3o considerados \u201cacidentes em quadras\u201d?<\/strong><\/h2>\n\n\n\n<p>Antes de mais nada, \u00e9 importante classificarmos exatamente o que estamos nos referindo quando falamos de acidentes em quadras.&nbsp;<\/p>\n\n\n\n<p>Ao falarmos desse tipo de ocorr\u00eancia, nos referimos a <a href=\"https:\/\/canequin.com.br\/sites\/altipisos\/blog\/evitar-acidentes-em-quadras\/\">acidentes<\/a> que envolvem um ou mais atletas que est\u00e3o fazendo uso da quadra de esportes, e acabam se envolvendo em um <strong>acidente que envolva algum elemento estrutural da quadra em si<\/strong>.<\/p>\n\n\n\n<p>Ou seja, falamos aqui de eventos em que a <strong>ambiguidade <\/strong>\u00e9 um elemento presente em cena, quando n\u00e3o temos certeza de <strong>quem deve ser responsabilizado pelo acidente<\/strong>. Pode ser o caso de responsabiliza\u00e7\u00e3o dos esportistas que utilizaram os equipamentos de maneira impr\u00f3pria, ou pode ser uma falha de instala\u00e7\u00e3o de <a href=\"https:\/\/canequin.com.br\/sites\/altipisos\/blog\/cuidados-com-o-piso-modular\/\">piso modular<\/a>, falha de equipamento, falta de manuten\u00e7\u00e3o, e por a\u00ed vai.<\/p>\n\n\n\n<div style=\"height:40px\" aria-hidden=\"true\" class=\"wp-block-spacer\"><\/div>\n\n\n\n<h2 class=\"wp-block-heading\"><strong>Acidentes em quadras: contendo a situa\u00e7\u00e3o<\/strong><\/h2>\n\n\n\n<p>Como mencionamos anteriormente, muitas pessoas, no calor do momento, tendem a entrar em estado de choque ou alerta e buscar incessantemente por um culpado pelo acidente ocorrido, sendo muitas vezes incapazes de <strong>analisar a situa\u00e7\u00e3o racionalmente<\/strong> \u2014 ao menos em primeiro momento.<\/p>\n\n\n\n<p>Para tanto, \u00e9 important\u00edssimo que pessoas terceiras intervenham, de forma a evitar <strong>trucul\u00eancias desnecess\u00e1rias<\/strong> e <strong>potencialmente perigosas<\/strong>.&nbsp;<\/p>\n\n\n\n<p>Pessoas que estejam praticando outros esportes nas proximidades podem ser chamadas, mas recomendamos dar prefer\u00eancia aos <strong>respons\u00e1veis pela seguran\u00e7a e integridade do local<\/strong> \u2014 geralmente s\u00edndicos e gerentes, dependendo do local.<\/p>\n\n\n\n<p>Com a situa\u00e7\u00e3o controlada, \u00e9 a hora de analisar a ocorr\u00eancia de forma hol\u00edstica e totalizante, buscando constatar o que permitiu que o acidente ocorresse e <strong>quem responder\u00e1 pelo ocorrido<\/strong>, seja em acordo estabelecido por ambas as partes ou, em \u00faltimo caso, judicialmente.<\/p>\n\n\n\n<div style=\"height:40px\" aria-hidden=\"true\" class=\"wp-block-spacer\"><\/div>\n\n\n\n<h2 class=\"wp-block-heading\"><strong>A import\u00e2ncia de uma an\u00e1lise totalizante<\/strong><\/h2>\n\n\n\n<p>De maneira geral, o primeiro aspecto a ser analisado \u00e9 se os esportistas estavam em plena <strong>conformidade com as normas de uso das quadras<\/strong>, fornecidas tanto por <a href=\"https:\/\/canequin.com.br\/sites\/altipisos\/blog\/condominio-com-area-de-lazer-completa\/\">condom\u00ednios <\/a>quanto clubes esportivos. Essa etapa \u00e9 amplamente <strong>baseada na coleta de testemunhos<\/strong>, que devem ser checados entre si para verificar a veracidade das informa\u00e7\u00f5es.<\/p>\n\n\n\n<p>Por exemplo, se um dos usu\u00e1rio da quadra de esportes pendura-se em um dos equipamentos \u2014 em uma trave de <a href=\"https:\/\/canequin.com.br\/sites\/altipisos\/blog\/quais-sao-os-tipos-de-drible-no-futsal\/\">futsal<\/a>, digamos \u2014 e subsequentemente essa pessoa cai junto com o equipamento, isto \u00e9 classificado como uso impr\u00f3prio e a administra\u00e7\u00e3o do espa\u00e7o <strong>n\u00e3o pode ser responsabilizada pelo ocorrido<\/strong>.<\/p>\n\n\n\n<p>Por outro lado, h\u00e1 a possibilidade dos acidentes em quadras de esportes serem causados por equipamentos e <strong>mau estado de conserva\u00e7\u00e3o<\/strong>, ou seja, quando os respons\u00e1veis pela manuten\u00e7\u00e3o do espa\u00e7o<strong> n\u00e3o o mant\u00eam em condi\u00e7\u00f5es ideais para uso<\/strong>.<\/p>\n\n\n\n<p>Por lei, todo o espa\u00e7o de lazer, desde quadras esportivas at\u00e9 <a href=\"https:\/\/canequin.com.br\/sites\/altipisos\/blog\/o-que-um-piso-para-playground-deve-ter\/\"><em>playgrounds<\/em><\/a> infantis, precisa ter sua manuten\u00e7\u00e3o em dia para ser considerado adequado para uso. Portanto, se um usu\u00e1rio de uma quadra se acidentar em decorr\u00eancia de um desn\u00edvel entre as placas do piso ou pela baixa ader\u00eancia de um piso gasto,<strong> a responsabilidade cai sobre os respons\u00e1veis pelo espa\u00e7o<\/strong>.<\/p>\n\n\n\n<div style=\"height:40px\" aria-hidden=\"true\" class=\"wp-block-spacer\"><\/div>\n\n\n\n<p>Entendeu um pouco melhor sobre o do tema? Quer saber mais sobre assuntos relacionados? Ent\u00e3o n\u00e3o deixe de conferir o <a href=\"https:\/\/canequin.com.br\/sites\/altipisos\/categoria\/blog\/\">blog<\/a> da <strong>Altpisos <\/strong>e seguir nossos perfis no <a href=\"https:\/\/www.facebook.com\/altipisos\">Facebook<\/a>, <a href=\"https:\/\/www.instagram.com\/altipisos\/\">Instagram<\/a> e <a href=\"https:\/\/www.linkedin.com\/company\/altipisos\/\">LinkedIn<\/a>!<\/p>\n","protected":false},"excerpt":{"rendered":"<p>As quadras esportivas s\u00e3o sem d\u00favida uma das principais op\u00e7\u00f5es de lazer para muitos brasileiros. Seja nos clubes esportivos, nos condom\u00ednios ou at\u00e9 mesmo nas universidades, esses espa\u00e7os est\u00e3o sempre sujeitos a uso e exposi\u00e7\u00e3o constantes \u2014 o que pode acarretar em acidentes em quadras. Cada caso de acidentes em quadras apresentar\u00e1 suas particularidades, por [&hellip;]<\/p>\n","protected":false},"author":3,"featured_media":1626,"comment_status":"open","ping_status":"open","sticky":false,"template":"","format":"standard","meta":{"footnotes":""},"categories":[7,11],"tags":[16,91],"class_list":["post-1622","post","type-post","status-publish","format-standard","has-post-thumbnail","hentry","category-todos","category-quadras-esportivas","tag-piso-modular","tag-quadra-esportiva"],"yoast_head":"<!-- This site is optimized with the Yoast SEO plugin v27.5 - https:\/\/yoast.com\/product\/yoast-seo-wordpress\/ -->\n<title>Acidentes em quadras: de quem \u00e9 a culpa? - Altipisos<\/title>\n<meta name=\"description\" content=\"Saber lidar com os acidentes em quadras e encontrar a causa n\u00e3o \u00e9 uma tarefa f\u00e1cil. Neste texto, te contamos como fazer essa an\u00e1lise.\" \/>\n<meta name=\"robots\" content=\"index, follow, max-snippet:-1, max-image-preview:large, max-video-preview:-1\" \/>\n<link rel=\"canonical\" href=\"https:\/\/canequin.com.br\/sites\/altipisos\/acidentes-em-quadras-de-quem-e-a-culpa\/\" \/>\n<meta property=\"og:locale\" content=\"pt_BR\" \/>\n<meta property=\"og:type\" content=\"article\" \/>\n<meta property=\"og:title\" content=\"Acidentes em quadras: de quem \u00e9 a culpa? - Altipisos\" \/>\n<meta property=\"og:description\" content=\"Saber lidar com os acidentes em quadras e encontrar a causa n\u00e3o \u00e9 uma tarefa f\u00e1cil. Neste texto, te contamos como fazer essa an\u00e1lise.\" \/>\n<meta property=\"og:url\" content=\"https:\/\/canequin.com.br\/sites\/altipisos\/acidentes-em-quadras-de-quem-e-a-culpa\/\" \/>\n<meta property=\"og:site_name\" content=\"Altipisos\" \/>\n<meta property=\"article:published_time\" content=\"2022-02-24T19:42:46+00:00\" \/>\n<meta property=\"og:image\" content=\"https:\/\/canequin.com.br\/sites\/altipisos\/wp-content\/uploads\/2022\/02\/20150224_100704-1-1-scaled-1.jpg\" \/>\n\t<meta property=\"og:image:width\" content=\"2560\" \/>\n\t<meta property=\"og:image:height\" content=\"1353\" \/>\n\t<meta property=\"og:image:type\" content=\"image\/jpeg\" \/>\n<meta name=\"author\" content=\"Altipisos\" \/>\n<meta name=\"twitter:card\" content=\"summary_large_image\" \/>\n<meta name=\"twitter:label1\" content=\"Escrito por\" \/>\n\t<meta name=\"twitter:data1\" content=\"Altipisos\" \/>\n\t<meta name=\"twitter:label2\" content=\"Est. tempo de leitura\" \/>\n\t<meta name=\"twitter:data2\" content=\"4 minutos\" \/>\n<script type=\"application\/ld+json\" class=\"yoast-schema-graph\">{\"@context\":\"https:\\\/\\\/schema.org\",\"@graph\":[{\"@type\":\"Article\",\"@id\":\"https:\\\/\\\/canequin.com.br\\\/sites\\\/altipisos\\\/acidentes-em-quadras-de-quem-e-a-culpa\\\/#article\",\"isPartOf\":{\"@id\":\"https:\\\/\\\/canequin.com.br\\\/sites\\\/altipisos\\\/acidentes-em-quadras-de-quem-e-a-culpa\\\/\"},\"author\":{\"name\":\"Altipisos\",\"@id\":\"https:\\\/\\\/canequin.com.br\\\/sites\\\/altipisos\\\/#\\\/schema\\\/person\\\/53e4967078c19153e5c78f0833af3d11\"},\"headline\":\"Acidentes em quadras: de quem \u00e9 a culpa?\",\"datePublished\":\"2022-02-24T19:42:46+00:00\",\"mainEntityOfPage\":{\"@id\":\"https:\\\/\\\/canequin.com.br\\\/sites\\\/altipisos\\\/acidentes-em-quadras-de-quem-e-a-culpa\\\/\"},\"wordCount\":780,\"commentCount\":0,\"image\":{\"@id\":\"https:\\\/\\\/canequin.com.br\\\/sites\\\/altipisos\\\/acidentes-em-quadras-de-quem-e-a-culpa\\\/#primaryimage\"},\"thumbnailUrl\":\"https:\\\/\\\/canequin.com.br\\\/sites\\\/altipisos\\\/wp-content\\\/uploads\\\/2022\\\/02\\\/20150224_100704-1-1-scaled-1.jpg\",\"keywords\":[\"piso modular\",\"quadra esportiva\"],\"articleSection\":[\"Blog\",\"Quadras Esportivas\"],\"inLanguage\":\"pt-BR\",\"potentialAction\":[{\"@type\":\"CommentAction\",\"name\":\"Comment\",\"target\":[\"https:\\\/\\\/canequin.com.br\\\/sites\\\/altipisos\\\/acidentes-em-quadras-de-quem-e-a-culpa\\\/#respond\"]}]},{\"@type\":\"WebPage\",\"@id\":\"https:\\\/\\\/canequin.com.br\\\/sites\\\/altipisos\\\/acidentes-em-quadras-de-quem-e-a-culpa\\\/\",\"url\":\"https:\\\/\\\/canequin.com.br\\\/sites\\\/altipisos\\\/acidentes-em-quadras-de-quem-e-a-culpa\\\/\",\"name\":\"Acidentes em quadras: de quem \u00e9 a culpa? - Altipisos\",\"isPartOf\":{\"@id\":\"https:\\\/\\\/canequin.com.br\\\/sites\\\/altipisos\\\/#website\"},\"primaryImageOfPage\":{\"@id\":\"https:\\\/\\\/canequin.com.br\\\/sites\\\/altipisos\\\/acidentes-em-quadras-de-quem-e-a-culpa\\\/#primaryimage\"},\"image\":{\"@id\":\"https:\\\/\\\/canequin.com.br\\\/sites\\\/altipisos\\\/acidentes-em-quadras-de-quem-e-a-culpa\\\/#primaryimage\"},\"thumbnailUrl\":\"https:\\\/\\\/canequin.com.br\\\/sites\\\/altipisos\\\/wp-content\\\/uploads\\\/2022\\\/02\\\/20150224_100704-1-1-scaled-1.jpg\",\"datePublished\":\"2022-02-24T19:42:46+00:00\",\"author\":{\"@id\":\"https:\\\/\\\/canequin.com.br\\\/sites\\\/altipisos\\\/#\\\/schema\\\/person\\\/53e4967078c19153e5c78f0833af3d11\"},\"description\":\"Saber lidar com os acidentes em quadras e encontrar a causa n\u00e3o \u00e9 uma tarefa f\u00e1cil. Neste texto, te contamos como fazer essa an\u00e1lise.\",\"breadcrumb\":{\"@id\":\"https:\\\/\\\/canequin.com.br\\\/sites\\\/altipisos\\\/acidentes-em-quadras-de-quem-e-a-culpa\\\/#breadcrumb\"},\"inLanguage\":\"pt-BR\",\"potentialAction\":[{\"@type\":\"ReadAction\",\"target\":[\"https:\\\/\\\/canequin.com.br\\\/sites\\\/altipisos\\\/acidentes-em-quadras-de-quem-e-a-culpa\\\/\"]}]},{\"@type\":\"ImageObject\",\"inLanguage\":\"pt-BR\",\"@id\":\"https:\\\/\\\/canequin.com.br\\\/sites\\\/altipisos\\\/acidentes-em-quadras-de-quem-e-a-culpa\\\/#primaryimage\",\"url\":\"https:\\\/\\\/canequin.com.br\\\/sites\\\/altipisos\\\/wp-content\\\/uploads\\\/2022\\\/02\\\/20150224_100704-1-1-scaled-1.jpg\",\"contentUrl\":\"https:\\\/\\\/canequin.com.br\\\/sites\\\/altipisos\\\/wp-content\\\/uploads\\\/2022\\\/02\\\/20150224_100704-1-1-scaled-1.jpg\",\"width\":2560,\"height\":1353,\"caption\":\"Acidentes em quadras: de quem \u00e9 a culpa?\"},{\"@type\":\"BreadcrumbList\",\"@id\":\"https:\\\/\\\/canequin.com.br\\\/sites\\\/altipisos\\\/acidentes-em-quadras-de-quem-e-a-culpa\\\/#breadcrumb\",\"itemListElement\":[{\"@type\":\"ListItem\",\"position\":1,\"name\":\"In\u00edcio\",\"item\":\"https:\\\/\\\/canequin.com.br\\\/sites\\\/altipisos\\\/\"},{\"@type\":\"ListItem\",\"position\":2,\"name\":\"Acidentes em quadras: de quem \u00e9 a culpa?\"}]},{\"@type\":\"WebSite\",\"@id\":\"https:\\\/\\\/canequin.com.br\\\/sites\\\/altipisos\\\/#website\",\"url\":\"https:\\\/\\\/canequin.com.br\\\/sites\\\/altipisos\\\/\",\"name\":\"Altipisos\",\"description\":\"\",\"potentialAction\":[{\"@type\":\"SearchAction\",\"target\":{\"@type\":\"EntryPoint\",\"urlTemplate\":\"https:\\\/\\\/canequin.com.br\\\/sites\\\/altipisos\\\/?s={search_term_string}\"},\"query-input\":{\"@type\":\"PropertyValueSpecification\",\"valueRequired\":true,\"valueName\":\"search_term_string\"}}],\"inLanguage\":\"pt-BR\"},{\"@type\":\"Person\",\"@id\":\"https:\\\/\\\/canequin.com.br\\\/sites\\\/altipisos\\\/#\\\/schema\\\/person\\\/53e4967078c19153e5c78f0833af3d11\",\"name\":\"Altipisos\",\"url\":\"https:\\\/\\\/canequin.com.br\\\/sites\\\/altipisos\\\/author\\\/altipisos\\\/\"}]}<\/script>\n<!-- \/ Yoast SEO plugin. -->","yoast_head_json":{"title":"Acidentes em quadras: de quem \u00e9 a culpa? - Altipisos","description":"Saber lidar com os acidentes em quadras e encontrar a causa n\u00e3o \u00e9 uma tarefa f\u00e1cil. Neste texto, te contamos como fazer essa an\u00e1lise.","robots":{"index":"index","follow":"follow","max-snippet":"max-snippet:-1","max-image-preview":"max-image-preview:large","max-video-preview":"max-video-preview:-1"},"canonical":"https:\/\/canequin.com.br\/sites\/altipisos\/acidentes-em-quadras-de-quem-e-a-culpa\/","og_locale":"pt_BR","og_type":"article","og_title":"Acidentes em quadras: de quem \u00e9 a culpa? - Altipisos","og_description":"Saber lidar com os acidentes em quadras e encontrar a causa n\u00e3o \u00e9 uma tarefa f\u00e1cil. Neste texto, te contamos como fazer essa an\u00e1lise.","og_url":"https:\/\/canequin.com.br\/sites\/altipisos\/acidentes-em-quadras-de-quem-e-a-culpa\/","og_site_name":"Altipisos","article_published_time":"2022-02-24T19:42:46+00:00","og_image":[{"width":2560,"height":1353,"url":"https:\/\/canequin.com.br\/sites\/altipisos\/wp-content\/uploads\/2022\/02\/20150224_100704-1-1-scaled-1.jpg","type":"image\/jpeg"}],"author":"Altipisos","twitter_card":"summary_large_image","twitter_misc":{"Escrito por":"Altipisos","Est. tempo de leitura":"4 minutos"},"schema":{"@context":"https:\/\/schema.org","@graph":[{"@type":"Article","@id":"https:\/\/canequin.com.br\/sites\/altipisos\/acidentes-em-quadras-de-quem-e-a-culpa\/#article","isPartOf":{"@id":"https:\/\/canequin.com.br\/sites\/altipisos\/acidentes-em-quadras-de-quem-e-a-culpa\/"},"author":{"name":"Altipisos","@id":"https:\/\/canequin.com.br\/sites\/altipisos\/#\/schema\/person\/53e4967078c19153e5c78f0833af3d11"},"headline":"Acidentes em quadras: de quem \u00e9 a culpa?","datePublished":"2022-02-24T19:42:46+00:00","mainEntityOfPage":{"@id":"https:\/\/canequin.com.br\/sites\/altipisos\/acidentes-em-quadras-de-quem-e-a-culpa\/"},"wordCount":780,"commentCount":0,"image":{"@id":"https:\/\/canequin.com.br\/sites\/altipisos\/acidentes-em-quadras-de-quem-e-a-culpa\/#primaryimage"},"thumbnailUrl":"https:\/\/canequin.com.br\/sites\/altipisos\/wp-content\/uploads\/2022\/02\/20150224_100704-1-1-scaled-1.jpg","keywords":["piso modular","quadra esportiva"],"articleSection":["Blog","Quadras Esportivas"],"inLanguage":"pt-BR","potentialAction":[{"@type":"CommentAction","name":"Comment","target":["https:\/\/canequin.com.br\/sites\/altipisos\/acidentes-em-quadras-de-quem-e-a-culpa\/#respond"]}]},{"@type":"WebPage","@id":"https:\/\/canequin.com.br\/sites\/altipisos\/acidentes-em-quadras-de-quem-e-a-culpa\/","url":"https:\/\/canequin.com.br\/sites\/altipisos\/acidentes-em-quadras-de-quem-e-a-culpa\/","name":"Acidentes em quadras: de quem \u00e9 a culpa? - Altipisos","isPartOf":{"@id":"https:\/\/canequin.com.br\/sites\/altipisos\/#website"},"primaryImageOfPage":{"@id":"https:\/\/canequin.com.br\/sites\/altipisos\/acidentes-em-quadras-de-quem-e-a-culpa\/#primaryimage"},"image":{"@id":"https:\/\/canequin.com.br\/sites\/altipisos\/acidentes-em-quadras-de-quem-e-a-culpa\/#primaryimage"},"thumbnailUrl":"https:\/\/canequin.com.br\/sites\/altipisos\/wp-content\/uploads\/2022\/02\/20150224_100704-1-1-scaled-1.jpg","datePublished":"2022-02-24T19:42:46+00:00","author":{"@id":"https:\/\/canequin.com.br\/sites\/altipisos\/#\/schema\/person\/53e4967078c19153e5c78f0833af3d11"},"description":"Saber lidar com os acidentes em quadras e encontrar a causa n\u00e3o \u00e9 uma tarefa f\u00e1cil. Neste texto, te contamos como fazer essa an\u00e1lise.","breadcrumb":{"@id":"https:\/\/canequin.com.br\/sites\/altipisos\/acidentes-em-quadras-de-quem-e-a-culpa\/#breadcrumb"},"inLanguage":"pt-BR","potentialAction":[{"@type":"ReadAction","target":["https:\/\/canequin.com.br\/sites\/altipisos\/acidentes-em-quadras-de-quem-e-a-culpa\/"]}]},{"@type":"ImageObject","inLanguage":"pt-BR","@id":"https:\/\/canequin.com.br\/sites\/altipisos\/acidentes-em-quadras-de-quem-e-a-culpa\/#primaryimage","url":"https:\/\/canequin.com.br\/sites\/altipisos\/wp-content\/uploads\/2022\/02\/20150224_100704-1-1-scaled-1.jpg","contentUrl":"https:\/\/canequin.com.br\/sites\/altipisos\/wp-content\/uploads\/2022\/02\/20150224_100704-1-1-scaled-1.jpg","width":2560,"height":1353,"caption":"Acidentes em quadras: de quem \u00e9 a culpa?"},{"@type":"BreadcrumbList","@id":"https:\/\/canequin.com.br\/sites\/altipisos\/acidentes-em-quadras-de-quem-e-a-culpa\/#breadcrumb","itemListElement":[{"@type":"ListItem","position":1,"name":"In\u00edcio","item":"https:\/\/canequin.com.br\/sites\/altipisos\/"},{"@type":"ListItem","position":2,"name":"Acidentes em quadras: de quem \u00e9 a culpa?"}]},{"@type":"WebSite","@id":"https:\/\/canequin.com.br\/sites\/altipisos\/#website","url":"https:\/\/canequin.com.br\/sites\/altipisos\/","name":"Altipisos","description":"","potentialAction":[{"@type":"SearchAction","target":{"@type":"EntryPoint","urlTemplate":"https:\/\/canequin.com.br\/sites\/altipisos\/?s={search_term_string}"},"query-input":{"@type":"PropertyValueSpecification","valueRequired":true,"valueName":"search_term_string"}}],"inLanguage":"pt-BR"},{"@type":"Person","@id":"https:\/\/canequin.com.br\/sites\/altipisos\/#\/schema\/person\/53e4967078c19153e5c78f0833af3d11","name":"Altipisos","url":"https:\/\/canequin.com.br\/sites\/altipisos\/author\/altipisos\/"}]}},"lang":"pt","translations":{"pt":1622},"pll_sync_post":[],"_links":{"self":[{"href":"https:\/\/canequin.com.br\/sites\/altipisos\/wp-json\/wp\/v2\/posts\/1622","targetHints":{"allow":["GET"]}}],"collection":[{"href":"https:\/\/canequin.com.br\/sites\/altipisos\/wp-json\/wp\/v2\/posts"}],"about":[{"href":"https:\/\/canequin.com.br\/sites\/altipisos\/wp-json\/wp\/v2\/types\/post"}],"author":[{"embeddable":true,"href":"https:\/\/canequin.com.br\/sites\/altipisos\/wp-json\/wp\/v2\/users\/3"}],"replies":[{"embeddable":true,"href":"https:\/\/canequin.com.br\/sites\/altipisos\/wp-json\/wp\/v2\/comments?post=1622"}],"version-history":[{"count":0,"href":"https:\/\/canequin.com.br\/sites\/altipisos\/wp-json\/wp\/v2\/posts\/1622\/revisions"}],"wp:featuredmedia":[{"embeddable":true,"href":"https:\/\/canequin.com.br\/sites\/altipisos\/wp-json\/wp\/v2\/media\/1626"}],"wp:attachment":[{"href":"https:\/\/canequin.com.br\/sites\/altipisos\/wp-json\/wp\/v2\/media?parent=1622"}],"wp:term":[{"taxonomy":"category","embeddable":true,"href":"https:\/\/canequin.com.br\/sites\/altipisos\/wp-json\/wp\/v2\/categories?post=1622"},{"taxonomy":"post_tag","embeddable":true,"href":"https:\/\/canequin.com.br\/sites\/altipisos\/wp-json\/wp\/v2\/tags?post=1622"}],"curies":[{"name":"wp","href":"https:\/\/api.w.org\/{rel}","templated":true}]}}