{"id":1577,"date":"2021-12-17T11:23:56","date_gmt":"2021-12-17T14:23:56","guid":{"rendered":"https:\/\/www.altipisos.com.br\/?p=1577"},"modified":"2021-12-17T11:23:56","modified_gmt":"2021-12-17T14:23:56","slug":"ferias-escolares-aproveite-para-reformar-a-quadra","status":"publish","type":"post","link":"https:\/\/canequin.com.br\/sites\/altipisos\/ferias-escolares-aproveite-para-reformar-a-quadra\/","title":{"rendered":"F\u00e9rias escolares: aproveite para reformar a quadra"},"content":{"rendered":"\n<p>O final do ano \u00e9 o per\u00edodo ideal para o planejamento. Com o in\u00edcio de um novo ano, n\u00e3o h\u00e1 nada melhor do que come\u00e7ar com o p\u00e9 direito. E com isso, as f\u00e9rias escolares se tornam o melhor per\u00edodo n\u00e3o somente para os alunos, mas tamb\u00e9m para as escolas, que podem planejar suas mudan\u00e7as para come\u00e7ar o ano letivo da melhor maneira poss\u00edvel.<\/p>\n\n\n\n<p>Neste texto, a Altipisos vai te mostrar porque aproveitar as f\u00e9rias escolares para fazer todas as reformas necess\u00e1rias na sua escola, especialmente a da quadra esportiva. J\u00e1 imaginou os alunos chegando no pr\u00f3ximo com uma quadra novinha em folha? Saiba como aproveitar este momento para renovar a quadra esportiva da sua escola. Boa leitura!<\/p>\n\n\n\n<p><\/p>\n\n\n\n<h2 class=\"wp-block-heading\">F\u00e9rias escolares e o planejamento do ano letivo<\/h2>\n\n\n\n<p><\/p>\n\n\n\n<p>As f\u00e9rias escolares s\u00e3o sim um per\u00edodo para descansar, viajar e passar um tempo com a fam\u00edlia e amigos. Mas, para os gestores das escolas, tamb\u00e9m significam um per\u00edodo de muito trabalho e planejamento. Para iniciar o ano letivo com tudo pronto, esse \u00e9 o momento ideal para tra\u00e7ar tudo que precisa ser feito.<\/p>\n\n\n\n<p>\u00c9 sim poss\u00edvel realizar obras durante o ano letivo, por\u00e9m, isto tem seu lado negativo. O barulho e entulhos, al\u00e9m da movimenta\u00e7\u00e3o de outras pessoas na escola podem distrair os alunos. Por isso, o momento ideal para realizar qualquer tipo de obra \u00e9 durante as f\u00e9rias.<\/p>\n\n\n\n<p>Este trabalho se inicia antes mesmo das f\u00e9rias escolares come\u00e7arem. Ainda durante as aulas, \u00e9 necess\u00e1rio realizar um diagn\u00f3stico do que precisa ser consertado e montar um cronograma.<\/p>\n\n\n\n<p>Montar um cronograma de obras e manuten\u00e7\u00e3o \u00e9 essencial para garantir que tudo esteja pronto antes do retorno das aulas.&nbsp;<\/p>\n\n\n\n<p><\/p>\n\n\n\n<h2 class=\"wp-block-heading\">Reformando a quadra<\/h2>\n\n\n\n<p><\/p>\n\n\n\n<p>A <a href=\"https:\/\/www.altipisos.com.br\/blog\/quadra-poliesportiva-em-escolas\/\" target=\"_blank\" rel=\"noreferrer noopener\">quadra esportiva<\/a>, por exemplo, \u00e9 um dos locais mais utilizados pelos alunos, seja durante as aulas de educa\u00e7\u00e3o f\u00edsica ou na hora do recreio. Portanto, reform\u00e1-la nas f\u00e9rias \u00e9 o ideal, evitando a sua interdi\u00e7\u00e3o.<\/p>\n\n\n\n<p>Reformar uma quadra vai muito al\u00e9m de manter a sua est\u00e9tica. Uma quadra que precisa de uma reforma \u00e9 aquela que apresenta riscos \u00e0 <a href=\"https:\/\/www.altipisos.com.br\/blog\/seguranca-na-recreacao-infantil\/\" target=\"_blank\" rel=\"noreferrer noopener\">seguran\u00e7a dos alunos<\/a>. Voc\u00ea, como gestor escolar, precisa estar sempre atento ao estado de conserva\u00e7\u00e3o da quadra, especialmente se ela \u00e9 <a href=\"https:\/\/www.altipisos.com.br\/blog\/piso-para-quadra-externa\/\" target=\"_blank\" rel=\"noreferrer noopener\">externa<\/a> \u2014 j\u00e1 que elas costumam deteriorar mais r\u00e1pido do que as internas, em \u00e1reas cobertas.&nbsp;<\/p>\n\n\n\n<p>Se a quadra da sua escola possui buracos ou rachaduras que atrapalham o seu uso, est\u00e1 na hora de trocar o seu revestimento. O piso \u00e9 a principal parte de uma quadra, ou seja, se ele est\u00e1 danificado, \u00e9 imposs\u00edvel utiliz\u00e1-la. Apesar disto, ainda sim \u00e9 importante ficar atento a outros elementos que comp\u00f5em uma quadra, como as traves e tabelas.&nbsp;<\/p>\n\n\n\n<p><\/p>\n\n\n\n<h2 class=\"wp-block-heading\">Como planejar a reforma da quadra nas f\u00e9rias escolares?<\/h2>\n\n\n\n<p><\/p>\n\n\n\n<p>Ao longo deste texto voc\u00ea j\u00e1 percebeu que \u00e9 importante aproveitar as f\u00e9rias para colocar em pr\u00e1tica o planejamento feito para o pr\u00f3ximo ano. E como j\u00e1 foi dito, esse planejamento come\u00e7a antes mesmo das f\u00e9rias. Ao longo do ano problemas surgem, e com a volta das aulas presenciais, muitas escolas foram pegas desprevenidas.<\/p>\n\n\n\n<p>Aproveite este momento para entrar em contato com as empresas necess\u00e1rias \u2014 tanto para a reforma da quadra quanto para outras mudan\u00e7as e manuten\u00e7\u00f5es. Al\u00e9m de criar um cronograma com os prazos, para evitar que a obra se estenda at\u00e9 a volta \u00e0s aulas.<\/p>\n\n\n\n<p><\/p>\n\n\n\n<p>E a\u00ed, viu que precisa reformar a quadra da escola? Se sim, saiba que com o piso modular da Altipisos fica muito mais f\u00e1cil ter uma quadra nova. Somente com um piso nivelado a sua escola, em at\u00e9 48 horas, ter\u00e1 uma quadra pronta para o uso, sem barulho, demora ou sujeira de obra. N\u00e3o deixe para \u00faltima hora, <a href=\"https:\/\/www.altipisos.com.br\/contato\/\" target=\"_blank\" rel=\"noreferrer noopener\">entre em contato <\/a>conosco hoje mesmo!<\/p>\n","protected":false},"excerpt":{"rendered":"<p>O final do ano \u00e9 o per\u00edodo ideal para o planejamento. Com o in\u00edcio de um novo ano, n\u00e3o h\u00e1 nada melhor do que come\u00e7ar com o p\u00e9 direito. E com isso, as f\u00e9rias escolares se tornam o melhor per\u00edodo n\u00e3o somente para os alunos, mas tamb\u00e9m para as escolas, que podem planejar suas mudan\u00e7as [&hellip;]<\/p>\n","protected":false},"author":3,"featured_media":1581,"comment_status":"open","ping_status":"open","sticky":false,"template":"","format":"standard","meta":{"footnotes":""},"categories":[7,12],"tags":[223,224,151,203],"class_list":["post-1577","post","type-post","status-publish","format-standard","has-post-thumbnail","hentry","category-todos","category-reformas","tag-ferias-escolares","tag-gestores-escolares","tag-quadra-escolar","tag-reforma-da-quadra"],"yoast_head":"<!-- This site is optimized with the Yoast SEO plugin v27.5 - https:\/\/yoast.com\/product\/yoast-seo-wordpress\/ -->\n<title>F\u00e9rias escolares: aproveite para reformar a quadra - Altipisos<\/title>\n<meta name=\"description\" content=\"As f\u00e9rias escolares s\u00e3o o momento perfeito para planejar o pr\u00f3ximo ano letivo. Confira no texto dicas de como planejar a reforma da quadra!\" \/>\n<meta name=\"robots\" content=\"index, follow, max-snippet:-1, max-image-preview:large, max-video-preview:-1\" \/>\n<link rel=\"canonical\" href=\"https:\/\/canequin.com.br\/sites\/altipisos\/ferias-escolares-aproveite-para-reformar-a-quadra\/\" \/>\n<meta property=\"og:locale\" content=\"pt_BR\" \/>\n<meta property=\"og:type\" content=\"article\" \/>\n<meta property=\"og:title\" content=\"F\u00e9rias escolares: aproveite para reformar a quadra - Altipisos\" \/>\n<meta property=\"og:description\" content=\"As f\u00e9rias escolares s\u00e3o o momento perfeito para planejar o pr\u00f3ximo ano letivo. Confira no texto dicas de como planejar a reforma da quadra!\" \/>\n<meta property=\"og:url\" content=\"https:\/\/canequin.com.br\/sites\/altipisos\/ferias-escolares-aproveite-para-reformar-a-quadra\/\" \/>\n<meta property=\"og:site_name\" content=\"Altipisos\" \/>\n<meta property=\"article:published_time\" content=\"2021-12-17T14:23:56+00:00\" \/>\n<meta property=\"og:image\" content=\"https:\/\/canequin.com.br\/sites\/altipisos\/wp-content\/uploads\/2021\/12\/ferias-escolares-1.jpg\" \/>\n\t<meta property=\"og:image:width\" content=\"1754\" \/>\n\t<meta property=\"og:image:height\" content=\"1083\" \/>\n\t<meta property=\"og:image:type\" content=\"image\/jpeg\" \/>\n<meta name=\"author\" content=\"Altipisos\" \/>\n<meta name=\"twitter:card\" content=\"summary_large_image\" \/>\n<meta name=\"twitter:label1\" content=\"Escrito por\" \/>\n\t<meta name=\"twitter:data1\" content=\"Altipisos\" \/>\n\t<meta name=\"twitter:label2\" content=\"Est. tempo de leitura\" \/>\n\t<meta name=\"twitter:data2\" content=\"3 minutos\" \/>\n<script type=\"application\/ld+json\" class=\"yoast-schema-graph\">{\"@context\":\"https:\\\/\\\/schema.org\",\"@graph\":[{\"@type\":\"Article\",\"@id\":\"https:\\\/\\\/canequin.com.br\\\/sites\\\/altipisos\\\/ferias-escolares-aproveite-para-reformar-a-quadra\\\/#article\",\"isPartOf\":{\"@id\":\"https:\\\/\\\/canequin.com.br\\\/sites\\\/altipisos\\\/ferias-escolares-aproveite-para-reformar-a-quadra\\\/\"},\"author\":{\"name\":\"Altipisos\",\"@id\":\"https:\\\/\\\/canequin.com.br\\\/sites\\\/altipisos\\\/#\\\/schema\\\/person\\\/53e4967078c19153e5c78f0833af3d11\"},\"headline\":\"F\u00e9rias escolares: aproveite para reformar a quadra\",\"datePublished\":\"2021-12-17T14:23:56+00:00\",\"mainEntityOfPage\":{\"@id\":\"https:\\\/\\\/canequin.com.br\\\/sites\\\/altipisos\\\/ferias-escolares-aproveite-para-reformar-a-quadra\\\/\"},\"wordCount\":657,\"commentCount\":0,\"image\":{\"@id\":\"https:\\\/\\\/canequin.com.br\\\/sites\\\/altipisos\\\/ferias-escolares-aproveite-para-reformar-a-quadra\\\/#primaryimage\"},\"thumbnailUrl\":\"https:\\\/\\\/canequin.com.br\\\/sites\\\/altipisos\\\/wp-content\\\/uploads\\\/2021\\\/12\\\/ferias-escolares-1.jpg\",\"keywords\":[\"f\u00e9rias escolares\",\"gestores escolares\",\"quadra escolar\",\"reforma da quadra\"],\"articleSection\":[\"Blog\",\"Reformas\"],\"inLanguage\":\"pt-BR\",\"potentialAction\":[{\"@type\":\"CommentAction\",\"name\":\"Comment\",\"target\":[\"https:\\\/\\\/canequin.com.br\\\/sites\\\/altipisos\\\/ferias-escolares-aproveite-para-reformar-a-quadra\\\/#respond\"]}]},{\"@type\":\"WebPage\",\"@id\":\"https:\\\/\\\/canequin.com.br\\\/sites\\\/altipisos\\\/ferias-escolares-aproveite-para-reformar-a-quadra\\\/\",\"url\":\"https:\\\/\\\/canequin.com.br\\\/sites\\\/altipisos\\\/ferias-escolares-aproveite-para-reformar-a-quadra\\\/\",\"name\":\"F\u00e9rias escolares: aproveite para reformar a quadra - Altipisos\",\"isPartOf\":{\"@id\":\"https:\\\/\\\/canequin.com.br\\\/sites\\\/altipisos\\\/#website\"},\"primaryImageOfPage\":{\"@id\":\"https:\\\/\\\/canequin.com.br\\\/sites\\\/altipisos\\\/ferias-escolares-aproveite-para-reformar-a-quadra\\\/#primaryimage\"},\"image\":{\"@id\":\"https:\\\/\\\/canequin.com.br\\\/sites\\\/altipisos\\\/ferias-escolares-aproveite-para-reformar-a-quadra\\\/#primaryimage\"},\"thumbnailUrl\":\"https:\\\/\\\/canequin.com.br\\\/sites\\\/altipisos\\\/wp-content\\\/uploads\\\/2021\\\/12\\\/ferias-escolares-1.jpg\",\"datePublished\":\"2021-12-17T14:23:56+00:00\",\"author\":{\"@id\":\"https:\\\/\\\/canequin.com.br\\\/sites\\\/altipisos\\\/#\\\/schema\\\/person\\\/53e4967078c19153e5c78f0833af3d11\"},\"description\":\"As f\u00e9rias escolares s\u00e3o o momento perfeito para planejar o pr\u00f3ximo ano letivo. Confira no texto dicas de como planejar a reforma da quadra!\",\"breadcrumb\":{\"@id\":\"https:\\\/\\\/canequin.com.br\\\/sites\\\/altipisos\\\/ferias-escolares-aproveite-para-reformar-a-quadra\\\/#breadcrumb\"},\"inLanguage\":\"pt-BR\",\"potentialAction\":[{\"@type\":\"ReadAction\",\"target\":[\"https:\\\/\\\/canequin.com.br\\\/sites\\\/altipisos\\\/ferias-escolares-aproveite-para-reformar-a-quadra\\\/\"]}]},{\"@type\":\"ImageObject\",\"inLanguage\":\"pt-BR\",\"@id\":\"https:\\\/\\\/canequin.com.br\\\/sites\\\/altipisos\\\/ferias-escolares-aproveite-para-reformar-a-quadra\\\/#primaryimage\",\"url\":\"https:\\\/\\\/canequin.com.br\\\/sites\\\/altipisos\\\/wp-content\\\/uploads\\\/2021\\\/12\\\/ferias-escolares-1.jpg\",\"contentUrl\":\"https:\\\/\\\/canequin.com.br\\\/sites\\\/altipisos\\\/wp-content\\\/uploads\\\/2021\\\/12\\\/ferias-escolares-1.jpg\",\"width\":1754,\"height\":1083,\"caption\":\"f\u00e9rias escolares\"},{\"@type\":\"BreadcrumbList\",\"@id\":\"https:\\\/\\\/canequin.com.br\\\/sites\\\/altipisos\\\/ferias-escolares-aproveite-para-reformar-a-quadra\\\/#breadcrumb\",\"itemListElement\":[{\"@type\":\"ListItem\",\"position\":1,\"name\":\"In\u00edcio\",\"item\":\"https:\\\/\\\/canequin.com.br\\\/sites\\\/altipisos\\\/\"},{\"@type\":\"ListItem\",\"position\":2,\"name\":\"F\u00e9rias escolares: aproveite para reformar a quadra\"}]},{\"@type\":\"WebSite\",\"@id\":\"https:\\\/\\\/canequin.com.br\\\/sites\\\/altipisos\\\/#website\",\"url\":\"https:\\\/\\\/canequin.com.br\\\/sites\\\/altipisos\\\/\",\"name\":\"Altipisos\",\"description\":\"\",\"potentialAction\":[{\"@type\":\"SearchAction\",\"target\":{\"@type\":\"EntryPoint\",\"urlTemplate\":\"https:\\\/\\\/canequin.com.br\\\/sites\\\/altipisos\\\/?s={search_term_string}\"},\"query-input\":{\"@type\":\"PropertyValueSpecification\",\"valueRequired\":true,\"valueName\":\"search_term_string\"}}],\"inLanguage\":\"pt-BR\"},{\"@type\":\"Person\",\"@id\":\"https:\\\/\\\/canequin.com.br\\\/sites\\\/altipisos\\\/#\\\/schema\\\/person\\\/53e4967078c19153e5c78f0833af3d11\",\"name\":\"Altipisos\",\"url\":\"https:\\\/\\\/canequin.com.br\\\/sites\\\/altipisos\\\/author\\\/altipisos\\\/\"}]}<\/script>\n<!-- \/ Yoast SEO plugin. -->","yoast_head_json":{"title":"F\u00e9rias escolares: aproveite para reformar a quadra - Altipisos","description":"As f\u00e9rias escolares s\u00e3o o momento perfeito para planejar o pr\u00f3ximo ano letivo. Confira no texto dicas de como planejar a reforma da quadra!","robots":{"index":"index","follow":"follow","max-snippet":"max-snippet:-1","max-image-preview":"max-image-preview:large","max-video-preview":"max-video-preview:-1"},"canonical":"https:\/\/canequin.com.br\/sites\/altipisos\/ferias-escolares-aproveite-para-reformar-a-quadra\/","og_locale":"pt_BR","og_type":"article","og_title":"F\u00e9rias escolares: aproveite para reformar a quadra - Altipisos","og_description":"As f\u00e9rias escolares s\u00e3o o momento perfeito para planejar o pr\u00f3ximo ano letivo. Confira no texto dicas de como planejar a reforma da quadra!","og_url":"https:\/\/canequin.com.br\/sites\/altipisos\/ferias-escolares-aproveite-para-reformar-a-quadra\/","og_site_name":"Altipisos","article_published_time":"2021-12-17T14:23:56+00:00","og_image":[{"width":1754,"height":1083,"url":"https:\/\/canequin.com.br\/sites\/altipisos\/wp-content\/uploads\/2021\/12\/ferias-escolares-1.jpg","type":"image\/jpeg"}],"author":"Altipisos","twitter_card":"summary_large_image","twitter_misc":{"Escrito por":"Altipisos","Est. tempo de leitura":"3 minutos"},"schema":{"@context":"https:\/\/schema.org","@graph":[{"@type":"Article","@id":"https:\/\/canequin.com.br\/sites\/altipisos\/ferias-escolares-aproveite-para-reformar-a-quadra\/#article","isPartOf":{"@id":"https:\/\/canequin.com.br\/sites\/altipisos\/ferias-escolares-aproveite-para-reformar-a-quadra\/"},"author":{"name":"Altipisos","@id":"https:\/\/canequin.com.br\/sites\/altipisos\/#\/schema\/person\/53e4967078c19153e5c78f0833af3d11"},"headline":"F\u00e9rias escolares: aproveite para reformar a quadra","datePublished":"2021-12-17T14:23:56+00:00","mainEntityOfPage":{"@id":"https:\/\/canequin.com.br\/sites\/altipisos\/ferias-escolares-aproveite-para-reformar-a-quadra\/"},"wordCount":657,"commentCount":0,"image":{"@id":"https:\/\/canequin.com.br\/sites\/altipisos\/ferias-escolares-aproveite-para-reformar-a-quadra\/#primaryimage"},"thumbnailUrl":"https:\/\/canequin.com.br\/sites\/altipisos\/wp-content\/uploads\/2021\/12\/ferias-escolares-1.jpg","keywords":["f\u00e9rias escolares","gestores escolares","quadra escolar","reforma da quadra"],"articleSection":["Blog","Reformas"],"inLanguage":"pt-BR","potentialAction":[{"@type":"CommentAction","name":"Comment","target":["https:\/\/canequin.com.br\/sites\/altipisos\/ferias-escolares-aproveite-para-reformar-a-quadra\/#respond"]}]},{"@type":"WebPage","@id":"https:\/\/canequin.com.br\/sites\/altipisos\/ferias-escolares-aproveite-para-reformar-a-quadra\/","url":"https:\/\/canequin.com.br\/sites\/altipisos\/ferias-escolares-aproveite-para-reformar-a-quadra\/","name":"F\u00e9rias escolares: aproveite para reformar a quadra - Altipisos","isPartOf":{"@id":"https:\/\/canequin.com.br\/sites\/altipisos\/#website"},"primaryImageOfPage":{"@id":"https:\/\/canequin.com.br\/sites\/altipisos\/ferias-escolares-aproveite-para-reformar-a-quadra\/#primaryimage"},"image":{"@id":"https:\/\/canequin.com.br\/sites\/altipisos\/ferias-escolares-aproveite-para-reformar-a-quadra\/#primaryimage"},"thumbnailUrl":"https:\/\/canequin.com.br\/sites\/altipisos\/wp-content\/uploads\/2021\/12\/ferias-escolares-1.jpg","datePublished":"2021-12-17T14:23:56+00:00","author":{"@id":"https:\/\/canequin.com.br\/sites\/altipisos\/#\/schema\/person\/53e4967078c19153e5c78f0833af3d11"},"description":"As f\u00e9rias escolares s\u00e3o o momento perfeito para planejar o pr\u00f3ximo ano letivo. Confira no texto dicas de como planejar a reforma da quadra!","breadcrumb":{"@id":"https:\/\/canequin.com.br\/sites\/altipisos\/ferias-escolares-aproveite-para-reformar-a-quadra\/#breadcrumb"},"inLanguage":"pt-BR","potentialAction":[{"@type":"ReadAction","target":["https:\/\/canequin.com.br\/sites\/altipisos\/ferias-escolares-aproveite-para-reformar-a-quadra\/"]}]},{"@type":"ImageObject","inLanguage":"pt-BR","@id":"https:\/\/canequin.com.br\/sites\/altipisos\/ferias-escolares-aproveite-para-reformar-a-quadra\/#primaryimage","url":"https:\/\/canequin.com.br\/sites\/altipisos\/wp-content\/uploads\/2021\/12\/ferias-escolares-1.jpg","contentUrl":"https:\/\/canequin.com.br\/sites\/altipisos\/wp-content\/uploads\/2021\/12\/ferias-escolares-1.jpg","width":1754,"height":1083,"caption":"f\u00e9rias escolares"},{"@type":"BreadcrumbList","@id":"https:\/\/canequin.com.br\/sites\/altipisos\/ferias-escolares-aproveite-para-reformar-a-quadra\/#breadcrumb","itemListElement":[{"@type":"ListItem","position":1,"name":"In\u00edcio","item":"https:\/\/canequin.com.br\/sites\/altipisos\/"},{"@type":"ListItem","position":2,"name":"F\u00e9rias escolares: aproveite para reformar a quadra"}]},{"@type":"WebSite","@id":"https:\/\/canequin.com.br\/sites\/altipisos\/#website","url":"https:\/\/canequin.com.br\/sites\/altipisos\/","name":"Altipisos","description":"","potentialAction":[{"@type":"SearchAction","target":{"@type":"EntryPoint","urlTemplate":"https:\/\/canequin.com.br\/sites\/altipisos\/?s={search_term_string}"},"query-input":{"@type":"PropertyValueSpecification","valueRequired":true,"valueName":"search_term_string"}}],"inLanguage":"pt-BR"},{"@type":"Person","@id":"https:\/\/canequin.com.br\/sites\/altipisos\/#\/schema\/person\/53e4967078c19153e5c78f0833af3d11","name":"Altipisos","url":"https:\/\/canequin.com.br\/sites\/altipisos\/author\/altipisos\/"}]}},"lang":"pt","translations":{"pt":1577},"pll_sync_post":[],"_links":{"self":[{"href":"https:\/\/canequin.com.br\/sites\/altipisos\/wp-json\/wp\/v2\/posts\/1577","targetHints":{"allow":["GET"]}}],"collection":[{"href":"https:\/\/canequin.com.br\/sites\/altipisos\/wp-json\/wp\/v2\/posts"}],"about":[{"href":"https:\/\/canequin.com.br\/sites\/altipisos\/wp-json\/wp\/v2\/types\/post"}],"author":[{"embeddable":true,"href":"https:\/\/canequin.com.br\/sites\/altipisos\/wp-json\/wp\/v2\/users\/3"}],"replies":[{"embeddable":true,"href":"https:\/\/canequin.com.br\/sites\/altipisos\/wp-json\/wp\/v2\/comments?post=1577"}],"version-history":[{"count":0,"href":"https:\/\/canequin.com.br\/sites\/altipisos\/wp-json\/wp\/v2\/posts\/1577\/revisions"}],"wp:featuredmedia":[{"embeddable":true,"href":"https:\/\/canequin.com.br\/sites\/altipisos\/wp-json\/wp\/v2\/media\/1581"}],"wp:attachment":[{"href":"https:\/\/canequin.com.br\/sites\/altipisos\/wp-json\/wp\/v2\/media?parent=1577"}],"wp:term":[{"taxonomy":"category","embeddable":true,"href":"https:\/\/canequin.com.br\/sites\/altipisos\/wp-json\/wp\/v2\/categories?post=1577"},{"taxonomy":"post_tag","embeddable":true,"href":"https:\/\/canequin.com.br\/sites\/altipisos\/wp-json\/wp\/v2\/tags?post=1577"}],"curies":[{"name":"wp","href":"https:\/\/api.w.org\/{rel}","templated":true}]}}