{"id":1560,"date":"2021-12-01T13:56:55","date_gmt":"2021-12-01T16:56:55","guid":{"rendered":"https:\/\/www.altipisos.com.br\/?p=1560"},"modified":"2021-12-01T13:56:55","modified_gmt":"2021-12-01T16:56:55","slug":"reforma-da-quadra-a-sua-escola-esta-preparada","status":"publish","type":"post","link":"https:\/\/canequin.com.br\/sites\/altipisos\/reforma-da-quadra-a-sua-escola-esta-preparada\/","title":{"rendered":"Reforma da quadra: a sua escola est\u00e1 preparada?"},"content":{"rendered":"\n<p>Toda escola merece uma quadra de qualidade para a pr\u00e1tica de exerc\u00edcios f\u00edsicos das crian\u00e7as e adolescentes. A presen\u00e7a de esportes no ambiente escolar combate o sedentarismo e facilita a intera\u00e7\u00e3o entre os alunos, entre outros benef\u00edcios. Mas, para garantir que isto seja feito com seguran\u00e7a, pode ser necess\u00e1rio a reforma da quadra.<\/p>\n\n\n\n<p>Uma quadra de qualidade \u00e9 essencial para garantir os benef\u00edcios da sua presen\u00e7a em escolas. E muitos pais acabam definindo matr\u00edculas quando notam que a escola tem uma \u00e1rea para brincar e jogar de qualidade. Afinal, que crian\u00e7a gosta de brincar em um local sujo e quebrado, n\u00e9? Neste texto, vamos te dizer se \u00e9 necess\u00e1rio a reforma da quadra na sua escola e como realiz\u00e1-la com sucesso. Boa leitura!<\/p>\n\n\n\n<p><\/p>\n\n\n\n<h2 class=\"wp-block-heading\">Reforma da quadra: saiba se sua escola precisa<\/h2>\n\n\n\n<p><\/p>\n\n\n\n<h3 class=\"wp-block-heading\">A quadra est\u00e1 com desn\u00edvel?<\/h3>\n\n\n\n<p>A reforma da quadra que possui desn\u00edvel \u00e9 mais do que necess\u00e1ria! Os desn\u00edveis na quadra causam ac\u00famulo de \u00e1gua em dias de chuva, impedindo seu uso. Al\u00e9m de impedir que a quadra seja utilizada, mesmo quando a chuva j\u00e1 passou, desn\u00edveis na quadra atrapalham o uso em geral.<\/p>\n\n\n\n<p>Estes desn\u00edveis podem causar quedas, interferindo na seguran\u00e7a das crian\u00e7as. Portanto, se a quadra da sua escola possui desn\u00edveis, considere reform\u00e1-la o quanto antes. Para resolver este problema, \u00e9 preciso de um novo revestimento em toda a quadra.<\/p>\n\n\n\n<h3 class=\"wp-block-heading\">Como est\u00e1 o piso?<\/h3>\n\n\n\n<p>Falando em piso, \u00e9 ele que comp\u00f5em praticamente toda a quadra. Uma quadra n\u00e3o existe sem um bom revestimento. Por isso, deve sempre estar sempre nas melhores condi\u00e7\u00f5es poss\u00edveis.&nbsp;<\/p>\n\n\n\n<p>A quadra da sua escola est\u00e1 esburacada? Se sim, chegou a hora de reform\u00e1-la. Mesmo se os buracos ainda s\u00e3o rachaduras, \u00e9 poss\u00edvel evitar que elas aumentem e se tornem um grande problema.&nbsp;<\/p>\n\n\n\n<p>Mas, se a quadra est\u00e1 com o piso em condi\u00e7\u00f5es boas e mesmo assim quedas e les\u00f5es s\u00e3o frequentes, considere a troca do material. Pisos muito duros, que n\u00e3o absorvem o impacto, em qualquer m\u00ednima queda, causam les\u00f5es nos alunos. A reforma da quadra com a troca de piso com um material antiderrapante e com <a href=\"https:\/\/www.altipisos.com.br\/blog\/piso-modular-com-absorcao-de-impacto-entenda-os-beneficios\/\" target=\"_blank\" rel=\"noreferrer noopener\">amortecimento de impacto<\/a> \u00e9 o ideal.<\/p>\n\n\n\n<h3 class=\"wp-block-heading\">A pintura est\u00e1 desgastada?<\/h3>\n\n\n\n<p>Que aluno n\u00e3o gosta de praticar esportes em uma quadra novinha em folha? Uma quadra com a pintura em dia \u00e9 sempre convidativo para as crian\u00e7as a utilizarem. Se a pintura, e principalmente as demarca\u00e7\u00f5es, da quadra est\u00e3o apagadas, est\u00e1 na hora de uma renova\u00e7\u00e3o.&nbsp;<\/p>\n\n\n\n<p>N\u00e3o somente pela est\u00e9tica, mas se a quadra est\u00e1 com a pintura desgastada, em breve ter\u00e1 sua estrutura comprometida. Isto porque em quadras de concreto, por exemplo, a pintura interfere na impermeabiliza\u00e7\u00e3o \u2014 este problema n\u00e3o acontece em quadras perme\u00e1veis.<\/p>\n\n\n\n<h3 class=\"wp-block-heading\">Os equipamentos est\u00e3o em boas condi\u00e7\u00f5es?<\/h3>\n\n\n\n<p>Al\u00e9m do piso, para o funcionamento completo de uma quadra, os equipamentos esportivos s\u00e3o essenciais. Aqui, inclu\u00edmos aqueles que permitem a pr\u00e1tica de esportes mais comuns, como as traves, tabelas e redes de v\u00f4lei.<\/p>\n\n\n\n<p>A qualidade desses equipamentos impacta diretamente na <a href=\"https:\/\/www.altipisos.com.br\/blog\/seguranca-na-recreacao-infantil\/\" target=\"_blank\" rel=\"noreferrer noopener\">seguran\u00e7a das crian\u00e7as<\/a>, por isso, devem ser sempre observados. Se qualquer destes equipamento estiver com problema, est\u00e1 na hora de troc\u00e1-los.<\/p>\n\n\n\n<p><strong>Como realizar a reforma da quadra?<\/strong><\/p>\n\n\n\n<p>Para realizar a reforma da quadra da escola \u00e9 ideal que o piso seja o melhor poss\u00edvel. Para quadras escolares, um piso antiderrapante, com amortecimento de impacto e perme\u00e1vel, \u00e9 o ideal. Al\u00e9m disso, ter uma instala\u00e7\u00e3o r\u00e1pida , em at\u00e9 48 horas, e sem sujeira \u00e9 outro benef\u00edcio que voc\u00ea pode encontrar com o piso modular!<\/p>\n\n\n\n<p>Para conhecer em detalhes o piso modular da Altipisos, basta clicar <a href=\"https:\/\/www.altipisos.com.br\/produtos\/engenharia-esportiva\/piso-modular\/\" target=\"_blank\" rel=\"noreferrer noopener\">aqui<\/a> e conferir o melhor da tecnologia para quadras esportivas no mercado.\u00a0<\/p>\n\n\n\n<p><\/p>\n\n\n\n<p>E a\u00ed, a quadra da sua escola est\u00e1 preparada para receber uma reforma? Se sim, n\u00f3s podemos te ajudar! <a href=\"https:\/\/www.altipisos.com.br\/contato\/\">Entre em contato<\/a> conosco quando quiser para receber a melhor solu\u00e7\u00e3o para quadras.<\/p>\n","protected":false},"excerpt":{"rendered":"<p>Toda escola merece uma quadra de qualidade para a pr\u00e1tica de exerc\u00edcios f\u00edsicos das crian\u00e7as e adolescentes. A presen\u00e7a de esportes no ambiente escolar combate o sedentarismo e facilita a intera\u00e7\u00e3o entre os alunos, entre outros benef\u00edcios. Mas, para garantir que isto seja feito com seguran\u00e7a, pode ser necess\u00e1rio a reforma da quadra. Uma quadra [&hellip;]<\/p>\n","protected":false},"author":3,"featured_media":1563,"comment_status":"open","ping_status":"open","sticky":false,"template":"","format":"standard","meta":{"footnotes":""},"categories":[7,12],"tags":[221,16,151,91,203],"class_list":["post-1560","post","type-post","status-publish","format-standard","has-post-thumbnail","hentry","category-todos","category-reformas","tag-piso-da-quadra","tag-piso-modular","tag-quadra-escolar","tag-quadra-esportiva","tag-reforma-da-quadra"],"yoast_head":"<!-- This site is optimized with the Yoast SEO plugin v27.5 - https:\/\/yoast.com\/product\/yoast-seo-wordpress\/ -->\n<title>Reforma da quadra: a sua escola est\u00e1 preparada? - Altipisos<\/title>\n<meta name=\"description\" content=\"A sua escola est\u00e1 preparada para receber uma reforma da quadra? Saiba se chegou a hora e uma dica muito \u00fatil para fazer isto com sucesso!\" \/>\n<meta name=\"robots\" content=\"index, follow, max-snippet:-1, max-image-preview:large, max-video-preview:-1\" \/>\n<link rel=\"canonical\" href=\"https:\/\/canequin.com.br\/sites\/altipisos\/reforma-da-quadra-a-sua-escola-esta-preparada\/\" \/>\n<meta property=\"og:locale\" content=\"pt_BR\" \/>\n<meta property=\"og:type\" content=\"article\" \/>\n<meta property=\"og:title\" content=\"Reforma da quadra: a sua escola est\u00e1 preparada? - Altipisos\" \/>\n<meta property=\"og:description\" content=\"A sua escola est\u00e1 preparada para receber uma reforma da quadra? Saiba se chegou a hora e uma dica muito \u00fatil para fazer isto com sucesso!\" \/>\n<meta property=\"og:url\" content=\"https:\/\/canequin.com.br\/sites\/altipisos\/reforma-da-quadra-a-sua-escola-esta-preparada\/\" \/>\n<meta property=\"og:site_name\" content=\"Altipisos\" \/>\n<meta property=\"article:published_time\" content=\"2021-12-01T16:56:55+00:00\" \/>\n<meta property=\"og:image\" content=\"https:\/\/canequin.com.br\/sites\/altipisos\/wp-content\/uploads\/2021\/12\/WhatsApp-Image-2019-05-09-at-08.48.51.jpeg\" \/>\n\t<meta property=\"og:image:width\" content=\"1040\" \/>\n\t<meta property=\"og:image:height\" content=\"780\" \/>\n\t<meta property=\"og:image:type\" content=\"image\/jpeg\" \/>\n<meta name=\"author\" content=\"Altipisos\" \/>\n<meta name=\"twitter:card\" content=\"summary_large_image\" \/>\n<meta name=\"twitter:label1\" content=\"Escrito por\" \/>\n\t<meta name=\"twitter:data1\" content=\"Altipisos\" \/>\n\t<meta name=\"twitter:label2\" content=\"Est. tempo de leitura\" \/>\n\t<meta name=\"twitter:data2\" content=\"3 minutos\" \/>\n<script type=\"application\/ld+json\" class=\"yoast-schema-graph\">{\"@context\":\"https:\\\/\\\/schema.org\",\"@graph\":[{\"@type\":\"Article\",\"@id\":\"https:\\\/\\\/canequin.com.br\\\/sites\\\/altipisos\\\/reforma-da-quadra-a-sua-escola-esta-preparada\\\/#article\",\"isPartOf\":{\"@id\":\"https:\\\/\\\/canequin.com.br\\\/sites\\\/altipisos\\\/reforma-da-quadra-a-sua-escola-esta-preparada\\\/\"},\"author\":{\"name\":\"Altipisos\",\"@id\":\"https:\\\/\\\/canequin.com.br\\\/sites\\\/altipisos\\\/#\\\/schema\\\/person\\\/53e4967078c19153e5c78f0833af3d11\"},\"headline\":\"Reforma da quadra: a sua escola est\u00e1 preparada?\",\"datePublished\":\"2021-12-01T16:56:55+00:00\",\"mainEntityOfPage\":{\"@id\":\"https:\\\/\\\/canequin.com.br\\\/sites\\\/altipisos\\\/reforma-da-quadra-a-sua-escola-esta-preparada\\\/\"},\"wordCount\":690,\"commentCount\":0,\"image\":{\"@id\":\"https:\\\/\\\/canequin.com.br\\\/sites\\\/altipisos\\\/reforma-da-quadra-a-sua-escola-esta-preparada\\\/#primaryimage\"},\"thumbnailUrl\":\"https:\\\/\\\/canequin.com.br\\\/sites\\\/altipisos\\\/wp-content\\\/uploads\\\/2021\\\/12\\\/WhatsApp-Image-2019-05-09-at-08.48.51.jpeg\",\"keywords\":[\"piso da quadra\",\"piso modular\",\"quadra escolar\",\"quadra esportiva\",\"reforma da quadra\"],\"articleSection\":[\"Blog\",\"Reformas\"],\"inLanguage\":\"pt-BR\",\"potentialAction\":[{\"@type\":\"CommentAction\",\"name\":\"Comment\",\"target\":[\"https:\\\/\\\/canequin.com.br\\\/sites\\\/altipisos\\\/reforma-da-quadra-a-sua-escola-esta-preparada\\\/#respond\"]}]},{\"@type\":\"WebPage\",\"@id\":\"https:\\\/\\\/canequin.com.br\\\/sites\\\/altipisos\\\/reforma-da-quadra-a-sua-escola-esta-preparada\\\/\",\"url\":\"https:\\\/\\\/canequin.com.br\\\/sites\\\/altipisos\\\/reforma-da-quadra-a-sua-escola-esta-preparada\\\/\",\"name\":\"Reforma da quadra: a sua escola est\u00e1 preparada? - Altipisos\",\"isPartOf\":{\"@id\":\"https:\\\/\\\/canequin.com.br\\\/sites\\\/altipisos\\\/#website\"},\"primaryImageOfPage\":{\"@id\":\"https:\\\/\\\/canequin.com.br\\\/sites\\\/altipisos\\\/reforma-da-quadra-a-sua-escola-esta-preparada\\\/#primaryimage\"},\"image\":{\"@id\":\"https:\\\/\\\/canequin.com.br\\\/sites\\\/altipisos\\\/reforma-da-quadra-a-sua-escola-esta-preparada\\\/#primaryimage\"},\"thumbnailUrl\":\"https:\\\/\\\/canequin.com.br\\\/sites\\\/altipisos\\\/wp-content\\\/uploads\\\/2021\\\/12\\\/WhatsApp-Image-2019-05-09-at-08.48.51.jpeg\",\"datePublished\":\"2021-12-01T16:56:55+00:00\",\"author\":{\"@id\":\"https:\\\/\\\/canequin.com.br\\\/sites\\\/altipisos\\\/#\\\/schema\\\/person\\\/53e4967078c19153e5c78f0833af3d11\"},\"description\":\"A sua escola est\u00e1 preparada para receber uma reforma da quadra? Saiba se chegou a hora e uma dica muito \u00fatil para fazer isto com sucesso!\",\"breadcrumb\":{\"@id\":\"https:\\\/\\\/canequin.com.br\\\/sites\\\/altipisos\\\/reforma-da-quadra-a-sua-escola-esta-preparada\\\/#breadcrumb\"},\"inLanguage\":\"pt-BR\",\"potentialAction\":[{\"@type\":\"ReadAction\",\"target\":[\"https:\\\/\\\/canequin.com.br\\\/sites\\\/altipisos\\\/reforma-da-quadra-a-sua-escola-esta-preparada\\\/\"]}]},{\"@type\":\"ImageObject\",\"inLanguage\":\"pt-BR\",\"@id\":\"https:\\\/\\\/canequin.com.br\\\/sites\\\/altipisos\\\/reforma-da-quadra-a-sua-escola-esta-preparada\\\/#primaryimage\",\"url\":\"https:\\\/\\\/canequin.com.br\\\/sites\\\/altipisos\\\/wp-content\\\/uploads\\\/2021\\\/12\\\/WhatsApp-Image-2019-05-09-at-08.48.51.jpeg\",\"contentUrl\":\"https:\\\/\\\/canequin.com.br\\\/sites\\\/altipisos\\\/wp-content\\\/uploads\\\/2021\\\/12\\\/WhatsApp-Image-2019-05-09-at-08.48.51.jpeg\",\"width\":1040,\"height\":780,\"caption\":\"reforma da quadra\"},{\"@type\":\"BreadcrumbList\",\"@id\":\"https:\\\/\\\/canequin.com.br\\\/sites\\\/altipisos\\\/reforma-da-quadra-a-sua-escola-esta-preparada\\\/#breadcrumb\",\"itemListElement\":[{\"@type\":\"ListItem\",\"position\":1,\"name\":\"In\u00edcio\",\"item\":\"https:\\\/\\\/canequin.com.br\\\/sites\\\/altipisos\\\/\"},{\"@type\":\"ListItem\",\"position\":2,\"name\":\"Reforma da quadra: a sua escola est\u00e1 preparada?\"}]},{\"@type\":\"WebSite\",\"@id\":\"https:\\\/\\\/canequin.com.br\\\/sites\\\/altipisos\\\/#website\",\"url\":\"https:\\\/\\\/canequin.com.br\\\/sites\\\/altipisos\\\/\",\"name\":\"Altipisos\",\"description\":\"\",\"potentialAction\":[{\"@type\":\"SearchAction\",\"target\":{\"@type\":\"EntryPoint\",\"urlTemplate\":\"https:\\\/\\\/canequin.com.br\\\/sites\\\/altipisos\\\/?s={search_term_string}\"},\"query-input\":{\"@type\":\"PropertyValueSpecification\",\"valueRequired\":true,\"valueName\":\"search_term_string\"}}],\"inLanguage\":\"pt-BR\"},{\"@type\":\"Person\",\"@id\":\"https:\\\/\\\/canequin.com.br\\\/sites\\\/altipisos\\\/#\\\/schema\\\/person\\\/53e4967078c19153e5c78f0833af3d11\",\"name\":\"Altipisos\",\"url\":\"https:\\\/\\\/canequin.com.br\\\/sites\\\/altipisos\\\/author\\\/altipisos\\\/\"}]}<\/script>\n<!-- \/ Yoast SEO plugin. -->","yoast_head_json":{"title":"Reforma da quadra: a sua escola est\u00e1 preparada? - Altipisos","description":"A sua escola est\u00e1 preparada para receber uma reforma da quadra? Saiba se chegou a hora e uma dica muito \u00fatil para fazer isto com sucesso!","robots":{"index":"index","follow":"follow","max-snippet":"max-snippet:-1","max-image-preview":"max-image-preview:large","max-video-preview":"max-video-preview:-1"},"canonical":"https:\/\/canequin.com.br\/sites\/altipisos\/reforma-da-quadra-a-sua-escola-esta-preparada\/","og_locale":"pt_BR","og_type":"article","og_title":"Reforma da quadra: a sua escola est\u00e1 preparada? - Altipisos","og_description":"A sua escola est\u00e1 preparada para receber uma reforma da quadra? Saiba se chegou a hora e uma dica muito \u00fatil para fazer isto com sucesso!","og_url":"https:\/\/canequin.com.br\/sites\/altipisos\/reforma-da-quadra-a-sua-escola-esta-preparada\/","og_site_name":"Altipisos","article_published_time":"2021-12-01T16:56:55+00:00","og_image":[{"width":1040,"height":780,"url":"https:\/\/canequin.com.br\/sites\/altipisos\/wp-content\/uploads\/2021\/12\/WhatsApp-Image-2019-05-09-at-08.48.51.jpeg","type":"image\/jpeg"}],"author":"Altipisos","twitter_card":"summary_large_image","twitter_misc":{"Escrito por":"Altipisos","Est. tempo de leitura":"3 minutos"},"schema":{"@context":"https:\/\/schema.org","@graph":[{"@type":"Article","@id":"https:\/\/canequin.com.br\/sites\/altipisos\/reforma-da-quadra-a-sua-escola-esta-preparada\/#article","isPartOf":{"@id":"https:\/\/canequin.com.br\/sites\/altipisos\/reforma-da-quadra-a-sua-escola-esta-preparada\/"},"author":{"name":"Altipisos","@id":"https:\/\/canequin.com.br\/sites\/altipisos\/#\/schema\/person\/53e4967078c19153e5c78f0833af3d11"},"headline":"Reforma da quadra: a sua escola est\u00e1 preparada?","datePublished":"2021-12-01T16:56:55+00:00","mainEntityOfPage":{"@id":"https:\/\/canequin.com.br\/sites\/altipisos\/reforma-da-quadra-a-sua-escola-esta-preparada\/"},"wordCount":690,"commentCount":0,"image":{"@id":"https:\/\/canequin.com.br\/sites\/altipisos\/reforma-da-quadra-a-sua-escola-esta-preparada\/#primaryimage"},"thumbnailUrl":"https:\/\/canequin.com.br\/sites\/altipisos\/wp-content\/uploads\/2021\/12\/WhatsApp-Image-2019-05-09-at-08.48.51.jpeg","keywords":["piso da quadra","piso modular","quadra escolar","quadra esportiva","reforma da quadra"],"articleSection":["Blog","Reformas"],"inLanguage":"pt-BR","potentialAction":[{"@type":"CommentAction","name":"Comment","target":["https:\/\/canequin.com.br\/sites\/altipisos\/reforma-da-quadra-a-sua-escola-esta-preparada\/#respond"]}]},{"@type":"WebPage","@id":"https:\/\/canequin.com.br\/sites\/altipisos\/reforma-da-quadra-a-sua-escola-esta-preparada\/","url":"https:\/\/canequin.com.br\/sites\/altipisos\/reforma-da-quadra-a-sua-escola-esta-preparada\/","name":"Reforma da quadra: a sua escola est\u00e1 preparada? - Altipisos","isPartOf":{"@id":"https:\/\/canequin.com.br\/sites\/altipisos\/#website"},"primaryImageOfPage":{"@id":"https:\/\/canequin.com.br\/sites\/altipisos\/reforma-da-quadra-a-sua-escola-esta-preparada\/#primaryimage"},"image":{"@id":"https:\/\/canequin.com.br\/sites\/altipisos\/reforma-da-quadra-a-sua-escola-esta-preparada\/#primaryimage"},"thumbnailUrl":"https:\/\/canequin.com.br\/sites\/altipisos\/wp-content\/uploads\/2021\/12\/WhatsApp-Image-2019-05-09-at-08.48.51.jpeg","datePublished":"2021-12-01T16:56:55+00:00","author":{"@id":"https:\/\/canequin.com.br\/sites\/altipisos\/#\/schema\/person\/53e4967078c19153e5c78f0833af3d11"},"description":"A sua escola est\u00e1 preparada para receber uma reforma da quadra? Saiba se chegou a hora e uma dica muito \u00fatil para fazer isto com sucesso!","breadcrumb":{"@id":"https:\/\/canequin.com.br\/sites\/altipisos\/reforma-da-quadra-a-sua-escola-esta-preparada\/#breadcrumb"},"inLanguage":"pt-BR","potentialAction":[{"@type":"ReadAction","target":["https:\/\/canequin.com.br\/sites\/altipisos\/reforma-da-quadra-a-sua-escola-esta-preparada\/"]}]},{"@type":"ImageObject","inLanguage":"pt-BR","@id":"https:\/\/canequin.com.br\/sites\/altipisos\/reforma-da-quadra-a-sua-escola-esta-preparada\/#primaryimage","url":"https:\/\/canequin.com.br\/sites\/altipisos\/wp-content\/uploads\/2021\/12\/WhatsApp-Image-2019-05-09-at-08.48.51.jpeg","contentUrl":"https:\/\/canequin.com.br\/sites\/altipisos\/wp-content\/uploads\/2021\/12\/WhatsApp-Image-2019-05-09-at-08.48.51.jpeg","width":1040,"height":780,"caption":"reforma da quadra"},{"@type":"BreadcrumbList","@id":"https:\/\/canequin.com.br\/sites\/altipisos\/reforma-da-quadra-a-sua-escola-esta-preparada\/#breadcrumb","itemListElement":[{"@type":"ListItem","position":1,"name":"In\u00edcio","item":"https:\/\/canequin.com.br\/sites\/altipisos\/"},{"@type":"ListItem","position":2,"name":"Reforma da quadra: a sua escola est\u00e1 preparada?"}]},{"@type":"WebSite","@id":"https:\/\/canequin.com.br\/sites\/altipisos\/#website","url":"https:\/\/canequin.com.br\/sites\/altipisos\/","name":"Altipisos","description":"","potentialAction":[{"@type":"SearchAction","target":{"@type":"EntryPoint","urlTemplate":"https:\/\/canequin.com.br\/sites\/altipisos\/?s={search_term_string}"},"query-input":{"@type":"PropertyValueSpecification","valueRequired":true,"valueName":"search_term_string"}}],"inLanguage":"pt-BR"},{"@type":"Person","@id":"https:\/\/canequin.com.br\/sites\/altipisos\/#\/schema\/person\/53e4967078c19153e5c78f0833af3d11","name":"Altipisos","url":"https:\/\/canequin.com.br\/sites\/altipisos\/author\/altipisos\/"}]}},"lang":"pt","translations":{"pt":1560},"pll_sync_post":[],"_links":{"self":[{"href":"https:\/\/canequin.com.br\/sites\/altipisos\/wp-json\/wp\/v2\/posts\/1560","targetHints":{"allow":["GET"]}}],"collection":[{"href":"https:\/\/canequin.com.br\/sites\/altipisos\/wp-json\/wp\/v2\/posts"}],"about":[{"href":"https:\/\/canequin.com.br\/sites\/altipisos\/wp-json\/wp\/v2\/types\/post"}],"author":[{"embeddable":true,"href":"https:\/\/canequin.com.br\/sites\/altipisos\/wp-json\/wp\/v2\/users\/3"}],"replies":[{"embeddable":true,"href":"https:\/\/canequin.com.br\/sites\/altipisos\/wp-json\/wp\/v2\/comments?post=1560"}],"version-history":[{"count":0,"href":"https:\/\/canequin.com.br\/sites\/altipisos\/wp-json\/wp\/v2\/posts\/1560\/revisions"}],"wp:featuredmedia":[{"embeddable":true,"href":"https:\/\/canequin.com.br\/sites\/altipisos\/wp-json\/wp\/v2\/media\/1563"}],"wp:attachment":[{"href":"https:\/\/canequin.com.br\/sites\/altipisos\/wp-json\/wp\/v2\/media?parent=1560"}],"wp:term":[{"taxonomy":"category","embeddable":true,"href":"https:\/\/canequin.com.br\/sites\/altipisos\/wp-json\/wp\/v2\/categories?post=1560"},{"taxonomy":"post_tag","embeddable":true,"href":"https:\/\/canequin.com.br\/sites\/altipisos\/wp-json\/wp\/v2\/tags?post=1560"}],"curies":[{"name":"wp","href":"https:\/\/api.w.org\/{rel}","templated":true}]}}